{"id":97268,"date":"2025-12-22T21:50:57","date_gmt":"2025-12-23T02:50:57","guid":{"rendered":"https:\/\/www.evafm.net\/sitio\/?p=97268"},"modified":"2025-12-22T21:50:57","modified_gmt":"2025-12-23T02:50:57","slug":"jose-antonio-kast-viajara-a-ecuador-para-reunirse-con-el-presidente-noboa","status":"publish","type":"post","link":"https:\/\/www.evafm.net\/sitio\/jose-antonio-kast-viajara-a-ecuador-para-reunirse-con-el-presidente-noboa\/","title":{"rendered":"Jos\u00e9 Antonio Kast viajar\u00e1 a Ecuador para reunirse con el presidente Noboa"},"content":{"rendered":"<p>El Presidente electo,<b>\u00a0Jos\u00e9 Antonio Kast<\/b>, volar\u00e1 esta jornada a\u00a0<b>Ecuador<\/b>\u00a0para reunirse con su par\u00a0<b>Daniel Noboa<\/b>, en su segunda visita oficial a otro pa\u00eds luego de visitar la\u00a0<b>Argentina<\/b>\u00a0la semana pasada para reunirse con\u00a0<b>Javier Milei.<\/b><\/p>\n<p class=\"paragraph\" data-mrf-recirculation=\"Links inline\">Seg\u00fan trascendi\u00f3, y al igual que su viaje a la naci\u00f3n trasandina, la visita de Kast ser\u00e1 expr\u00e9s y estar\u00e1 enfocada en dos puntos:<b>\u00a0<\/b>conversar sobre la propuesta de Kast de establecer un\u00a0<b>corredor humanitario\u00a0<\/b>para migrantes y conocer de primera mano las estrategias de Ecuador para enfrentar el crimen organizado que asuela a ese pa\u00eds.<\/p>\n<div class=\"inline ad-wrapper\">\n<div class=\"dfpAd ad-inline\"><\/div>\n<\/div>\n<p class=\"paragraph\" data-mrf-recirculation=\"Links inline\">De acuerdo a\u00a0<i>La Tercera<\/i>, Kast viajar\u00e1 junto a su asesor,\u00a0<b>Cristi\u00e1n Valenzuela,\u00a0<\/b>un senador cuyo nombre no fue informado y muy probablemente tambi\u00e9n con el gobernador de\u00a0<b>Arica<\/b>\u00a0(2.000 kms al norte de Santiago),\u00a0<b>Diego Paco,\u00a0<\/b>quien ha sido cr\u00edtico de la labor del gobierno de Boric en la frontera norte.<\/p>\n<p data-mrf-recirculation=\"Links inline\">Luego de la visita a Ecuador, el mandatario electo tiene programados otros tres viajes:\u00a0<b>Estados Unidos, Espa\u00f1a y Per\u00fa.<\/b><\/p>\n<p data-mrf-recirculation=\"Links inline\"><strong>A Per\u00fa en enero.<\/strong><\/p>\n<p class=\"paragraph\" data-mrf-recirculation=\"Links inline\">Este domingo, la Canciller\u00eda peruana inform\u00f3 mediante una publicaci\u00f3n en sus redes sociales que Kast llegar\u00e1 en\u00a0<b>enero<\/b>\u00a0pr\u00f3ximo al Per\u00fa para reunirse con el presidente\u00a0<b>Jos\u00e9 Jer\u00ed<\/b>, a fin de discutir precisamente temas de\u00a0<b>migraci\u00f3n, seguridad y cooperaci\u00f3n fronteriza.<\/b><\/p>\n<p class=\"paragraph\" data-mrf-recirculation=\"Links inline\">La invitaci\u00f3n de Jer\u00ed vino tras su llamada para felicita a Kast por su triunfo en el balotaje presidencial del pasado domingo 14 de diciembre, en la que ambos coincidieron en la necesidad de conformar un\u00a0<b>Gabinete Binacional Per\u00fa\u2013Chile<\/b>\u00a0para analizar dichos temas, el que est\u00e1 previsto para\u00a0<b>abril de 2026,<\/b>\u00a0una vez el nuevo mandatario asuma su cargo el 11 de marzo.<\/p>\n<p class=\"paragraph\" data-mrf-recirculation=\"Links inline\">Cabe recordar que durante su campa\u00f1a, Kast anunci\u00f3 que expulsar\u00e1 -aunque a\u00fan no ha dicho c\u00f3mo-, a m\u00e1s de\u00a0<b>300 mil inmigrantes ilegales<\/b>\u00a0que viven en el pa\u00eds, asunto que provoc\u00f3 tensi\u00f3n en la regi\u00f3n y llev\u00f3 al gobierno peruano a establecer el\u00a0<b>estado de excepci\u00f3n<\/b>\u00a0a fines de noviembre por 60 d\u00edas en la ciudad de\u00a0<b>Tacna<\/b>\u00a0y desplegar militares en la frontera.<\/p>\n<p class=\"paragraph\" data-mrf-recirculation=\"Links inline\">A comienzos de este mes, ambos pa\u00edses comenzaron a\u00a0<b>patrullar en conjunto la frontera,<\/b>\u00a0por lo que la instauraci\u00f3n del Gabinete Binacional aparece como una instancia clave para coordinar acciones y enfrentar el constante flujo migratorio.<\/p>\n<p class=\"paragraph\" data-mrf-recirculation=\"Links inline\">Esta jornada, adem\u00e1s, el mandatario electo se reunir\u00e1 a eso del mediod\u00eda con la expresidenta\u00a0<b>Michelle Bachelet<\/b> en la oficina de \u00e9sta con el objeto de tratar temas-pa\u00eds, aunque no se inform\u00f3 si tambi\u00e9n conversar\u00e1n sobre el respaldo de la nueva administraci\u00f3n a la postulaci\u00f3n de la exjefa de Estado a la Secretar\u00eda General de la ONU.<strong>(I)<\/strong><\/p>\n<p data-mrf-recirculation=\"Links inline\"><img fetchpriority=\"high\" decoding=\"async\" class=\"global-image\" src=\"https:\/\/www.infobae.com\/resizer\/v2\/43MF4U2OMZDSVAFOR5OLLZAEJQ.jpg?auth=1319515a76054338ff0e0d73f948b3cb0479fdfca8040e2953113ed8f8e7f1b8&amp;smart=true&amp;width=350&amp;height=234&amp;quality=85\" alt=\"Chile y Per\u00fa conformar\u00e1n en\" width=\"953\" height=\"637\" \/><\/p>\n<p data-mrf-recirculation=\"Links inline\"><strong>Chile y Per\u00fa conformar\u00e1n en abril un Gabinete Binacional a fin de contener el constante flujo migratorio.<\/strong><\/p>\n<div class=\"second-saved-buttons\">\n<div class=\"body-share-note\"><strong>Fuente:<\/strong> evafm.net &#8211; infobae.com<\/div>\n<\/div>\n<div class=\"news-module\" data-mrf-recirculation=\"IL_wLyG9sjfRQKb8QO3fSLumw\" data-testid=\"text-html\" data-mrf-experience=\"IL_wLyG9sjfRQKb8QO3fSLumw\">\n<div class=\"recommended-card__image-container\"><\/div>\n<\/div>\n<div class=\"gsp_post_data\" \r\n\t            data-post_type=\"post\" \r\n\t            data-cat=\"general,noticias-internacionales\" \r\n\t            data-modified=\"120\"\r\n\t            data-created=\"1766440257\"\r\n\t            data-title=\"Jos\u00e9 Antonio Kast viajar\u00e1 a Ecuador para reunirse con el presidente Noboa\" \r\n\t            data-home=\"https:\/\/www.evafm.net\/sitio\"><\/div>","protected":false},"excerpt":{"rendered":"<p>El Presidente electo,\u00a0Jos\u00e9 Antonio Kast, volar\u00e1 esta jornada a\u00a0Ecuador\u00a0para reunirse con su par\u00a0Daniel Noboa, en su segunda visita oficial a otro pa\u00eds luego de visitar la\u00a0Argentina\u00a0la semana pasada para reunirse con\u00a0Javier Milei. Seg\u00fan trascendi\u00f3, y al igual que su viaje a la naci\u00f3n trasandina, la visita de Kast ser\u00e1 expr\u00e9s y estar\u00e1 enfocada en dos&#8230;<\/p>\n","protected":false},"author":5,"featured_media":97310,"comment_status":"closed","ping_status":"open","sticky":false,"template":"","format":"standard","meta":{"_joinchat":[],"footnotes":""},"categories":[1720,1345],"tags":[],"class_list":["post-97268","post","type-post","status-publish","format-standard","has-post-thumbnail","hentry","category-general","category-noticias-internacionales","have-post-thumb"],"_links":{"self":[{"href":"https:\/\/www.evafm.net\/sitio\/wp-json\/wp\/v2\/posts\/97268","targetHints":{"allow":["GET"]}}],"collection":[{"href":"https:\/\/www.evafm.net\/sitio\/wp-json\/wp\/v2\/posts"}],"about":[{"href":"https:\/\/www.evafm.net\/sitio\/wp-json\/wp\/v2\/types\/post"}],"author":[{"embeddable":true,"href":"https:\/\/www.evafm.net\/sitio\/wp-json\/wp\/v2\/users\/5"}],"replies":[{"embeddable":true,"href":"https:\/\/www.evafm.net\/sitio\/wp-json\/wp\/v2\/comments?post=97268"}],"version-history":[{"count":1,"href":"https:\/\/www.evafm.net\/sitio\/wp-json\/wp\/v2\/posts\/97268\/revisions"}],"predecessor-version":[{"id":97311,"href":"https:\/\/www.evafm.net\/sitio\/wp-json\/wp\/v2\/posts\/97268\/revisions\/97311"}],"wp:featuredmedia":[{"embeddable":true,"href":"https:\/\/www.evafm.net\/sitio\/wp-json\/wp\/v2\/media\/97310"}],"wp:attachment":[{"href":"https:\/\/www.evafm.net\/sitio\/wp-json\/wp\/v2\/media?parent=97268"}],"wp:term":[{"taxonomy":"category","embeddable":true,"href":"https:\/\/www.evafm.net\/sitio\/wp-json\/wp\/v2\/categories?post=97268"},{"taxonomy":"post_tag","embeddable":true,"href":"https:\/\/www.evafm.net\/sitio\/wp-json\/wp\/v2\/tags?post=97268"}],"curies":[{"name":"wp","href":"https:\/\/api.w.org\/{rel}","templated":true}]}}