{"id":97269,"date":"2025-12-22T21:55:29","date_gmt":"2025-12-23T02:55:29","guid":{"rendered":"https:\/\/www.evafm.net\/sitio\/?p=97269"},"modified":"2025-12-22T21:55:29","modified_gmt":"2025-12-23T02:55:29","slug":"asi-quedo-la-tabla-de-posiciones-del-hexagonal-final-de-la-ligapro-tras-la-fecha-10","status":"publish","type":"post","link":"https:\/\/www.evafm.net\/sitio\/asi-quedo-la-tabla-de-posiciones-del-hexagonal-final-de-la-ligapro-tras-la-fecha-10\/","title":{"rendered":"As\u00ed qued\u00f3 la tabla de posiciones del hexagonal final de la LigaPro, tras la fecha 10"},"content":{"rendered":"<p>Este domingo 21 de diciembre se<b>\u00a0termin\u00f3 la\u00a0<a href=\"https:\/\/www.ecuavisa.com\/metadatos\/-\/meta\/ligapro\" target=\"_blank\" rel=\"noopener noreferrer\" data-mrf-link=\"https:\/\/www.ecuavisa.com\/metadatos\/-\/meta\/ligapro\">LigaPro<\/a>\u00a02025 con los partidos restantes<\/b> del hexagonal final para definir las posiciones de los equipos en la competici\u00f3n.<\/p>\n<p><strong>Independiente del Valle<\/strong> lleg\u00f3 a la fecha como campe\u00f3n, pero\u00a0<b>Barcelona SC necesitaba un triunfo<\/b>\u00a0para clasificar a la fase de grupos de la Copa Libertadores.<\/p>\n<p>Sin embargo, los rayados fueron superiores y se\u00a0<b>quedaron con la\u00a0<a href=\"https:\/\/www.ecuavisa.com\/deportes\/futbol-nacional\/envivo-independiente-del-valle-vs-barcelona-sc-resultado-fecha10-hexagonal-final-ligapro-HN10590654\" target=\"_blank\" rel=\"noopener noreferrer\" data-mrf-link=\"https:\/\/www.ecuavisa.com\/deportes\/futbol-nacional\/envivo-independiente-del-valle-vs-barcelona-sc-resultado-fecha10-hexagonal-final-ligapro-HN10590654\">victoria 1-0 sobre los toreros<\/a>,\u00a0<\/b>por lo que Barcelona se ubic\u00f3 en el tercer lugar de la tabla.<\/p>\n<p>En el estadio <strong>Rodrigo Paz Delgado,<\/strong> Liga de Quito hizo lo necesario y se\u00a0<a href=\"https:\/\/www.ecuavisa.com\/deportes\/futbol-nacional\/envivo-liga-de-quito-vs-universidad-catolica-resultado-fecha-10-ligapro-DN10590571\" target=\"_blank\" rel=\"noopener noreferrer\" data-mrf-link=\"https:\/\/www.ecuavisa.com\/deportes\/futbol-nacional\/envivo-liga-de-quito-vs-universidad-catolica-resultado-fecha-10-ligapro-DN10590571\">impuso<strong> 2-0 a la Universidad Cat\u00f3lica<\/strong><\/a>, tras dos goles de<strong> Michael Estrada.<\/strong><\/p>\n<p>Por el marcador, los albos se quedaron con el vicecampeonato y con el\u00a0<b>cupo que clasifica a la fase de grupos de la Copa Libertadores<\/b>.<\/p>\n<p>Independiente del Valle, l\u00edder con<strong> 82<\/strong>; segundo, Liga de Quito con<strong> 69;<\/strong> tercero, Barcelona SC con <strong>67<\/strong>; cuarto, Universidad Cat\u00f3lica con <strong>58<\/strong>; quinto, Orense con <strong>58<\/strong><\/p>\n<p>y sexto, Libertad con <strong>56.<\/strong><\/p>\n<p><strong>As\u00ed qued\u00f3 la tabla de posiciones del hexagonal final de la LigaPro.<\/strong><\/p>\n<div id=\"page-postot-tour8107-menu\" class=\"collapse navbar-collapse bg-color02 row\">\n<ul id=\"menu-modulos\" class=\"nav navbar-nav first-level bg-color02 col-12 list-group list-group-horizontal bg-secondary flex-colum flex-sm-row\">\n<li class=\"\" data-toggle=\"mc-multilevelMenu\"><a class=\"parent\" href=\"https:\/\/estadisticas.ecuavisa.com\/sites\/services\/datafactory\/html\/v3\/minapp\/modules\/futbol\/page\/page.html?channel=deportes.futbol.ecuador&amp;lang=es_LA&amp;page=posiciones#\" rel=\"n1\">Fase Inicial<\/a><\/li>\n<li class=\"active\" data-toggle=\"mc-multilevelMenu\"><a class=\"parent\" href=\"https:\/\/estadisticas.ecuavisa.com\/sites\/services\/datafactory\/html\/v3\/minapp\/modules\/futbol\/page\/page.html?channel=deportes.futbol.ecuador&amp;lang=es_LA&amp;page=posiciones#\" rel=\"n2\">Fase Final I<\/a><\/li>\n<li class=\"\" data-toggle=\"mc-multilevelMenu\"><a class=\"parent\" href=\"https:\/\/estadisticas.ecuavisa.com\/sites\/services\/datafactory\/html\/v3\/minapp\/modules\/futbol\/page\/page.html?channel=deportes.futbol.ecuador&amp;lang=es_LA&amp;page=posiciones#\" rel=\"n3\">Fase Final II<\/a><\/li>\n<li class=\"\" data-toggle=\"mc-multilevelMenu\"><a class=\"parent\" href=\"https:\/\/estadisticas.ecuavisa.com\/sites\/services\/datafactory\/html\/v3\/minapp\/modules\/futbol\/page\/page.html?channel=deportes.futbol.ecuador&amp;lang=es_LA&amp;page=posiciones#\" rel=\"n4\">Grupo Descenso<\/a><\/li>\n<li class=\"\" data-toggle=\"mc-multilevelMenu\"><a class=\"parent\" href=\"https:\/\/estadisticas.ecuavisa.com\/sites\/services\/datafactory\/html\/v3\/minapp\/modules\/futbol\/page\/page.html?channel=deportes.futbol.ecuador&amp;lang=es_LA&amp;page=posiciones#\" rel=\"n5\">Acumulada<\/a><\/li>\n<\/ul>\n<\/div>\n<p>&nbsp;<\/p>\n<table id=\"pos_n2\" class=\"tabla_fase table table-sm bg-default font-weight-bold text-center\"><\/table>\n<table id=\"pos_n2\" class=\"tabla_fase table table-sm bg-default font-weight-bold text-center\">\n<thead data-nivel=\"2\" data-orden=\"1\">\n<tr class=\"bg-color02\">\n<th>N\u00ba<\/th>\n<th class=\"escudo\"><\/th>\n<th class=\"text-center\">Equipo<\/th>\n<th>Pts.<\/th>\n<th class=\"d-none d-sm-table-cell\">Pj<\/th>\n<th class=\"d-none d-sm-table-cell\">Pg<\/th>\n<th class=\"d-none d-sm-table-cell\">Pe<\/th>\n<th class=\"d-none d-sm-table-cell\">Pp<\/th>\n<th class=\"d-none d-sm-table-cell\">Gf<\/th>\n<th class=\"d-none d-sm-table-cell\">Gc<\/th>\n<th class=\"d-none d-sm-table-cell\">Df<\/th>\n<\/tr>\n<\/thead>\n<tbody>\n<tr class=\"linea e_980\">\n<td class=\"pos border-left-\">1<\/td>\n<td class=\"escudo\"><img decoding=\"async\" src=\"https:\/\/1287719000.rsc.cdn77.org\/escudos_ch\/980.gif\" alt=\"Independiente del Valle\" \/><\/td>\n<td class=\"team text-left\">Independiente del Valle<\/td>\n<td class=\"puntos destacado\"><span class=\"badge badge-primary rounded-circle\">82<\/span><\/td>\n<td class=\"d-none d-sm-table-cell\">\n<div class=\"border-left border-right border-primary\">40<\/div>\n<\/td>\n<td class=\"d-none d-sm-table-cell\">\n<div class=\"border-right border-primary\">23<\/div>\n<\/td>\n<td class=\"d-none d-sm-table-cell\">\n<div class=\"border-right border-primary\">13<\/div>\n<\/td>\n<td class=\"d-none d-sm-table-cell\">\n<div class=\"border-right border-primary\">4<\/div>\n<\/td>\n<td class=\"d-none d-sm-table-cell\">\n<div class=\"border-right border-primary\">67<\/div>\n<\/td>\n<td class=\"d-none d-sm-table-cell\">\n<div class=\"border-right border-primary\">30<\/div>\n<\/td>\n<td class=\"d-none d-sm-table-cell\">37<\/td>\n<\/tr>\n<tr class=\"linea e_71\">\n<td class=\"pos border-left-\">2<\/td>\n<td class=\"escudo\"><img decoding=\"async\" src=\"https:\/\/1287719000.rsc.cdn77.org\/escudos_ch\/71.gif\" alt=\"Liga de Quito\" \/><\/td>\n<td class=\"team text-left\">Liga de Quito<\/td>\n<td class=\"puntos destacado\"><span class=\"badge badge-primary rounded-circle\">69<\/span><\/td>\n<td class=\"d-none d-sm-table-cell\">\n<div class=\"border-left border-right border-primary\">40<\/div>\n<\/td>\n<td class=\"d-none d-sm-table-cell\">\n<div class=\"border-right border-primary\">19<\/div>\n<\/td>\n<td class=\"d-none d-sm-table-cell\">\n<div class=\"border-right border-primary\">12<\/div>\n<\/td>\n<td class=\"d-none d-sm-table-cell\">\n<div class=\"border-right border-primary\">9<\/div>\n<\/td>\n<td class=\"d-none d-sm-table-cell\">\n<div class=\"border-right border-primary\">68<\/div>\n<\/td>\n<td class=\"d-none d-sm-table-cell\">\n<div class=\"border-right border-primary\">41<\/div>\n<\/td>\n<td class=\"d-none d-sm-table-cell\">27<\/td>\n<\/tr>\n<tr class=\"linea e_217\">\n<td class=\"pos border-left-\">3<\/td>\n<td class=\"escudo\"><img decoding=\"async\" src=\"https:\/\/1287719000.rsc.cdn77.org\/escudos_ch\/217.gif\" alt=\"Barcelona\" \/><\/td>\n<td class=\"team text-left\">Barcelona<\/td>\n<td class=\"puntos destacado\"><span class=\"badge badge-primary rounded-circle\">67<\/span><\/td>\n<td class=\"d-none d-sm-table-cell\">\n<div class=\"border-left border-right border-primary\">40<\/div>\n<\/td>\n<td class=\"d-none d-sm-table-cell\">\n<div class=\"border-right border-primary\">19<\/div>\n<\/td>\n<td class=\"d-none d-sm-table-cell\">\n<div class=\"border-right border-primary\">10<\/div>\n<\/td>\n<td class=\"d-none d-sm-table-cell\">\n<div class=\"border-right border-primary\">11<\/div>\n<\/td>\n<td class=\"d-none d-sm-table-cell\">\n<div class=\"border-right border-primary\">56<\/div>\n<\/td>\n<td class=\"d-none d-sm-table-cell\">\n<div class=\"border-right border-primary\">47<\/div>\n<\/td>\n<td class=\"d-none d-sm-table-cell\">9<\/td>\n<\/tr>\n<tr class=\"linea e_894\">\n<td class=\"pos border-left-\">4<\/td>\n<td class=\"escudo\"><img decoding=\"async\" src=\"https:\/\/1287719000.rsc.cdn77.org\/escudos_ch\/894.gif\" alt=\"U. Cat\u00f3lica (E)\" \/><\/td>\n<td class=\"team text-left\">U. Cat\u00f3lica (E)<\/td>\n<td class=\"puntos destacado\"><span class=\"badge badge-primary rounded-circle\">58<\/span><\/td>\n<td class=\"d-none d-sm-table-cell\">\n<div class=\"border-left border-right border-primary\">40<\/div>\n<\/td>\n<td class=\"d-none d-sm-table-cell\">\n<div class=\"border-right border-primary\">14<\/div>\n<\/td>\n<td class=\"d-none d-sm-table-cell\">\n<div class=\"border-right border-primary\">16<\/div>\n<\/td>\n<td class=\"d-none d-sm-table-cell\">\n<div class=\"border-right border-primary\">10<\/div>\n<\/td>\n<td class=\"d-none d-sm-table-cell\">\n<div class=\"border-right border-primary\">67<\/div>\n<\/td>\n<td class=\"d-none d-sm-table-cell\">\n<div class=\"border-right border-primary\">50<\/div>\n<\/td>\n<td class=\"d-none d-sm-table-cell\">17<\/td>\n<\/tr>\n<tr class=\"linea e_7550\">\n<td class=\"pos border-left-\">5<\/td>\n<td class=\"escudo\"><img decoding=\"async\" src=\"https:\/\/1287719000.rsc.cdn77.org\/escudos_ch\/7550.gif\" alt=\"Orense\" \/><\/td>\n<td class=\"team text-left\">Orense<\/td>\n<td class=\"puntos destacado\"><span class=\"badge badge-primary rounded-circle\">58<\/span><\/td>\n<td class=\"d-none d-sm-table-cell\">\n<div class=\"border-left border-right border-primary\">40<\/div>\n<\/td>\n<td class=\"d-none d-sm-table-cell\">\n<div class=\"border-right border-primary\">16<\/div>\n<\/td>\n<td class=\"d-none d-sm-table-cell\">\n<div class=\"border-right border-primary\">10<\/div>\n<\/td>\n<td class=\"d-none d-sm-table-cell\">\n<div class=\"border-right border-primary\">14<\/div>\n<\/td>\n<td class=\"d-none d-sm-table-cell\">\n<div class=\"border-right border-primary\">44<\/div>\n<\/td>\n<td class=\"d-none d-sm-table-cell\">\n<div class=\"border-right border-primary\">48<\/div>\n<\/td>\n<td class=\"d-none d-sm-table-cell\">-4<\/td>\n<\/tr>\n<tr class=\"linea e_10743\">\n<td class=\"pos border-left-\">6<\/td>\n<td class=\"escudo\"><img decoding=\"async\" src=\"https:\/\/1287719000.rsc.cdn77.org\/escudos_ch\/10743.gif\" alt=\"Libertad\" \/><\/td>\n<td class=\"team text-left\">Libertad<\/td>\n<td class=\"puntos destacado\"><span class=\"badge badge-primary rounded-circle\">56<\/span><\/td>\n<td class=\"d-none d-sm-table-cell\">\n<div class=\"border-left border-right border-primary\">40<\/div>\n<\/td>\n<td class=\"d-none d-sm-table-cell\">\n<div class=\"border-right border-primary\">14<\/div>\n<\/td>\n<td class=\"d-none d-sm-table-cell\">\n<div class=\"border-right border-primary\">14<\/div>\n<\/td>\n<td class=\"d-none d-sm-table-cell\">\n<div class=\"border-right border-primary\">12<\/div>\n<\/td>\n<td class=\"d-none d-sm-table-cell\">\n<div class=\"border-right border-primary\">54<\/div>\n<\/td>\n<td class=\"d-none d-sm-table-cell\">\n<div class=\"border-right border-primary\">51<\/div>\n<\/td>\n<td class=\"d-none d-sm-table-cell\"><\/td>\n<\/tr>\n<\/tbody>\n<\/table>\n<p>&nbsp;<\/p>\n<p><strong>Fuente<\/strong>: evafm.net &#8211; ecuavisa.com<\/p>\n<p>&nbsp;<\/p>\n<p>&nbsp;<\/p>\n<div class=\"gsp_post_data\" \r\n\t            data-post_type=\"post\" \r\n\t            data-cat=\"deportes-ecuador,general\" \r\n\t            data-modified=\"120\"\r\n\t            data-created=\"1766440529\"\r\n\t            data-title=\"As\u00ed qued\u00f3 la tabla de posiciones del hexagonal final de la LigaPro, tras la fecha 10\" \r\n\t            data-home=\"https:\/\/www.evafm.net\/sitio\"><\/div>","protected":false},"excerpt":{"rendered":"<p>Este domingo 21 de diciembre se\u00a0termin\u00f3 la\u00a0LigaPro\u00a02025 con los partidos restantes del hexagonal final para definir las posiciones de los equipos en la competici\u00f3n. Independiente del Valle lleg\u00f3 a la fecha como campe\u00f3n, pero\u00a0Barcelona SC necesitaba un triunfo\u00a0para clasificar a la fase de grupos de la Copa Libertadores. Sin embargo, los rayados fueron superiores y&#8230;<\/p>\n","protected":false},"author":5,"featured_media":97312,"comment_status":"closed","ping_status":"open","sticky":false,"template":"","format":"standard","meta":{"_joinchat":[],"footnotes":""},"categories":[1557,1720],"tags":[],"class_list":["post-97269","post","type-post","status-publish","format-standard","has-post-thumbnail","hentry","category-deportes-ecuador","category-general","have-post-thumb"],"_links":{"self":[{"href":"https:\/\/www.evafm.net\/sitio\/wp-json\/wp\/v2\/posts\/97269","targetHints":{"allow":["GET"]}}],"collection":[{"href":"https:\/\/www.evafm.net\/sitio\/wp-json\/wp\/v2\/posts"}],"about":[{"href":"https:\/\/www.evafm.net\/sitio\/wp-json\/wp\/v2\/types\/post"}],"author":[{"embeddable":true,"href":"https:\/\/www.evafm.net\/sitio\/wp-json\/wp\/v2\/users\/5"}],"replies":[{"embeddable":true,"href":"https:\/\/www.evafm.net\/sitio\/wp-json\/wp\/v2\/comments?post=97269"}],"version-history":[{"count":1,"href":"https:\/\/www.evafm.net\/sitio\/wp-json\/wp\/v2\/posts\/97269\/revisions"}],"predecessor-version":[{"id":97313,"href":"https:\/\/www.evafm.net\/sitio\/wp-json\/wp\/v2\/posts\/97269\/revisions\/97313"}],"wp:featuredmedia":[{"embeddable":true,"href":"https:\/\/www.evafm.net\/sitio\/wp-json\/wp\/v2\/media\/97312"}],"wp:attachment":[{"href":"https:\/\/www.evafm.net\/sitio\/wp-json\/wp\/v2\/media?parent=97269"}],"wp:term":[{"taxonomy":"category","embeddable":true,"href":"https:\/\/www.evafm.net\/sitio\/wp-json\/wp\/v2\/categories?post=97269"},{"taxonomy":"post_tag","embeddable":true,"href":"https:\/\/www.evafm.net\/sitio\/wp-json\/wp\/v2\/tags?post=97269"}],"curies":[{"name":"wp","href":"https:\/\/api.w.org\/{rel}","templated":true}]}}