{"id":97270,"date":"2025-12-22T22:04:38","date_gmt":"2025-12-23T03:04:38","guid":{"rendered":"https:\/\/www.evafm.net\/sitio\/?p=97270"},"modified":"2025-12-22T22:04:38","modified_gmt":"2025-12-23T03:04:38","slug":"bayern-munich-llego-a-un-acuerdo-con-aucas-para-fichar-a-virgilio-olaya","status":"publish","type":"post","link":"https:\/\/www.evafm.net\/sitio\/bayern-munich-llego-a-un-acuerdo-con-aucas-para-fichar-a-virgilio-olaya\/","title":{"rendered":"Bayern Munich lleg\u00f3 a un acuerdo con Aucas para fichar a Virgilio Olaya"},"content":{"rendered":"<p><strong>Virgilio Olaya<\/strong> ser\u00e1 el pr\u00f3ximo ecuatoriano en jugar en una de las grandes ligas de Europa para el 2026, despu\u00e9s de que el\u00a0<b><a href=\"https:\/\/www.ecuavisa.com\/metadatos\/-\/meta\/bayern-munich\" target=\"_blank\" rel=\"noopener noreferrer\" data-mrf-link=\"https:\/\/www.ecuavisa.com\/metadatos\/-\/meta\/bayern-munich\">Bayern Munich<\/a>\u00a0lleg\u00f3 a un acuerdo para su fichaje.<\/b><\/p>\n<p>El defensor ecuatoriano lleva en el radar del conjunto alem\u00e1n en las \u00faltimas semanas, pero todo est\u00e1 cerca de oficializarse, despu\u00e9s de que\u00a0<b>el Bayern consigui\u00f3 negociar su <\/b><\/p>\n<p><b>traspaso con el Aucas<\/b>.<\/p>\n<p>Seg\u00fan informaci\u00f3n del periodista Fabrizio Romano,\u00a0<b><a href=\"https:\/\/www.ecuavisa.com\/deportes\/futbol-internacional\/virgilio-olaya-juvenil-aucas-nuevo-fichaje-bayern-munich-2026-EF10515670\" target=\"_blank\" rel=\"noopener noreferrer\" data-mrf-link=\"https:\/\/www.ecuavisa.com\/deportes\/futbol-internacional\/virgilio-olaya-juvenil-aucas-nuevo-fichaje-bayern-munich-2026-EF10515670\">Olaya va a firmar un contrato por 4.5 a\u00f1os con los alemanes<\/a>.<\/b><\/p>\n<p>El acuerdo tendr\u00e1 validez desde febrero del <strong>2026.<\/strong><\/p>\n<p>Ahora, el\u00a0<b>Munich busca un equipo para ceder al ecuatoriano,<\/b>\u00a0pues por las reglas de las categor\u00edas formativas, el defensor no puede jugar con el equipo juvenil en el <strong>2026.<\/strong><\/p>\n<p>Desde el departamento de scouting del Bayern\u00a0<b>consideran que Olaya es una de las mejores promesas de Ecuador<\/b>, incluso\u00a0<a href=\"https:\/\/www.ecuavisa.com\/deportes\/futbol-internacional\/bayern-munich-considera-virgilio-olaya-nuevo-piero-hincapie-ficharlo-aucas-LH10538416\" target=\"_blank\" rel=\"noopener noreferrer\" data-mrf-link=\"https:\/\/www.ecuavisa.com\/deportes\/futbol-internacional\/bayern-munich-considera-virgilio-olaya-nuevo-piero-hincapie-ficharlo-aucas-LH10538416\">lo ven como el siguiente <strong>Piero Hincapi\u00e9<\/strong><\/a><strong>.<\/strong><\/p>\n<p>Uno de los favoritos para conseguir la<b>\u00a0cesi\u00f3n de Virgilio es el Grasshopper Club Z\u00fcric<\/b>h, pero el pr\u00e9stamo se har\u00e1 realidad en junio del pr\u00f3ximo a\u00f1o.<\/p>\n<p>Desde su debut en el 2024, el\u00a0<b>futbolista de 17 a\u00f1os acumula siete partidos jugados<\/b> con el Aucas y 12 encuentros con las selecciones juveniles de Ecuador.<strong> (D)<\/strong><\/p>\n<p><strong>Fuente:<\/strong> evafm.net &#8211;\u00a0 ecuavisa.com<\/p>\n<p>&nbsp;<\/p>\n<div class=\"gsp_post_data\" \r\n\t            data-post_type=\"post\" \r\n\t            data-cat=\"deportes-internacionales,general\" \r\n\t            data-modified=\"120\"\r\n\t            data-created=\"1766441078\"\r\n\t            data-title=\"Bayern Munich lleg\u00f3 a un acuerdo con Aucas para fichar a Virgilio Olaya\" \r\n\t            data-home=\"https:\/\/www.evafm.net\/sitio\"><\/div>","protected":false},"excerpt":{"rendered":"<p>Virgilio Olaya ser\u00e1 el pr\u00f3ximo ecuatoriano en jugar en una de las grandes ligas de Europa para el 2026, despu\u00e9s de que el\u00a0Bayern Munich\u00a0lleg\u00f3 a un acuerdo para su fichaje. El defensor ecuatoriano lleva en el radar del conjunto alem\u00e1n en las \u00faltimas semanas, pero todo est\u00e1 cerca de oficializarse, despu\u00e9s de que\u00a0el Bayern consigui\u00f3&#8230;<\/p>\n","protected":false},"author":5,"featured_media":97314,"comment_status":"closed","ping_status":"open","sticky":false,"template":"","format":"standard","meta":{"_joinchat":[],"footnotes":""},"categories":[1342,1720],"tags":[],"class_list":["post-97270","post","type-post","status-publish","format-standard","has-post-thumbnail","hentry","category-deportes-internacionales","category-general","have-post-thumb"],"_links":{"self":[{"href":"https:\/\/www.evafm.net\/sitio\/wp-json\/wp\/v2\/posts\/97270","targetHints":{"allow":["GET"]}}],"collection":[{"href":"https:\/\/www.evafm.net\/sitio\/wp-json\/wp\/v2\/posts"}],"about":[{"href":"https:\/\/www.evafm.net\/sitio\/wp-json\/wp\/v2\/types\/post"}],"author":[{"embeddable":true,"href":"https:\/\/www.evafm.net\/sitio\/wp-json\/wp\/v2\/users\/5"}],"replies":[{"embeddable":true,"href":"https:\/\/www.evafm.net\/sitio\/wp-json\/wp\/v2\/comments?post=97270"}],"version-history":[{"count":1,"href":"https:\/\/www.evafm.net\/sitio\/wp-json\/wp\/v2\/posts\/97270\/revisions"}],"predecessor-version":[{"id":97315,"href":"https:\/\/www.evafm.net\/sitio\/wp-json\/wp\/v2\/posts\/97270\/revisions\/97315"}],"wp:featuredmedia":[{"embeddable":true,"href":"https:\/\/www.evafm.net\/sitio\/wp-json\/wp\/v2\/media\/97314"}],"wp:attachment":[{"href":"https:\/\/www.evafm.net\/sitio\/wp-json\/wp\/v2\/media?parent=97270"}],"wp:term":[{"taxonomy":"category","embeddable":true,"href":"https:\/\/www.evafm.net\/sitio\/wp-json\/wp\/v2\/categories?post=97270"},{"taxonomy":"post_tag","embeddable":true,"href":"https:\/\/www.evafm.net\/sitio\/wp-json\/wp\/v2\/tags?post=97270"}],"curies":[{"name":"wp","href":"https:\/\/api.w.org\/{rel}","templated":true}]}}