{"id":97318,"date":"2025-12-23T21:00:52","date_gmt":"2025-12-24T02:00:52","guid":{"rendered":"https:\/\/www.evafm.net\/sitio\/?p=97318"},"modified":"2025-12-23T21:00:52","modified_gmt":"2025-12-24T02:00:52","slug":"liga-de-quito-ya-tiene-dos-bajas-confirmadas-para-el-2026","status":"publish","type":"post","link":"https:\/\/www.evafm.net\/sitio\/liga-de-quito-ya-tiene-dos-bajas-confirmadas-para-el-2026\/","title":{"rendered":"Liga de Quito ya tiene dos bajas confirmadas para el 2026"},"content":{"rendered":"<p><a href=\"https:\/\/www.ecuavisa.com\/metadatos\/-\/meta\/liga-de-quito\" target=\"_blank\" rel=\"noopener noreferrer\" data-mrf-link=\"https:\/\/www.ecuavisa.com\/metadatos\/-\/meta\/liga-de-quito\">Liga de Quito<\/a>\u00a0qued\u00f3 vicecampe\u00f3n de la LigaPro y fue semifinalista de la Copa Libertadores, por lo que\u00a0<b>ya empezaron a armar el plantel para el 2026<\/b>, pero tienen dos salidas confirmadas.<\/p>\n<p>Despu\u00e9s de\u00a0<a href=\"https:\/\/www.ecuavisa.com\/deportes\/futbol-nacional\/envivo-liga-de-quito-vs-universidad-catolica-resultado-fecha-10-ligapro-DN10590571\" target=\"_blank\" rel=\"noopener noreferrer\" data-mrf-link=\"https:\/\/www.ecuavisa.com\/deportes\/futbol-nacional\/envivo-liga-de-quito-vs-universidad-catolica-resultado-fecha-10-ligapro-DN10590571\">vencer 2-0 a la Universidad Cat\u00f3lica<\/a>\u00a0y clasificar a la fase de grupos de la Copa Libertadores,\u00a0<b>Tiago Nunes recibi\u00f3 la noticia de que no contar\u00e1 con dos jugadores<\/b>\u00a0para el pr\u00f3ximo a\u00f1o.<\/p>\n<p><strong>Tres jugadores de Liga de Quito acaban contrato para el 2026.<\/strong><\/p>\n<p>Uno de ellos es\u00a0<b>Carlos Gruezo, quien\u00a0<a href=\"https:\/\/www.ecuavisa.com\/deportes\/futbol-nacional\/carlos-gruezo-despedida-liga-quito-redes-sociales-mexico-BN10596564\" target=\"_blank\" rel=\"noopener noreferrer\" data-mrf-link=\"https:\/\/www.ecuavisa.com\/deportes\/futbol-nacional\/carlos-gruezo-despedida-liga-quito-redes-sociales-mexico-BN10596564\">decidi\u00f3 no renovar su contrato con los albos<\/a><\/b>\u00a0y se despidi\u00f3 de los hinchas, a pesar de que la directiva estuvo interesado en extender su contrato.<\/p>\n<div class=\"paragraph\">\n<p>En esta temporada, el\u00a0<b>volante ecuatoriano disput\u00f3 51 partidos<\/b>\u00a0con cuatro goles y tres asistencias, adem\u00e1s de recibir 20 amarillas y no tuvo expulsiones.<\/p>\n<\/div>\n<p>El\u00a0<b>otro futbolista que no seguir\u00e1 en Liga de Quito es Lautaro Pastr\u00e1n<\/b>, despu\u00e9s de que los albos no extendieron el pr\u00e9stamo del futbolista y contaba con una opci\u00f3n de compra muy elevada para el club.<\/p>\n<p>&nbsp;<\/p>\n<p>Por su lado, el<b>\u00a0jugador chileno anot\u00f3 tres goles y registr\u00f3 tres pases<\/b>\u00a0en <strong>48 partidos jugados<\/strong>, pero m\u00e1s de la mitad sali\u00f3 desde el banco de suplentes.<\/p>\n<p>Finalmente, el tercer jugador que\u00a0<b>terminar\u00e1 su contrato es Alejandro Cabeza,\u00a0<\/b>pero la directiva alba a\u00fan no est\u00e1 en conversaciones para una extensi\u00f3n.<\/p>\n<p>Otros de los jugadores que analiza\u00a0<b>salir del\u00a0<a href=\"https:\/\/www.ecuavisa.com\/deportes\/futbol-nacional\/alexander-dominguez-arquero-liga-quito-aucas-fichajes-ligapro-NN10592582\" target=\"_blank\" rel=\"noopener noreferrer\" data-mrf-link=\"https:\/\/www.ecuavisa.com\/deportes\/futbol-nacional\/alexander-dominguez-arquero-liga-quito-aucas-fichajes-ligapro-NN10592582\">cuadro quite\u00f1o es Alexander Dom\u00ednguez<\/a><\/b>, tras el inter\u00e9s del Aucas para su traspaso.<strong>(D)<\/strong><\/p>\n<p>&nbsp;<\/p>\n<p><strong>Fuente:<\/strong> evafm.net &#8211; ecuavisa.com<\/p>\n<div class=\"multimediaMacroWrapper\">\n<div class=\"contentMedia art-img\">\n<figure class=\"cutlineShow\">\n<div><\/div>\n<\/figure>\n<\/div>\n<\/div>\n<div class=\"gsp_post_data\" \r\n\t            data-post_type=\"post\" \r\n\t            data-cat=\"deportes-ecuador,general\" \r\n\t            data-modified=\"120\"\r\n\t            data-created=\"1766523652\"\r\n\t            data-title=\"Liga de Quito ya tiene dos bajas confirmadas para el 2026\" \r\n\t            data-home=\"https:\/\/www.evafm.net\/sitio\"><\/div>","protected":false},"excerpt":{"rendered":"<p>Liga de Quito\u00a0qued\u00f3 vicecampe\u00f3n de la LigaPro y fue semifinalista de la Copa Libertadores, por lo que\u00a0ya empezaron a armar el plantel para el 2026, pero tienen dos salidas confirmadas. Despu\u00e9s de\u00a0vencer 2-0 a la Universidad Cat\u00f3lica\u00a0y clasificar a la fase de grupos de la Copa Libertadores,\u00a0Tiago Nunes recibi\u00f3 la noticia de que no contar\u00e1&#8230;<\/p>\n","protected":false},"author":5,"featured_media":97363,"comment_status":"closed","ping_status":"open","sticky":false,"template":"","format":"standard","meta":{"_joinchat":[],"footnotes":""},"categories":[1557,1720],"tags":[],"class_list":["post-97318","post","type-post","status-publish","format-standard","has-post-thumbnail","hentry","category-deportes-ecuador","category-general","have-post-thumb"],"_links":{"self":[{"href":"https:\/\/www.evafm.net\/sitio\/wp-json\/wp\/v2\/posts\/97318","targetHints":{"allow":["GET"]}}],"collection":[{"href":"https:\/\/www.evafm.net\/sitio\/wp-json\/wp\/v2\/posts"}],"about":[{"href":"https:\/\/www.evafm.net\/sitio\/wp-json\/wp\/v2\/types\/post"}],"author":[{"embeddable":true,"href":"https:\/\/www.evafm.net\/sitio\/wp-json\/wp\/v2\/users\/5"}],"replies":[{"embeddable":true,"href":"https:\/\/www.evafm.net\/sitio\/wp-json\/wp\/v2\/comments?post=97318"}],"version-history":[{"count":1,"href":"https:\/\/www.evafm.net\/sitio\/wp-json\/wp\/v2\/posts\/97318\/revisions"}],"predecessor-version":[{"id":97364,"href":"https:\/\/www.evafm.net\/sitio\/wp-json\/wp\/v2\/posts\/97318\/revisions\/97364"}],"wp:featuredmedia":[{"embeddable":true,"href":"https:\/\/www.evafm.net\/sitio\/wp-json\/wp\/v2\/media\/97363"}],"wp:attachment":[{"href":"https:\/\/www.evafm.net\/sitio\/wp-json\/wp\/v2\/media?parent=97318"}],"wp:term":[{"taxonomy":"category","embeddable":true,"href":"https:\/\/www.evafm.net\/sitio\/wp-json\/wp\/v2\/categories?post=97318"},{"taxonomy":"post_tag","embeddable":true,"href":"https:\/\/www.evafm.net\/sitio\/wp-json\/wp\/v2\/tags?post=97318"}],"curies":[{"name":"wp","href":"https:\/\/api.w.org\/{rel}","templated":true}]}}