{"id":97320,"date":"2025-12-23T12:33:21","date_gmt":"2025-12-23T17:33:21","guid":{"rendered":"https:\/\/www.evafm.net\/sitio\/?p=97320"},"modified":"2025-12-23T12:37:48","modified_gmt":"2025-12-23T17:37:48","slug":"independiente-del-valle-anuncio-a-joaquin-papa-como-su-nuevo-entrenador","status":"publish","type":"post","link":"https:\/\/www.evafm.net\/sitio\/independiente-del-valle-anuncio-a-joaquin-papa-como-su-nuevo-entrenador\/","title":{"rendered":"Independiente del Valle anunci\u00f3 a Joaqu\u00edn Papa como su nuevo entrenador"},"content":{"rendered":"<p>Este martes 23 de diciembre,<b>\u00a0<a href=\"https:\/\/www.ecuavisa.com\/metadatos\/-\/meta\/independiente-del-valle\" target=\"_blank\" rel=\"noopener noreferrer\" data-mrf-link=\"https:\/\/www.ecuavisa.com\/metadatos\/-\/meta\/independiente-del-valle\">Independiente del Valle<\/a>\u00a0anunci\u00f3 a\u00a0<a href=\"https:\/\/www.ecuavisa.com\/metadatos\/-\/meta\/joaquin-papa\" target=\"_blank\" rel=\"noopener noreferrer\" data-mrf-link=\"https:\/\/www.ecuavisa.com\/metadatos\/-\/meta\/joaquin-papa\">Joaqu\u00edn Papa<\/a>\u00a0como su nuevo entrenador<\/b>\u00a0para el 2026, despu\u00e9s de la sorpresiva salida de<strong> Javier Rabanal.<\/strong><\/p>\n<p>Despu\u00e9s del \u00faltimo partido de los rayados,<b>\u00a0el estratega\u00a0<a href=\"https:\/\/www.ecuavisa.com\/deportes\/futbol-internacional\/universitario-presento-oficialmente-a-javier-rabanal-como-su-nuevo-entrenador-IN10595692\" target=\"_blank\" rel=\"noopener noreferrer\" data-mrf-link=\"https:\/\/www.ecuavisa.com\/deportes\/futbol-internacional\/universitario-presento-oficialmente-a-javier-rabanal-como-su-nuevo-entrenador-IN10595692\">espa\u00f1ol fue presentado por Universitario de Per\u00fa<\/a><\/b>; mientras que el cuadro del Valle asegur\u00f3 la llegada del uruguayo.<\/p>\n<p>\u201cEl humo blanco sale de nuestra casa:\u00a0<b>el Profesor Joaqu\u00edn Papa asume el mando.<\/b><\/p>\n<p>Un l\u00edder, un gu\u00eda y, sobre todo, la cabeza de esta gran familia\u201d, dijo Independiente en su presentaci\u00f3n.<\/p>\n<p>&nbsp;<\/p>\n<div class=\"paragraph\">\n<p>Los rayados a\u00f1adieron que \u201c<b>\u00a1Bienvenido a Un Club Diferente Profe!<\/b>\u00a0Aqu\u00ed lo recibimos con la ilusi\u00f3n de que estamos en buenas manos\u201d, cerr\u00f3.<\/p>\n<\/div>\n<p><b>Papa llegar\u00e1 a Ecuador el 6 de enero del 2026\u00a0<\/b>para conocer las instalaciones de los rayados y presentarse ante los trabajadores, adem\u00e1s de alistar los fichajes y salidas del plantel.<\/p>\n<div id=\"\" class=\"portlet-boundary portlet-static-end content-viewer-portlet c_002_001 u-ampliada-contenido last full-access norestricted\">\n<div class=\"DETAIL_TXT AMPLIADA_SECOND\">\n<div class=\"text \" data-mrf-recirculation=\"ArticuloLinkEC\">\n<div class=\"paragraph\">\n<p>Posteriormente, los jugadores regresar\u00e1n el 12 de enero para empezar la pretemporada.<\/p>\n<p>El primer partido de la temporada se disputar\u00e1 el <strong>20 de febrero del 2026.<\/strong><\/p>\n<p>En este 2025, Independiente del Valle se consagr\u00f3\u00a0<a href=\"https:\/\/www.ecuavisa.com\/deportes\/futbol-nacional\/independiente-del-valle-es-campeon-de-la-ligapro-2025-IG10528044\" target=\"_blank\" rel=\"noopener noreferrer\" data-mrf-link=\"https:\/\/www.ecuavisa.com\/deportes\/futbol-nacional\/independiente-del-valle-es-campeon-de-la-ligapro-2025-IG10528044\">campe\u00f3n de la LigaPro<\/a>, qued\u00f3 eliminado en las semifinales de la Copa Sudamericana y lleg\u00f3 a cuartos de final de la Copa Ecuador. <strong>(D)<\/strong><\/p>\n<div class=\"css-175oi2r r-18u37iz r-136ojw6\">\n<div class=\"css-175oi2r r-1iusvr4 r-16y2uox r-1777fci\">\n<div class=\"css-175oi2r r-zl2h9q\">\n<div class=\"css-175oi2r r-k4xj1c r-18u37iz r-1wtj0ep\">\n<div class=\"css-175oi2r r-1d09ksm r-18u37iz r-1wbh5a2\">\n<div class=\"css-175oi2r r-1wbh5a2 r-dnmrzs r-1ny4l3l\">\n<div id=\"id__ofhj6l223ob\" class=\"css-175oi2r r-1wbh5a2 r-dnmrzs r-1ny4l3l\" data-testid=\"User-Name\">\n<div class=\"css-175oi2r r-1awozwy r-18u37iz r-1wbh5a2 r-dnmrzs\">\n<div class=\"css-175oi2r r-1wbh5a2 r-dnmrzs\">\n<div class=\"css-175oi2r r-1awozwy r-18u37iz r-1wbh5a2 r-dnmrzs\">\n<div class=\"css-146c3p1 r-bcqeeo r-1ttztb7 r-qvutc0 r-37j5jr r-a023e6 r-rjixqe r-b88u0q r-1awozwy r-6koalj r-1udh08x r-3s2u2q\" dir=\"ltr\"><strong><span class=\"css-1jxf684 r-dnmrzs r-1udh08x r-1udbk01 r-3s2u2q r-bcqeeo r-1ttztb7 r-qvutc0 r-poiln3\"><span class=\"css-1jxf684 r-bcqeeo r-1ttztb7 r-qvutc0 r-poiln3\">Independiente del Valle<\/span><\/span><\/strong><\/div>\n<div class=\"css-146c3p1 r-bcqeeo r-1ttztb7 r-qvutc0 r-37j5jr r-a023e6 r-rjixqe r-16dba41 r-xoduu5 r-18u37iz r-1q142lx\" dir=\"ltr\"><\/div>\n<\/div>\n<\/div>\n<\/div>\n<div class=\"css-175oi2r r-18u37iz r-1wbh5a2\">\n<div class=\"css-175oi2r r-1d09ksm r-18u37iz r-1wbh5a2\">\n<div class=\"css-175oi2r r-1wbh5a2 r-dnmrzs\">\n<div class=\"css-146c3p1 r-dnmrzs r-1udh08x r-1udbk01 r-3s2u2q r-bcqeeo r-1ttztb7 r-qvutc0 r-37j5jr r-a023e6 r-rjixqe r-16dba41 r-18u37iz r-1wvb978\" dir=\"ltr\"><strong><span class=\"css-1jxf684 r-bcqeeo r-1ttztb7 r-qvutc0 r-poiln3\">@IDV_EC<\/span><\/strong><\/div>\n<\/div>\n<\/div>\n<\/div>\n<\/div>\n<\/div>\n<\/div>\n<div class=\"css-175oi2r r-1kkk96v\">\n<div class=\"css-175oi2r r-1awozwy r-18u37iz r-1cmwbt1 r-1wtj0ep\">\n<div class=\"css-175oi2r r-18u37iz r-1h0z5md\"><\/div>\n<div class=\"css-175oi2r r-1awozwy r-6koalj r-18u37iz\">\n<div class=\"css-175oi2r\">\n<div class=\"css-175oi2r r-18u37iz r-1h0z5md\"><\/div>\n<\/div>\n<\/div>\n<\/div>\n<\/div>\n<\/div>\n<\/div>\n<\/div>\n<\/div>\n<div class=\"css-175oi2r\">\n<div class=\"css-175oi2r\">\n<div class=\"css-175oi2r r-1s2bzr4\">\n<div id=\"id__5iqoscqpyu\" class=\"css-146c3p1 r-bcqeeo r-1ttztb7 r-qvutc0 r-37j5jr r-1inkyih r-16dba41 r-bnwqim r-135wba7\" dir=\"auto\" lang=\"es\" data-testid=\"tweetText\"><strong><span class=\"css-1jxf684 r-bcqeeo r-1ttztb7 r-qvutc0 r-poiln3\">Bienvenido Joaqu\u00edn Papa <span class=\"r-18u37iz\"><a class=\"css-1jxf684 r-bcqeeo r-1ttztb7 r-qvutc0 r-poiln3 r-1ny4l3l r-1ddef8g r-tjvw6i r-1loqt21\" dir=\"ltr\" role=\"link\" href=\"https:\/\/x.com\/hashtag\/UnClubDiferente?src=hashtag_click\">#UnClubDiferente<\/a><\/span><\/span><\/strong><\/div>\n<\/div>\n<\/div>\n<\/div>\n<\/div>\n<p><img decoding=\"async\" src=\"https:\/\/pbs.twimg.com\/media\/G83MhF3WsAA4XXw?format=jpg&amp;name=small\" alt=\"Imagen\" \/><\/p>\n<\/div>\n<\/div>\n<\/div>\n<div id=\"\" class=\"portlet-boundary portlet-static-end htmlcontainer-portlet\">\n<div><\/div>\n<\/div>\n<div id=\"\" class=\"portlet-boundary portlet-static-end adcontainer-portlet text-center mb-4 fondo_publicidad pub-if-text\">\n<div>\n<div id=\"Top3\" class=\"ads-RDTop3 ec-ads\" data-ads=\"Top3\" data-google-query-id=\"CM6vgaid1JEDFdGQFwcdQL8Tvw\"><\/div>\n<\/div>\n<\/div>\n<blockquote class=\"twitter-tweet\" data-width=\"550\" data-dnt=\"true\">\n<p lang=\"es\" dir=\"ltr\">\u00a1HABEMUS PAPA! \ud83d\udd4a\ufe0f\ud83d\udca8<br \/>El humo blanco sale de nuestra casa: el Profesor Joaqu\u00edn Papa asume el mando. Un l\u00edder, un gu\u00eda y, sobre todo, la cabeza de esta gran familia.<br \/>\u00a1Bienvenido a <a href=\"https:\/\/twitter.com\/hashtag\/UnClubDiferente?src=hash&amp;ref_src=twsrc%5Etfw\">#UnClubDiferente<\/a>  Profe! Aqu\u00ed lo recibimos con la ilusi\u00f3n de que estamos en buenas manos. \ud83d\udc54\u26bd <a href=\"https:\/\/t.co\/0XVrYpRD5L\">pic.twitter.com\/0XVrYpRD5L<\/a><\/p>\n<p>&mdash; Independiente del Valle (@IDV_EC) <a href=\"https:\/\/twitter.com\/IDV_EC\/status\/2003480848734011483?ref_src=twsrc%5Etfw\">December 23, 2025<\/a><\/p><\/blockquote>\n<p><script async src=\"https:\/\/platform.twitter.com\/widgets.js\" charset=\"utf-8\"><\/script><\/p>\n<div id=\"twitter-0-0\" class=\"html __select e_0\"><strong>Fuente:<\/strong> evafm.net &#8211; ecuavisa.com<\/div>\n<div class=\"gsp_post_data\" \r\n\t            data-post_type=\"post\" \r\n\t            data-cat=\"deportes-ecuador\" \r\n\t            data-modified=\"120\"\r\n\t            data-created=\"1766493201\"\r\n\t            data-title=\"Independiente del Valle anunci\u00f3 a Joaqu\u00edn Papa como su nuevo entrenador\" \r\n\t            data-home=\"https:\/\/www.evafm.net\/sitio\"><\/div>","protected":false},"excerpt":{"rendered":"<p>Este martes 23 de diciembre,\u00a0Independiente del Valle\u00a0anunci\u00f3 a\u00a0Joaqu\u00edn Papa\u00a0como su nuevo entrenador\u00a0para el 2026, despu\u00e9s de la sorpresiva salida de Javier Rabanal. Despu\u00e9s del \u00faltimo partido de los rayados,\u00a0el estratega\u00a0espa\u00f1ol fue presentado por Universitario de Per\u00fa; mientras que el cuadro del Valle asegur\u00f3 la llegada del uruguayo. \u201cEl humo blanco sale de nuestra casa:\u00a0el Profesor&#8230;<\/p>\n","protected":false},"author":5,"featured_media":97321,"comment_status":"closed","ping_status":"open","sticky":false,"template":"","format":"standard","meta":{"_joinchat":[],"footnotes":""},"categories":[1557],"tags":[],"class_list":["post-97320","post","type-post","status-publish","format-standard","has-post-thumbnail","hentry","category-deportes-ecuador","have-post-thumb"],"_links":{"self":[{"href":"https:\/\/www.evafm.net\/sitio\/wp-json\/wp\/v2\/posts\/97320","targetHints":{"allow":["GET"]}}],"collection":[{"href":"https:\/\/www.evafm.net\/sitio\/wp-json\/wp\/v2\/posts"}],"about":[{"href":"https:\/\/www.evafm.net\/sitio\/wp-json\/wp\/v2\/types\/post"}],"author":[{"embeddable":true,"href":"https:\/\/www.evafm.net\/sitio\/wp-json\/wp\/v2\/users\/5"}],"replies":[{"embeddable":true,"href":"https:\/\/www.evafm.net\/sitio\/wp-json\/wp\/v2\/comments?post=97320"}],"version-history":[{"count":3,"href":"https:\/\/www.evafm.net\/sitio\/wp-json\/wp\/v2\/posts\/97320\/revisions"}],"predecessor-version":[{"id":97326,"href":"https:\/\/www.evafm.net\/sitio\/wp-json\/wp\/v2\/posts\/97320\/revisions\/97326"}],"wp:featuredmedia":[{"embeddable":true,"href":"https:\/\/www.evafm.net\/sitio\/wp-json\/wp\/v2\/media\/97321"}],"wp:attachment":[{"href":"https:\/\/www.evafm.net\/sitio\/wp-json\/wp\/v2\/media?parent=97320"}],"wp:term":[{"taxonomy":"category","embeddable":true,"href":"https:\/\/www.evafm.net\/sitio\/wp-json\/wp\/v2\/categories?post=97320"},{"taxonomy":"post_tag","embeddable":true,"href":"https:\/\/www.evafm.net\/sitio\/wp-json\/wp\/v2\/tags?post=97320"}],"curies":[{"name":"wp","href":"https:\/\/api.w.org\/{rel}","templated":true}]}}