{"id":97327,"date":"2025-12-23T12:44:07","date_gmt":"2025-12-23T17:44:07","guid":{"rendered":"https:\/\/www.evafm.net\/sitio\/?p=97327"},"modified":"2025-12-23T12:44:07","modified_gmt":"2025-12-23T17:44:07","slug":"octavio-rivero-sigue-en-conversdaciones-con-barcelona-por-su-continuidad","status":"publish","type":"post","link":"https:\/\/www.evafm.net\/sitio\/octavio-rivero-sigue-en-conversdaciones-con-barcelona-por-su-continuidad\/","title":{"rendered":"Octavio Rivero sigue en conversdaciones con Barcelona por su continuidad"},"content":{"rendered":"<p><b><a href=\"https:\/\/www.ecuavisa.com\/metadatos\/-\/meta\/barcelona-sc\" target=\"_blank\" rel=\"noopener noreferrer\" data-mrf-link=\"https:\/\/www.ecuavisa.com\/metadatos\/-\/meta\/barcelona-sc\">Barcelona SC<\/a>\u00a0cerr\u00f3 el a\u00f1o de forma negativa al no clasificar a la fase de grupos\u00a0<\/b>de la Copa Libertadores 2026; sin embargo, despu\u00e9s del final de la temporada,\u00a0<a href=\"https:\/\/www.ecuavisa.com\/metadatos\/-\/meta\/octavio-rivero\" target=\"_blank\" rel=\"noopener noreferrer\" data-mrf-link=\"https:\/\/www.ecuavisa.com\/metadatos\/-\/meta\/octavio-rivero\">Octavio Rivero<\/a> lament\u00f3 la situaci\u00f3n que vive el club.<\/p>\n<p>El<b>\u00a0delantero uruguayo coment\u00f3 las dificultades que tuvieron que atravesar\u00a0<\/b>al finalizar el a\u00f1o, despu\u00e9s de la gran deuda de la directiva y el\u00a0<a href=\"https:\/\/www.ecuavisa.com\/deportes\/futbol-nacional\/detalles-asesinato-mario-pineida-guayaquil-FD10577772\" target=\"_blank\" rel=\"noopener noreferrer\" data-mrf-link=\"https:\/\/www.ecuavisa.com\/deportes\/futbol-nacional\/detalles-asesinato-mario-pineida-guayaquil-FD10577772\">asesinato de Mario Pineida<\/a>.<\/p>\n<p>\u00ab<b>Un a\u00f1o bastante complicado, se termin\u00f3 de la peor manera con la noticia que recibimos\u00a0<\/b>de nuestro compa\u00f1ero y en mi caso mi amigo,<strong> Mario (Pineida). <\/strong><\/p>\n<p>Eso sumado a la situaci\u00f3n del club, no terminamos como hubi\u00e9ramos querido. Nos vamos tristes, la situaci\u00f3n es complicada\u00bb, se\u00f1al\u00f3 el uruguayo.<\/p>\n<p>&nbsp;<\/p>\n<p><strong>Octavio Rivero se va de Barcelona SC para el 2026?<\/strong><\/p>\n<p><b>Rivero puso en duda su continuidad en Barcelona SC<\/b>\u00a0para el 2026 y consider\u00f3 que es complicado mantenerse en el plantel con todos los problemas.<\/p>\n<p><b>\u201cLa situaci\u00f3n es insostenible, con mis compa\u00f1eros la hemos pasado mal. As\u00ed es muy dif\u00edcil seguir.<\/b><\/p>\n<p>Yo tengo contrato, ahora quiero desconectar un poco porque el \u00faltimo tiempo fue intenso, sobre todo con lo de Mario, que me afect\u00f3 bastante.<\/p>\n<p>Tengo contrato hasta 2027, hay que ver qu\u00e9 va a pasar\u00bb, agreg\u00f3.<\/p>\n<p>&nbsp;<\/p>\n<p>Incluso,<b>\u00a0la iguana apunt\u00f3\u00a0<a href=\"https:\/\/www.ecuavisa.com\/deportes\/futbol-internacional\/directiva-barcelona-sc-planeo-clasificar-fase-dos-copa-libertadores-LN10592977\" target=\"_blank\" rel=\"noopener noreferrer\" data-mrf-link=\"https:\/\/www.ecuavisa.com\/deportes\/futbol-internacional\/directiva-barcelona-sc-planeo-clasificar-fase-dos-copa-libertadores-LN10592977\">en contra de la directiva de Antonio \u00c1lvarez<\/a><\/b>, despu\u00e9s de la pelea que existi\u00f3 entre ambas partes el pasado <strong>mi\u00e9rcoles 17 de diciembre por la deuda.<\/strong><\/p>\n<p>\u00abNo existi\u00f3 ning\u00fan di\u00e1logo, es dif\u00edcil tenerlo y recomponer la relaci\u00f3n porque fue algo grave que molest\u00f3 a todos los jugadores.<\/p>\n<p><b>\u00a0Es desagradable para todos, es una situaci\u00f3n inc\u00f3moda estar en una grupo de trabajo as\u00ed<\/b>\u00ab, cerr\u00f3.<\/p>\n<p>En este 2025, el\u00a0<b>delantero de 33 a\u00f1os anot\u00f3 14 goles en 37 partidos<\/b> disputados, entre todas las competiciones.<strong>(D)<\/strong><\/p>\n<p><strong>Fuente:<\/strong> evafm.net &#8211; ecuavisa.com<\/p>\n<div class=\"gsp_post_data\" \r\n\t            data-post_type=\"post\" \r\n\t            data-cat=\"deportes-ecuador\" \r\n\t            data-modified=\"120\"\r\n\t            data-created=\"1766493847\"\r\n\t            data-title=\"Octavio Rivero sigue en conversdaciones con Barcelona por su continuidad\" \r\n\t            data-home=\"https:\/\/www.evafm.net\/sitio\"><\/div>","protected":false},"excerpt":{"rendered":"<p>Barcelona SC\u00a0cerr\u00f3 el a\u00f1o de forma negativa al no clasificar a la fase de grupos\u00a0de la Copa Libertadores 2026; sin embargo, despu\u00e9s del final de la temporada,\u00a0Octavio Rivero lament\u00f3 la situaci\u00f3n que vive el club. El\u00a0delantero uruguayo coment\u00f3 las dificultades que tuvieron que atravesar\u00a0al finalizar el a\u00f1o, despu\u00e9s de la gran deuda de la directiva&#8230;<\/p>\n","protected":false},"author":5,"featured_media":97328,"comment_status":"closed","ping_status":"open","sticky":false,"template":"","format":"standard","meta":{"_joinchat":[],"footnotes":""},"categories":[1557],"tags":[],"class_list":["post-97327","post","type-post","status-publish","format-standard","has-post-thumbnail","hentry","category-deportes-ecuador","have-post-thumb"],"_links":{"self":[{"href":"https:\/\/www.evafm.net\/sitio\/wp-json\/wp\/v2\/posts\/97327","targetHints":{"allow":["GET"]}}],"collection":[{"href":"https:\/\/www.evafm.net\/sitio\/wp-json\/wp\/v2\/posts"}],"about":[{"href":"https:\/\/www.evafm.net\/sitio\/wp-json\/wp\/v2\/types\/post"}],"author":[{"embeddable":true,"href":"https:\/\/www.evafm.net\/sitio\/wp-json\/wp\/v2\/users\/5"}],"replies":[{"embeddable":true,"href":"https:\/\/www.evafm.net\/sitio\/wp-json\/wp\/v2\/comments?post=97327"}],"version-history":[{"count":1,"href":"https:\/\/www.evafm.net\/sitio\/wp-json\/wp\/v2\/posts\/97327\/revisions"}],"predecessor-version":[{"id":97329,"href":"https:\/\/www.evafm.net\/sitio\/wp-json\/wp\/v2\/posts\/97327\/revisions\/97329"}],"wp:featuredmedia":[{"embeddable":true,"href":"https:\/\/www.evafm.net\/sitio\/wp-json\/wp\/v2\/media\/97328"}],"wp:attachment":[{"href":"https:\/\/www.evafm.net\/sitio\/wp-json\/wp\/v2\/media?parent=97327"}],"wp:term":[{"taxonomy":"category","embeddable":true,"href":"https:\/\/www.evafm.net\/sitio\/wp-json\/wp\/v2\/categories?post=97327"},{"taxonomy":"post_tag","embeddable":true,"href":"https:\/\/www.evafm.net\/sitio\/wp-json\/wp\/v2\/tags?post=97327"}],"curies":[{"name":"wp","href":"https:\/\/api.w.org\/{rel}","templated":true}]}}