{"id":97330,"date":"2025-12-23T12:53:19","date_gmt":"2025-12-23T17:53:19","guid":{"rendered":"https:\/\/www.evafm.net\/sitio\/?p=97330"},"modified":"2025-12-23T12:53:19","modified_gmt":"2025-12-23T17:53:19","slug":"leonai-souza-y-sus-dudas-de-quedarse-en-barcelona","status":"publish","type":"post","link":"https:\/\/www.evafm.net\/sitio\/leonai-souza-y-sus-dudas-de-quedarse-en-barcelona\/","title":{"rendered":"Leonai Souza y sus dudas de quedarse en Barcelona"},"content":{"rendered":"<p>Con la temporada concluida, el volante brasile\u00f1o\u00a0<b>Leonai Souza\u00a0<\/b>dej\u00f3 abierta la inc\u00f3gnita sobre su continuidad en<b>\u00a0<a href=\"https:\/\/www.ecuavisa.com\/deportes\/barcelona\" data-mrf-link=\"https:\/\/www.ecuavisa.com\/deportes\/barcelona\">Barcelona Sporting Club<\/a><\/b>\u00a0al expresar su malestar por la falta de protagonismo y priorizar la necesidad de sumar minutos en cancha de cara al pr\u00f3ximo a\u00f1o.<\/p>\n<p>Antes de viajar a Brasil para iniciar su per\u00edodo de vacaciones, el mediocampista convers\u00f3 con la prensa deportiva en el aeropuerto y fue directo al referirse a su situaci\u00f3n en el club.<\/p>\n<p><b>Leonai\u00a0<\/b>revel\u00f3 que ya dialog\u00f3 tanto con el cuerpo t\u00e9cnico como con la dirigencia y fij\u00f3 una postura clara respecto a su futuro.<\/p>\n<p>\u201cSi es para jugar poco, prefiero irme a otro club donde s\u00ed tenga minutos\u201d, se\u00f1al\u00f3, dejando en evidencia que su permanencia depender\u00e1 del rol que se le asigne.<\/p>\n<div id=\"sunmedia-div\"><\/div>\n<p>El futbolista tambi\u00e9n se refiri\u00f3 a su relaci\u00f3n deportiva con el entrenador<b>\u00a0Ismael Rescalvo<\/b>\u00a0y reconoci\u00f3 que no ha sido considerado con regularidad.<\/p>\n<p>\u201cTodos se dieron cuenta de que el profe no cuenta conmigo\u201d, afirm\u00f3, una realidad que, seg\u00fan explic\u00f3, pesa en su an\u00e1lisis de cara a la pr\u00f3xima temporada.<\/p>\n<p>Pese a ello<b>, Leonai record\u00f3 que tiene contrato vigente por un a\u00f1o m\u00e1s con el conjunto torero y manifest\u00f3 su deseo de cumplirlo.<\/b>\u00a0\u201c<\/p>\n<p>Mi voluntad es ser campe\u00f3n con Barcelona SC, ojal\u00e1 se d\u00e9 alg\u00fan d\u00eda\u201d, expres\u00f3, dejando la puerta abierta a continuar en el club, siempre que su situaci\u00f3n deportiva tenga un giro favorable en el corto plazo. <strong>(D)<\/strong><\/p>\n<p><strong>Fuente:<\/strong> evafm.net &#8211; ecuavisa.com<\/p>\n<div class=\"gsp_post_data\" \r\n\t            data-post_type=\"post\" \r\n\t            data-cat=\"deportes-ecuador\" \r\n\t            data-modified=\"120\"\r\n\t            data-created=\"1766494399\"\r\n\t            data-title=\"Leonai Souza y sus dudas de quedarse en Barcelona\" \r\n\t            data-home=\"https:\/\/www.evafm.net\/sitio\"><\/div>","protected":false},"excerpt":{"rendered":"<p>Con la temporada concluida, el volante brasile\u00f1o\u00a0Leonai Souza\u00a0dej\u00f3 abierta la inc\u00f3gnita sobre su continuidad en\u00a0Barcelona Sporting Club\u00a0al expresar su malestar por la falta de protagonismo y priorizar la necesidad de sumar minutos en cancha de cara al pr\u00f3ximo a\u00f1o. Antes de viajar a Brasil para iniciar su per\u00edodo de vacaciones, el mediocampista convers\u00f3 con la&#8230;<\/p>\n","protected":false},"author":5,"featured_media":97332,"comment_status":"closed","ping_status":"open","sticky":false,"template":"","format":"standard","meta":{"_joinchat":[],"footnotes":""},"categories":[1557],"tags":[],"class_list":["post-97330","post","type-post","status-publish","format-standard","has-post-thumbnail","hentry","category-deportes-ecuador","have-post-thumb"],"_links":{"self":[{"href":"https:\/\/www.evafm.net\/sitio\/wp-json\/wp\/v2\/posts\/97330","targetHints":{"allow":["GET"]}}],"collection":[{"href":"https:\/\/www.evafm.net\/sitio\/wp-json\/wp\/v2\/posts"}],"about":[{"href":"https:\/\/www.evafm.net\/sitio\/wp-json\/wp\/v2\/types\/post"}],"author":[{"embeddable":true,"href":"https:\/\/www.evafm.net\/sitio\/wp-json\/wp\/v2\/users\/5"}],"replies":[{"embeddable":true,"href":"https:\/\/www.evafm.net\/sitio\/wp-json\/wp\/v2\/comments?post=97330"}],"version-history":[{"count":1,"href":"https:\/\/www.evafm.net\/sitio\/wp-json\/wp\/v2\/posts\/97330\/revisions"}],"predecessor-version":[{"id":97333,"href":"https:\/\/www.evafm.net\/sitio\/wp-json\/wp\/v2\/posts\/97330\/revisions\/97333"}],"wp:featuredmedia":[{"embeddable":true,"href":"https:\/\/www.evafm.net\/sitio\/wp-json\/wp\/v2\/media\/97332"}],"wp:attachment":[{"href":"https:\/\/www.evafm.net\/sitio\/wp-json\/wp\/v2\/media?parent=97330"}],"wp:term":[{"taxonomy":"category","embeddable":true,"href":"https:\/\/www.evafm.net\/sitio\/wp-json\/wp\/v2\/categories?post=97330"},{"taxonomy":"post_tag","embeddable":true,"href":"https:\/\/www.evafm.net\/sitio\/wp-json\/wp\/v2\/tags?post=97330"}],"curies":[{"name":"wp","href":"https:\/\/api.w.org\/{rel}","templated":true}]}}