{"id":97432,"date":"2025-12-26T20:38:46","date_gmt":"2025-12-27T01:38:46","guid":{"rendered":"https:\/\/www.evafm.net\/sitio\/?p=97432"},"modified":"2025-12-26T20:38:46","modified_gmt":"2025-12-27T01:38:46","slug":"ecuador-recibio-un-credito-de-apoyo-por-usd-500-millones","status":"publish","type":"post","link":"https:\/\/www.evafm.net\/sitio\/ecuador-recibio-un-credito-de-apoyo-por-usd-500-millones\/","title":{"rendered":"Ecuador recibi\u00f3 un cr\u00e9dito de apoyo por USD 500 millones"},"content":{"rendered":"<p>Como parte de un cr\u00e9dito de apoyo, Ecuador recibi\u00f3 un\u00a0<a href=\"https:\/\/www.ecuavisa.com\/noticias\/economia\" target=\"_blank\" rel=\"noopener noreferrer\" data-mrf-link=\"https:\/\/www.ecuavisa.com\/noticias\/economia\">desembolso por <strong>USD 500 millones.<\/strong><\/a><strong>\u00a0<\/strong><\/p>\n<p>As\u00ed lo inform\u00f3 el Banco Central la tarde del mi\u00e9rcoles 24 de diciembre de 2025.<\/p>\n<p>Seg\u00fan la entidad, el cr\u00e9dito de apoyo a la balanza de pagos fue aprobado previamente por el Directorio del Fondo Latinoamericano de Reservas<strong> (FLAR).<\/strong><\/p>\n<p>El financiamiento por parte del organismo, se\u00f1al\u00f3 el Banco Central, busca fortalecer la posici\u00f3n de liquidez externa del pa\u00eds.<\/p>\n<p>Adem\u00e1s respalda la gesti\u00f3n del gobierno ecuatoriano que se ha orientado a preservar la estabilidad del entorno macroecon\u00f3mico y a sostener la confianza<\/p>\n<p>en la econom\u00eda nacional.<strong> (I)<\/strong><\/p>\n<p><strong>Fuente<\/strong>: evafm.net &#8211; ecuavisa.com<\/p>\n<p>&nbsp;<\/p>\n<div class=\"gsp_post_data\" \r\n\t            data-post_type=\"post\" \r\n\t            data-cat=\"general,noticias-ecuador\" \r\n\t            data-modified=\"120\"\r\n\t            data-created=\"1766781526\"\r\n\t            data-title=\"Ecuador recibi\u00f3 un cr\u00e9dito de apoyo por USD 500 millones\" \r\n\t            data-home=\"https:\/\/www.evafm.net\/sitio\"><\/div>","protected":false},"excerpt":{"rendered":"<p>Como parte de un cr\u00e9dito de apoyo, Ecuador recibi\u00f3 un\u00a0desembolso por USD 500 millones.\u00a0 As\u00ed lo inform\u00f3 el Banco Central la tarde del mi\u00e9rcoles 24 de diciembre de 2025. Seg\u00fan la entidad, el cr\u00e9dito de apoyo a la balanza de pagos fue aprobado previamente por el Directorio del Fondo Latinoamericano de Reservas (FLAR). El financiamiento&#8230;<\/p>\n","protected":false},"author":5,"featured_media":97464,"comment_status":"closed","ping_status":"open","sticky":false,"template":"","format":"standard","meta":{"_joinchat":[],"footnotes":""},"categories":[1720,1558],"tags":[],"class_list":["post-97432","post","type-post","status-publish","format-standard","has-post-thumbnail","hentry","category-general","category-noticias-ecuador","have-post-thumb"],"_links":{"self":[{"href":"https:\/\/www.evafm.net\/sitio\/wp-json\/wp\/v2\/posts\/97432","targetHints":{"allow":["GET"]}}],"collection":[{"href":"https:\/\/www.evafm.net\/sitio\/wp-json\/wp\/v2\/posts"}],"about":[{"href":"https:\/\/www.evafm.net\/sitio\/wp-json\/wp\/v2\/types\/post"}],"author":[{"embeddable":true,"href":"https:\/\/www.evafm.net\/sitio\/wp-json\/wp\/v2\/users\/5"}],"replies":[{"embeddable":true,"href":"https:\/\/www.evafm.net\/sitio\/wp-json\/wp\/v2\/comments?post=97432"}],"version-history":[{"count":1,"href":"https:\/\/www.evafm.net\/sitio\/wp-json\/wp\/v2\/posts\/97432\/revisions"}],"predecessor-version":[{"id":97465,"href":"https:\/\/www.evafm.net\/sitio\/wp-json\/wp\/v2\/posts\/97432\/revisions\/97465"}],"wp:featuredmedia":[{"embeddable":true,"href":"https:\/\/www.evafm.net\/sitio\/wp-json\/wp\/v2\/media\/97464"}],"wp:attachment":[{"href":"https:\/\/www.evafm.net\/sitio\/wp-json\/wp\/v2\/media?parent=97432"}],"wp:term":[{"taxonomy":"category","embeddable":true,"href":"https:\/\/www.evafm.net\/sitio\/wp-json\/wp\/v2\/categories?post=97432"},{"taxonomy":"post_tag","embeddable":true,"href":"https:\/\/www.evafm.net\/sitio\/wp-json\/wp\/v2\/tags?post=97432"}],"curies":[{"name":"wp","href":"https:\/\/api.w.org\/{rel}","templated":true}]}}