{"id":97436,"date":"2025-12-26T12:48:11","date_gmt":"2025-12-26T17:48:11","guid":{"rendered":"https:\/\/www.evafm.net\/sitio\/?p=97436"},"modified":"2025-12-26T12:48:11","modified_gmt":"2025-12-26T17:48:11","slug":"barcelona-anuncio-fecha-de-la-noche-amarilla-2026-ademas-campi-y-guerra-no-podrian-continuar","status":"publish","type":"post","link":"https:\/\/www.evafm.net\/sitio\/barcelona-anuncio-fecha-de-la-noche-amarilla-2026-ademas-campi-y-guerra-no-podrian-continuar\/","title":{"rendered":"Barcelona anuncio fecha de la noche Amarilla 2026 ademas Campi y Guerra no podrian continuar"},"content":{"rendered":"<p>Antes de que se acabe el a\u00f1o,\u00a0<a href=\"https:\/\/www.ecuavisa.com\/metadatos\/-\/meta\/barcelona-sc\" target=\"_blank\" rel=\"noopener noreferrer\" data-mrf-link=\"https:\/\/www.ecuavisa.com\/metadatos\/-\/meta\/barcelona-sc\">B<b>arcelona SC<\/b><\/a><b>\u00a0anunci\u00f3 la fecha de la\u00a0<a href=\"https:\/\/www.ecuavisa.com\/metadatos\/-\/meta\/noche-amarilla\" target=\"_blank\" rel=\"noopener noreferrer\" data-mrf-link=\"https:\/\/www.ecuavisa.com\/metadatos\/-\/meta\/noche-amarilla\">Noche Amarilla<\/a>\u00a02026<\/b>\u00a0para presentar al plantel de la pr\u00f3xima temporada, tras un flojo rendimiento en su Centenario.<\/p>\n<p>En un anuncio con el streamer argentino La Cobra, los toreros confirmaron que la noche de presentaci\u00f3n del nuevo equipo se\u00a0<b>realizar\u00e1 el 31 de enero de 2026<\/b>, en el estadio Monumental.<\/p>\n<p>El evento promete contar con un<b>\u00a0formato renovado, precios populares<\/b>, nuevas experiencias y grandes sorpresas.<\/p>\n<p>En las pr\u00f3ximas semanas, los\u00a0<b>toreros van a comunicar m\u00e1s noticias<\/b>\u00a0sobre el evento, como el rival del partido.<\/p>\n<p>&nbsp;<\/p>\n<p>En 2026,\u00a0<b>Barcelona SC deber\u00e1 empezar temprano la pretemporada<\/b>, ya que deber\u00e1 jugar la<strong> fase dos de la Copa Libertadores ante Argentinos Juniors, el 18 y 25 de febrero.<\/strong><\/p>\n<p>El plantel de los toreros ser\u00e1 una inc\u00f3gnita para el pr\u00f3ximo a\u00f1o, despu\u00e9s de que varios futbolistas pusieron en duda su continuidad por una disputa con el presidente del club,<strong> Antonio \u00c1lvarez.<\/strong><\/p>\n<p>Por el momento, Barcelona cuenta con el regreso de los jugadores cedidos, como<strong> Luca Sosa y Bruno Caicedo.<\/strong><\/p>\n<p><strong>Casos de Gaston Campi y Franklin Guerra<\/strong><\/p>\n<p><strong>Gast\u00f3n<\/strong> <b>Campi busca rescindir su contrato con los toreros por las deudas<\/b>, a pesar firmar por dos a\u00f1os a inicios de 2025, por lo que est\u00e1 cerca de salir del club.<\/p>\n<p>De acuerdo informaci\u00f3n del periodista Gabryel Pacheco,\u00a0<b>el defensor argentino ya se acerc\u00f3 a la dirigencia torera<\/b>\u00a0para informar su situaci\u00f3n por los valores pendientes de cuatro meses.<\/p>\n<p>Por ese motivo,<b>\u00a0Barcelona SC tiene 15 d\u00edas para cancelar lo adeudado al argentino<\/b>, caso contrario, el reclamo podr\u00e1 ascender a la FIFA y podr\u00e1 sumar un nuevo impedimento de fichajes al club.<\/p>\n<p>Cabe recordar que antes del partido m\u00e1s importante de la temporada, los\u00a0<a href=\"https:\/\/www.ecuavisa.com\/deportes\/futbol-nacional\/jugadores-barcelona-sc-no-entrenaron-analizan-no-jugar-independiente-del-valle-ligapro-DD10574610\" target=\"_blank\" rel=\"noopener noreferrer\" data-mrf-link=\"https:\/\/www.ecuavisa.com\/deportes\/futbol-nacional\/jugadores-barcelona-sc-no-entrenaron-analizan-no-jugar-independiente-del-valle-ligapro-DD10574610\">futbolistas toreros emitieron un comunicado<\/a>\u00a0se\u00f1alando que les\u00a0<b>deben cuatro meses de pago<\/b>\u00a0y decidieron no entrenar.<\/p>\n<p>En ese momento, el presidente de Barcelona, Antonio<b>\u00a0<a href=\"https:\/\/www.ecuavisa.com\/deportes\/futbol-nacional\/antonio-alvarez-jugadores-amor-barcelona-sc-plata-JD10575873\" target=\"_blank\" rel=\"noopener noreferrer\" data-mrf-link=\"https:\/\/www.ecuavisa.com\/deportes\/futbol-nacional\/antonio-alvarez-jugadores-amor-barcelona-sc-plata-JD10575873\">\u00c1lvarez, reclam\u00f3 por la falta de compromiso<\/a>\u00a0de los jugadores\u00a0<\/b>y amenaz\u00f3 que algunos jugadores deber\u00e1n demandar ante la<\/p>\n<p>Federaci\u00f3n Ecuatoriana de Futbol para recibir su pago.<\/p>\n<p>En esta temporada, el<b>\u00a0defensor de 34 a\u00f1os se gan\u00f3 el puesto de titular<\/b>\u00a0con Ismael Rescalvo como entrenador con 37 partidos disputados, 31 como titular.<\/p>\n<p>&nbsp;<\/p>\n<p><b><a href=\"https:\/\/www.ecuavisa.com\/metadatos\/-\/meta\/franklin-guerra\" target=\"_blank\" rel=\"noopener noreferrer\" data-mrf-link=\"https:\/\/www.ecuavisa.com\/metadatos\/-\/meta\/franklin-guerra\">Franklin Guerra<\/a>\u00a0lleg\u00f3 a los toreros en el 2024<\/b>, con un contrato de dos a\u00f1os, pero con un paso plagado de lesiones no pudo convertirse en un regular para el club.<\/p>\n<p>En ese lapso de tiempo, el\u00a0<b>defensor de 33 a\u00f1os disput\u00f3 tres partidos oficiales en 2025,<\/b>\u00a0tras no disputar ning\u00fan encuentro en el 2024 por su rotura de ligamento cruzado en su rodilla.<\/p>\n<p><b>Guerra sufri\u00f3 su lesi\u00f3n durante la pretemporada de 2024\u00a0<\/b>ante el Mushuc Runa, despu\u00e9s de caer mal en una jugada dividida contra un adversario.<\/p>\n<p>En todo su paso por Barcelona SC, Franklin jug\u00f3\u00a0<b>dos encuentros en la LigaPro y uno de la Copa Ecuador,<\/b>\u00a0pero no disput\u00f3 menos de <strong>120 minutos.<\/strong><\/p>\n<p>El zaguero entr\u00f3 a la variante para jugar\u00a0<b>nueve minutos frente al Mushuc Run<\/b>a; luego ingres\u00f3 al cambio para disputar dos minutos contra <strong>El Nacional.<\/strong><\/p>\n<p>En otra ocasi\u00f3n,\u00a0<b>Guerra estuvo en cancha los 90 minutos de la eliminaci\u00f3n<\/b>\u00a0de la <strong>Copa Ecuador ante Cuenca Juniors. (D)<\/strong><\/p>\n<p><strong>Fuente:<\/strong> evafm.net &#8211; ecuavisa.com<\/p>\n<p>&nbsp;<\/p>\n<p>&nbsp;<\/p>\n<p>&nbsp;<\/p>\n<p>&nbsp;<\/p>\n<div class=\"gsp_post_data\" \r\n\t            data-post_type=\"post\" \r\n\t            data-cat=\"deportes-ecuador\" \r\n\t            data-modified=\"120\"\r\n\t            data-created=\"1766753291\"\r\n\t            data-title=\"Barcelona anuncio fecha de la noche Amarilla 2026 ademas Campi y Guerra no podrian continuar\" \r\n\t            data-home=\"https:\/\/www.evafm.net\/sitio\"><\/div>","protected":false},"excerpt":{"rendered":"<p>Antes de que se acabe el a\u00f1o,\u00a0Barcelona SC\u00a0anunci\u00f3 la fecha de la\u00a0Noche Amarilla\u00a02026\u00a0para presentar al plantel de la pr\u00f3xima temporada, tras un flojo rendimiento en su Centenario. En un anuncio con el streamer argentino La Cobra, los toreros confirmaron que la noche de presentaci\u00f3n del nuevo equipo se\u00a0realizar\u00e1 el 31 de enero de 2026, en&#8230;<\/p>\n","protected":false},"author":5,"featured_media":97437,"comment_status":"closed","ping_status":"open","sticky":false,"template":"","format":"standard","meta":{"_joinchat":[],"footnotes":""},"categories":[1557],"tags":[],"class_list":["post-97436","post","type-post","status-publish","format-standard","has-post-thumbnail","hentry","category-deportes-ecuador","have-post-thumb"],"_links":{"self":[{"href":"https:\/\/www.evafm.net\/sitio\/wp-json\/wp\/v2\/posts\/97436","targetHints":{"allow":["GET"]}}],"collection":[{"href":"https:\/\/www.evafm.net\/sitio\/wp-json\/wp\/v2\/posts"}],"about":[{"href":"https:\/\/www.evafm.net\/sitio\/wp-json\/wp\/v2\/types\/post"}],"author":[{"embeddable":true,"href":"https:\/\/www.evafm.net\/sitio\/wp-json\/wp\/v2\/users\/5"}],"replies":[{"embeddable":true,"href":"https:\/\/www.evafm.net\/sitio\/wp-json\/wp\/v2\/comments?post=97436"}],"version-history":[{"count":1,"href":"https:\/\/www.evafm.net\/sitio\/wp-json\/wp\/v2\/posts\/97436\/revisions"}],"predecessor-version":[{"id":97438,"href":"https:\/\/www.evafm.net\/sitio\/wp-json\/wp\/v2\/posts\/97436\/revisions\/97438"}],"wp:featuredmedia":[{"embeddable":true,"href":"https:\/\/www.evafm.net\/sitio\/wp-json\/wp\/v2\/media\/97437"}],"wp:attachment":[{"href":"https:\/\/www.evafm.net\/sitio\/wp-json\/wp\/v2\/media?parent=97436"}],"wp:term":[{"taxonomy":"category","embeddable":true,"href":"https:\/\/www.evafm.net\/sitio\/wp-json\/wp\/v2\/categories?post=97436"},{"taxonomy":"post_tag","embeddable":true,"href":"https:\/\/www.evafm.net\/sitio\/wp-json\/wp\/v2\/tags?post=97436"}],"curies":[{"name":"wp","href":"https:\/\/api.w.org\/{rel}","templated":true}]}}