{"id":97439,"date":"2025-12-26T12:57:15","date_gmt":"2025-12-26T17:57:15","guid":{"rendered":"https:\/\/www.evafm.net\/sitio\/?p=97439"},"modified":"2025-12-26T12:57:15","modified_gmt":"2025-12-26T17:57:15","slug":"independiente-del-valle-anuncio-el-fichaje-de-djorkaeff-reasco","status":"publish","type":"post","link":"https:\/\/www.evafm.net\/sitio\/independiente-del-valle-anuncio-el-fichaje-de-djorkaeff-reasco\/","title":{"rendered":"Independiente del Valle anunci\u00f3 el fichaje de Djorkaeff Reasco"},"content":{"rendered":"<p><b><a href=\"https:\/\/www.ecuavisa.com\/deportes\/ind-del-valle\" data-mrf-link=\"https:\/\/www.ecuavisa.com\/deportes\/ind-del-valle\">Independiente del Valle<\/a><\/b>\u00a0contin\u00faa planificando la temporada 2026 y este martes present\u00f3 de manera oficial a su nuevo delantero:\u00a0<b>Djorkaeff Reasco.<\/b><\/p>\n<p>El atacante llega para reforzar el frente ofensivo del cuadro negriazul, ocupando el lugar que dej\u00f3 Michael Hoyos, quien continuar\u00e1 su carrera en el f\u00fatbol peruano.<\/p>\n<p>Los n\u00fameros respaldan la apuesta de IDV.\u00a0<b>Reasco viene de marcar 17 goles con la camiseta de El Nacional,<\/b>\u00a0registro que fue clave para que la directiva lo sume<\/p>\n<p>a su proyecto deportivo.<\/p>\n<p>Pese a atravesar un complicado episodio econ\u00f3mico durante su etapa con los militares, el delantero mantuvo un alto nivel futbol\u00edstico y se consolid\u00f3 como una de las<\/p>\n<p>figuras del torneo.<\/p>\n<div id=\"\" class=\"portlet-boundary portlet-static-end content-viewer-portlet c_002_001 u-ampliada-contenido last full-access norestricted\">\n<div class=\"DETAIL_TXT AMPLIADA_SECOND\">\n<div class=\"text \" data-mrf-recirculation=\"ArticuloLinkEC\">\n<div class=\"paragraph\">\n<p>Ahora, el atacante asume un reto mayor en su carrera.<\/p>\n<p>Con\u00a0<b>Independiente del Valle<\/b>\u00a0buscar\u00e1 establecerse como uno de los goleadores m\u00e1s importantes del f\u00fatbol ecuatoriano, dejando atr\u00e1s su breve y poco fruct\u00edfero paso<\/p>\n<p>por Barcelona SC hace dos temporadas.<\/p>\n<div id=\"sunmedia-div\"><\/div>\n<p>Reasco se convierte as\u00ed en uno de los primeros refuerzos confirmados para la pr\u00f3xima campa\u00f1a, uni\u00e9ndose a<b>\u00a0Dykel Romero y Alejandro Tobar,\u00a0<\/b>quienes tambi\u00e9n formar\u00e1n<\/p>\n<p>parte del plantel negriazul en 2026.<\/p>\n<p>IDV sigue moviendo el mercado con la mira puesta en mantener su protagonismo a nivel local e internacional. <strong>(D)<\/strong><\/p>\n<\/div>\n<div class=\"css-175oi2r r-zl2h9q\">\n<div class=\"css-175oi2r r-k4xj1c r-18u37iz r-1wtj0ep\">\n<div class=\"css-175oi2r r-1d09ksm r-18u37iz r-1wbh5a2\">\n<div class=\"css-175oi2r r-1wbh5a2 r-dnmrzs r-1ny4l3l\">\n<div id=\"id__tkpgtjchgt\" class=\"css-175oi2r r-1wbh5a2 r-dnmrzs r-1ny4l3l r-1awozwy r-18u37iz\" data-testid=\"User-Name\">\n<div class=\"css-175oi2r r-1awozwy r-18u37iz r-1wbh5a2 r-dnmrzs\">\n<div class=\"css-175oi2r r-1wbh5a2 r-dnmrzs\">\n<div class=\"css-175oi2r r-1awozwy r-18u37iz r-1wbh5a2 r-dnmrzs\">\n<div class=\"css-146c3p1 r-bcqeeo r-1ttztb7 r-qvutc0 r-37j5jr r-a023e6 r-rjixqe r-b88u0q r-1awozwy r-6koalj r-1udh08x r-3s2u2q\" dir=\"ltr\"><strong><span class=\"css-1jxf684 r-dnmrzs r-1udh08x r-1udbk01 r-3s2u2q r-bcqeeo r-1ttztb7 r-qvutc0 r-poiln3\"><span class=\"css-1jxf684 r-bcqeeo r-1ttztb7 r-qvutc0 r-poiln3\">Independiente del Valle<\/span><\/span><\/strong><\/div>\n<div class=\"css-146c3p1 r-bcqeeo r-1ttztb7 r-qvutc0 r-37j5jr r-a023e6 r-rjixqe r-16dba41 r-xoduu5 r-18u37iz r-1q142lx\" dir=\"ltr\"><\/div>\n<\/div>\n<\/div>\n<\/div>\n<div class=\"css-175oi2r r-18u37iz r-1wbh5a2 r-1ez5h0i\">\n<div class=\"css-175oi2r r-1d09ksm r-18u37iz r-1wbh5a2\">\n<div class=\"css-175oi2r r-1wbh5a2 r-dnmrzs\">\n<div class=\"css-146c3p1 r-dnmrzs r-1udh08x r-1udbk01 r-3s2u2q r-bcqeeo r-1ttztb7 r-qvutc0 r-37j5jr r-a023e6 r-rjixqe r-16dba41 r-18u37iz r-1wvb978\" dir=\"ltr\"><strong><span class=\"css-1jxf684 r-bcqeeo r-1ttztb7 r-qvutc0 r-poiln3\">@IDV_EC<\/span><\/strong><\/div>\n<\/div>\n<div class=\"css-146c3p1 r-bcqeeo r-1ttztb7 r-qvutc0 r-37j5jr r-a023e6 r-rjixqe r-16dba41 r-1q142lx r-n7gxbd\" dir=\"ltr\" aria-hidden=\"true\"><strong><span class=\"css-1jxf684 r-bcqeeo r-1ttztb7 r-qvutc0 r-poiln3\">\u00b7<\/span><\/strong><\/div>\n<div class=\"css-175oi2r r-18u37iz r-1q142lx\">\n<div class=\"css-175oi2r r-1d09ksm r-18u37iz r-1wbh5a2\"><strong><span class=\"css-1jxf684 r-bcqeeo r-1ttztb7 r-qvutc0 r-poiln3\">Bienvenido Djorkaeff Reasco a <\/span><span class=\"r-18u37iz\"><a class=\"css-1jxf684 r-bcqeeo r-1ttztb7 r-qvutc0 r-poiln3 r-1loqt21\" dir=\"ltr\" role=\"link\" href=\"https:\/\/x.com\/hashtag\/UnClubDiferente?src=hashtag_click\">#UnClubDiferente<\/a><\/span><\/strong><\/div>\n<\/div>\n<\/div>\n<\/div>\n<\/div>\n<\/div>\n<\/div>\n<\/div>\n<\/div>\n<p><img decoding=\"async\" src=\"https:\/\/pbs.twimg.com\/media\/G84QVO2XMAISIMJ?format=jpg&amp;name=small\" alt=\"Imagen\" \/><\/p>\n<div class=\"paragraph\">\n<p><strong>Fuente:<\/strong> evafm.net &#8211; ecuavisa.com<\/p>\n<\/div>\n<\/div>\n<\/div>\n<\/div>\n<div id=\"\" class=\"portlet-boundary portlet-static-end htmlcontainer-portlet\">\n<div><\/div>\n<\/div>\n<div id=\"\" class=\"portlet-boundary portlet-static-end adcontainer-portlet text-center mb-4 fondo_publicidad pub-if-text\">\n<div>\n<div id=\"Top3\" class=\"ads-RDTop3 ec-ads\" data-ads=\"Top3\" data-google-query-id=\"CO3E-_Po25EDFZ8j0AQdkh0Ejg\"><\/div>\n<\/div>\n<\/div>\n<div class=\"gsp_post_data\" \r\n\t            data-post_type=\"post\" \r\n\t            data-cat=\"deportes-ecuador\" \r\n\t            data-modified=\"120\"\r\n\t            data-created=\"1766753835\"\r\n\t            data-title=\"Independiente del Valle anunci\u00f3 el fichaje de Djorkaeff Reasco\" \r\n\t            data-home=\"https:\/\/www.evafm.net\/sitio\"><\/div>","protected":false},"excerpt":{"rendered":"<p>Independiente del Valle\u00a0contin\u00faa planificando la temporada 2026 y este martes present\u00f3 de manera oficial a su nuevo delantero:\u00a0Djorkaeff Reasco. El atacante llega para reforzar el frente ofensivo del cuadro negriazul, ocupando el lugar que dej\u00f3 Michael Hoyos, quien continuar\u00e1 su carrera en el f\u00fatbol peruano. Los n\u00fameros respaldan la apuesta de IDV.\u00a0Reasco viene de marcar&#8230;<\/p>\n","protected":false},"author":5,"featured_media":97440,"comment_status":"closed","ping_status":"open","sticky":false,"template":"","format":"standard","meta":{"_joinchat":[],"footnotes":""},"categories":[1557],"tags":[],"class_list":["post-97439","post","type-post","status-publish","format-standard","has-post-thumbnail","hentry","category-deportes-ecuador","have-post-thumb"],"_links":{"self":[{"href":"https:\/\/www.evafm.net\/sitio\/wp-json\/wp\/v2\/posts\/97439","targetHints":{"allow":["GET"]}}],"collection":[{"href":"https:\/\/www.evafm.net\/sitio\/wp-json\/wp\/v2\/posts"}],"about":[{"href":"https:\/\/www.evafm.net\/sitio\/wp-json\/wp\/v2\/types\/post"}],"author":[{"embeddable":true,"href":"https:\/\/www.evafm.net\/sitio\/wp-json\/wp\/v2\/users\/5"}],"replies":[{"embeddable":true,"href":"https:\/\/www.evafm.net\/sitio\/wp-json\/wp\/v2\/comments?post=97439"}],"version-history":[{"count":1,"href":"https:\/\/www.evafm.net\/sitio\/wp-json\/wp\/v2\/posts\/97439\/revisions"}],"predecessor-version":[{"id":97441,"href":"https:\/\/www.evafm.net\/sitio\/wp-json\/wp\/v2\/posts\/97439\/revisions\/97441"}],"wp:featuredmedia":[{"embeddable":true,"href":"https:\/\/www.evafm.net\/sitio\/wp-json\/wp\/v2\/media\/97440"}],"wp:attachment":[{"href":"https:\/\/www.evafm.net\/sitio\/wp-json\/wp\/v2\/media?parent=97439"}],"wp:term":[{"taxonomy":"category","embeddable":true,"href":"https:\/\/www.evafm.net\/sitio\/wp-json\/wp\/v2\/categories?post=97439"},{"taxonomy":"post_tag","embeddable":true,"href":"https:\/\/www.evafm.net\/sitio\/wp-json\/wp\/v2\/tags?post=97439"}],"curies":[{"name":"wp","href":"https:\/\/api.w.org\/{rel}","templated":true}]}}