{"id":97446,"date":"2025-12-26T13:09:33","date_gmt":"2025-12-26T18:09:33","guid":{"rendered":"https:\/\/www.evafm.net\/sitio\/?p=97446"},"modified":"2025-12-26T13:09:33","modified_gmt":"2025-12-26T18:09:33","slug":"luis-estupinan-deja-deportivo-cuenca-y-vuelve-a-liga-de-quito","status":"publish","type":"post","link":"https:\/\/www.evafm.net\/sitio\/luis-estupinan-deja-deportivo-cuenca-y-vuelve-a-liga-de-quito\/","title":{"rendered":"Luis Estupi\u00f1\u00e1n deja Deportivo Cuenca y vuelve a Liga de Quito"},"content":{"rendered":"<p><b>Luis Estupi\u00f1\u00e1n\u00a0<\/b>concluy\u00f3 su pr\u00e9stamo con\u00a0<b><a href=\"https:\/\/www.ecuavisa.com\/deportes\/dep-cuenca\" data-mrf-link=\"https:\/\/www.ecuavisa.com\/deportes\/dep-cuenca\">Deportivo Cuenca<\/a><\/b>\u00a0y deber\u00e1 reincorporarse a\u00a0<b>Liga de Quito<\/b>, club due\u00f1o de su pase.<\/p>\n<p>El extremo ecuatoriano dej\u00f3 una buena impresi\u00f3n durante la temporada 2025, destac\u00e1ndose por su velocidad y capacidad para ganar duelos en el frente ofensivo.<\/p>\n<div id=\"\" class=\"portlet-boundary portlet-static-end content-viewer-portlet c_002_001 u-ampliada-contenido last full-access norestricted\">\n<div class=\"DETAIL_TXT AMPLIADA_SECOND\">\n<div class=\"text \" data-mrf-recirculation=\"ArticuloLinkEC\">\n<div class=\"paragraph\">\n<p>En sus redes sociales, Estupi\u00f1\u00e1n expres\u00f3 su gratitud por el tiempo vivido en el club morlaco:<\/p>\n<p>\u201cAgradecer por este hermoso a\u00f1o que vivimos. Dios los bendiga siempre\u201d, reflejando el v\u00ednculo que construy\u00f3 tanto con el plantel como con la afici\u00f3n.<\/p>\n<p>Su paso por Cuenca le permiti\u00f3 sumar continuidad y experiencia en la<b>\u00a0LigaPro,<\/b>\u00a0consolid\u00e1ndose como una alternativa confiable en ataque.<\/p>\n<p>Ahora, la dirigencia de\u00a0<b>Liga de Quito\u00a0<\/b>y el cuerpo t\u00e9cnico evaluar\u00e1n si Estupi\u00f1\u00e1n tendr\u00e1 un espacio en el plantel principal para la pr\u00f3xima temporada o si se optar\u00e1 por<\/p>\n<p>una nueva cesi\u00f3n que le permita seguir ganando minutos y proyecci\u00f3n deportiva. <strong>(D)<\/strong><\/p>\n<p>&nbsp;<\/p>\n<\/div>\n<\/div>\n<\/div>\n<\/div>\n<div id=\"\" class=\"portlet-boundary portlet-static-end htmlcontainer-portlet\">\n<div><strong>Fuente:<\/strong> evafm.net &#8211; ecuavisa.com<\/div>\n<\/div>\n<div id=\"\" class=\"portlet-boundary portlet-static-end adcontainer-portlet text-center mb-4 fondo_publicidad pub-if-text\"><\/div>\n<div class=\"gsp_post_data\" \r\n\t            data-post_type=\"post\" \r\n\t            data-cat=\"deportes-ecuador\" \r\n\t            data-modified=\"120\"\r\n\t            data-created=\"1766754573\"\r\n\t            data-title=\"Luis Estupi\u00f1\u00e1n deja Deportivo Cuenca y vuelve a Liga de Quito\" \r\n\t            data-home=\"https:\/\/www.evafm.net\/sitio\"><\/div>","protected":false},"excerpt":{"rendered":"<p>Luis Estupi\u00f1\u00e1n\u00a0concluy\u00f3 su pr\u00e9stamo con\u00a0Deportivo Cuenca\u00a0y deber\u00e1 reincorporarse a\u00a0Liga de Quito, club due\u00f1o de su pase. El extremo ecuatoriano dej\u00f3 una buena impresi\u00f3n durante la temporada 2025, destac\u00e1ndose por su velocidad y capacidad para ganar duelos en el frente ofensivo. En sus redes sociales, Estupi\u00f1\u00e1n expres\u00f3 su gratitud por el tiempo vivido en el club&#8230;<\/p>\n","protected":false},"author":5,"featured_media":97447,"comment_status":"closed","ping_status":"open","sticky":false,"template":"","format":"standard","meta":{"_joinchat":[],"footnotes":""},"categories":[1557],"tags":[],"class_list":["post-97446","post","type-post","status-publish","format-standard","has-post-thumbnail","hentry","category-deportes-ecuador","have-post-thumb"],"_links":{"self":[{"href":"https:\/\/www.evafm.net\/sitio\/wp-json\/wp\/v2\/posts\/97446","targetHints":{"allow":["GET"]}}],"collection":[{"href":"https:\/\/www.evafm.net\/sitio\/wp-json\/wp\/v2\/posts"}],"about":[{"href":"https:\/\/www.evafm.net\/sitio\/wp-json\/wp\/v2\/types\/post"}],"author":[{"embeddable":true,"href":"https:\/\/www.evafm.net\/sitio\/wp-json\/wp\/v2\/users\/5"}],"replies":[{"embeddable":true,"href":"https:\/\/www.evafm.net\/sitio\/wp-json\/wp\/v2\/comments?post=97446"}],"version-history":[{"count":1,"href":"https:\/\/www.evafm.net\/sitio\/wp-json\/wp\/v2\/posts\/97446\/revisions"}],"predecessor-version":[{"id":97448,"href":"https:\/\/www.evafm.net\/sitio\/wp-json\/wp\/v2\/posts\/97446\/revisions\/97448"}],"wp:featuredmedia":[{"embeddable":true,"href":"https:\/\/www.evafm.net\/sitio\/wp-json\/wp\/v2\/media\/97447"}],"wp:attachment":[{"href":"https:\/\/www.evafm.net\/sitio\/wp-json\/wp\/v2\/media?parent=97446"}],"wp:term":[{"taxonomy":"category","embeddable":true,"href":"https:\/\/www.evafm.net\/sitio\/wp-json\/wp\/v2\/categories?post=97446"},{"taxonomy":"post_tag","embeddable":true,"href":"https:\/\/www.evafm.net\/sitio\/wp-json\/wp\/v2\/tags?post=97446"}],"curies":[{"name":"wp","href":"https:\/\/api.w.org\/{rel}","templated":true}]}}