{"id":97455,"date":"2025-12-26T13:28:34","date_gmt":"2025-12-26T18:28:34","guid":{"rendered":"https:\/\/www.evafm.net\/sitio\/?p=97455"},"modified":"2025-12-26T13:28:34","modified_gmt":"2025-12-26T18:28:34","slug":"deportivo-cuenca-pedira-una-nueva-revision-al-estadio-alejandro-serrano-aguilar-para-la-copa-sudamericana","status":"publish","type":"post","link":"https:\/\/www.evafm.net\/sitio\/deportivo-cuenca-pedira-una-nueva-revision-al-estadio-alejandro-serrano-aguilar-para-la-copa-sudamericana\/","title":{"rendered":"Deportivo Cuenca pedir\u00e1 una nueva revisi\u00f3n al estadio Alejandro Serrano Aguilar para la Copa Sudamericana"},"content":{"rendered":"<p><strong>El\u00a0<\/strong><a href=\"https:\/\/www.ecuavisa.com\/metadatos\/-\/meta\/deportivo-cuenca\" target=\"_blank\" rel=\"noopener noreferrer\" data-mrf-link=\"https:\/\/www.ecuavisa.com\/metadatos\/-\/meta\/deportivo-cuenca\"><strong>Deportivo Cuenca<\/strong><\/a>\u00a0consigui\u00f3 una ag\u00f3nica clasificaci\u00f3n para la\u00a0<strong><a href=\"https:\/\/www.ecuavisa.com\/metadatos\/-\/meta\/copa-sudamericana\" target=\"_blank\" rel=\"noopener noreferrer\" data-mrf-link=\"https:\/\/www.ecuavisa.com\/metadatos\/-\/meta\/copa-sudamericana\">Copa Sudamericana<\/a>\u00a02026<\/strong> y ser\u00e1 local en la serie; sin embargo, la<b>\u00a0Conmebol program\u00f3 su partido en el estadio George Capwell.<\/b><\/p>\n<p>La competici\u00f3n analiz\u00f3 que el\u00a0<b>estadio Alejandro Serrano Aguilar no cumple las condiciones necesarias\u00a0<\/b>para acoger un partido internacional, por lo que program\u00f3 el encuentro en Guayaquil.<\/p>\n<p>El recinto deportivo de Cuenca no podr\u00eda acoger el partido por las luminarias; por esa raz\u00f3n,\u00a0<b>la directiva consider\u00f3 el estadio de Emelec como un recinto deportivo<\/b>; sin embargo, ya est\u00e1n avanzando<\/p>\n<p>para intentar quedarse en casa.<\/p>\n<p><strong>\u00bfPor qu\u00e9 Deportivo Cuenca no podr\u00e1 jugar en el estadio Alejandro Serrano Aguilar en la Copa Sudamericana?<\/strong><\/p>\n<p>El administrador del estadio Alejandro Serrano Aguilar, Javier C\u00e1rdenas,\u00a0<b>consider\u00f3 que la situaci\u00f3n se puede revertir\u00a0<\/b>y podr\u00e1n mantenerse en su ciudad para el torneo.<\/p>\n<p>\u201cCambi\u00f3 un poco la normativa de Conmebol. Previamente, 15 d\u00edas antes del partido, el club solicitaba que se venga a hacer una inspecci\u00f3n del estadio.<\/p>\n<p>Ahora\u00a0<b>hubo un cambio: son 30 d\u00edas antes. M\u00e1s o menos, ser\u00eda al 4 de febrero<\/b>\u201d, explic\u00f3 a Radioactiva.<\/p>\n<p>&nbsp;<\/p>\n<p>Por eso, C\u00e1rdenas agreg\u00f3 que \u201cvamos a hablar con\u00a0<b>Deportivo Cuenca para que se mande la solicitud para que vengan a ver el estadio<\/b>.<\/p>\n<p>Independientemente de c\u00f3mo est\u00e9, que vengan a ver&#8230; LigaPro nos ha dado el aval, Copa Ecuador, que se juega con los mismos est\u00e1ndares de Conmebol, tambi\u00e9n\u201d, sigui\u00f3.<\/p>\n<p>C\u00e1rdenas detall\u00f3 que \u201clas luces son inferiores a los que nos solicitan, pero se puede jugar.<\/p>\n<p>Estamos en un nivel superior al m\u00ednimo&#8230;\u00a0<b>Son 210 luminarias, que vendr\u00e1n de China.\u00a0<\/b>Es un transporte especial, para que lleguen en buen estado\u201d. <strong>(D)<\/strong><\/p>\n<p><strong>Fuente:<\/strong> evafm.net &#8211; ecuavisa.com<\/p>\n<p>&nbsp;<\/p>\n<div class=\"gsp_post_data\" \r\n\t            data-post_type=\"post\" \r\n\t            data-cat=\"deportes-internacionales\" \r\n\t            data-modified=\"120\"\r\n\t            data-created=\"1766755714\"\r\n\t            data-title=\"Deportivo Cuenca pedir\u00e1 una nueva revisi\u00f3n al estadio Alejandro Serrano Aguilar para la Copa Sudamericana\" \r\n\t            data-home=\"https:\/\/www.evafm.net\/sitio\"><\/div>","protected":false},"excerpt":{"rendered":"<p>El\u00a0Deportivo Cuenca\u00a0consigui\u00f3 una ag\u00f3nica clasificaci\u00f3n para la\u00a0Copa Sudamericana\u00a02026 y ser\u00e1 local en la serie; sin embargo, la\u00a0Conmebol program\u00f3 su partido en el estadio George Capwell. La competici\u00f3n analiz\u00f3 que el\u00a0estadio Alejandro Serrano Aguilar no cumple las condiciones necesarias\u00a0para acoger un partido internacional, por lo que program\u00f3 el encuentro en Guayaquil. El recinto deportivo de Cuenca&#8230;<\/p>\n","protected":false},"author":5,"featured_media":97456,"comment_status":"closed","ping_status":"open","sticky":false,"template":"","format":"standard","meta":{"_joinchat":[],"footnotes":""},"categories":[1342],"tags":[],"class_list":["post-97455","post","type-post","status-publish","format-standard","has-post-thumbnail","hentry","category-deportes-internacionales","have-post-thumb"],"_links":{"self":[{"href":"https:\/\/www.evafm.net\/sitio\/wp-json\/wp\/v2\/posts\/97455","targetHints":{"allow":["GET"]}}],"collection":[{"href":"https:\/\/www.evafm.net\/sitio\/wp-json\/wp\/v2\/posts"}],"about":[{"href":"https:\/\/www.evafm.net\/sitio\/wp-json\/wp\/v2\/types\/post"}],"author":[{"embeddable":true,"href":"https:\/\/www.evafm.net\/sitio\/wp-json\/wp\/v2\/users\/5"}],"replies":[{"embeddable":true,"href":"https:\/\/www.evafm.net\/sitio\/wp-json\/wp\/v2\/comments?post=97455"}],"version-history":[{"count":1,"href":"https:\/\/www.evafm.net\/sitio\/wp-json\/wp\/v2\/posts\/97455\/revisions"}],"predecessor-version":[{"id":97457,"href":"https:\/\/www.evafm.net\/sitio\/wp-json\/wp\/v2\/posts\/97455\/revisions\/97457"}],"wp:featuredmedia":[{"embeddable":true,"href":"https:\/\/www.evafm.net\/sitio\/wp-json\/wp\/v2\/media\/97456"}],"wp:attachment":[{"href":"https:\/\/www.evafm.net\/sitio\/wp-json\/wp\/v2\/media?parent=97455"}],"wp:term":[{"taxonomy":"category","embeddable":true,"href":"https:\/\/www.evafm.net\/sitio\/wp-json\/wp\/v2\/categories?post=97455"},{"taxonomy":"post_tag","embeddable":true,"href":"https:\/\/www.evafm.net\/sitio\/wp-json\/wp\/v2\/tags?post=97455"}],"curies":[{"name":"wp","href":"https:\/\/api.w.org\/{rel}","templated":true}]}}