{"id":97509,"date":"2025-12-28T20:42:34","date_gmt":"2025-12-29T01:42:34","guid":{"rendered":"https:\/\/www.evafm.net\/sitio\/?p=97509"},"modified":"2025-12-28T20:42:34","modified_gmt":"2025-12-29T01:42:34","slug":"willian-pacho-fue-elegido-en-el-equipo-ideal-2025-por-la-iffhs","status":"publish","type":"post","link":"https:\/\/www.evafm.net\/sitio\/willian-pacho-fue-elegido-en-el-equipo-ideal-2025-por-la-iffhs\/","title":{"rendered":"Willian Pacho fue elegido en el equipo ideal 2025 por la IFFHS"},"content":{"rendered":"<p>Un reconocimiento m\u00e1s se suma a la brillante carrera de<strong>\u00a0<a href=\"https:\/\/www.ecuavisa.com\/metadatos\/-\/meta\/willian-pacho\" data-mrf-link=\"https:\/\/www.ecuavisa.com\/metadatos\/-\/meta\/willian-pacho\">Willian Pacho<\/a><\/strong>. Sin duda, el 2025 ha sido el mejor a\u00f1o en la trayectoria del zaguero ecuatoriano.<\/p>\n<p>En esta ocasi\u00f3n, la\u00a0<b>Federaci\u00f3n Internacional de Historia y Estad\u00edstica del F\u00fatbol (IFFHS)<\/b>\u00a0lo incluy\u00f3 en el <strong>once ideal de la temporada.<\/strong><\/p>\n<p>Es la primera vez que un futbolista ecuatoriano integra esta prestigiosa lista, un logro que refleja su\u00a0<b>esfuerzo, disciplina y constancia.<\/b><\/p>\n<p><b>Pacho lleg\u00f3 al Par\u00eds Saint-Germain con la ilusi\u00f3n de ganarse un puesto como titular<\/b>, pero su rendimiento super\u00f3 las expectativas y lo convirti\u00f3 en una de las piezas clave del equipo dirigido por Luis Enrique.<\/p>\n<p>El estratega espa\u00f1ol destac\u00f3\u00a0<b>la r\u00e1pida adaptaci\u00f3n del defensor\u00a0<\/b>tanto a la idea de juego como a una liga diferente, algo que no todos los futbolistas logran, especialmente en su primera temporada.<\/p>\n<p>&nbsp;<\/p>\n<p>Durante el a\u00f1o,\u00a0<b>Pacho disput\u00f3 57 partidos en todas las competiciones y acumul\u00f3 4 544 minutos en cancha<\/b>, siendo uno de los jugadores con mayor participaci\u00f3n bajo el mando de <strong>Luis Enrique.<\/strong><\/p>\n<p>En la zaga central se entendi\u00f3 a la perfecci\u00f3n con el brasile\u00f1o\u00a0<b>Marquinhos<\/b>, quien lo respald\u00f3 con su experiencia y contribuy\u00f3 a consolidar una de las defensas m\u00e1s s\u00f3lidas de Europa.<\/p>\n<p>Adem\u00e1s, el ecuatoriano tambi\u00e9n fue incluido en el equipo ideal de los premios\u00a0<b>The Best.<\/b><\/p>\n<p>Ahora, el reto para\u00a0<b>Pacho ser\u00e1 igualar o superar lo conseguido en este hist\u00f3rico 2025. (D)<\/b><\/p>\n<div class=\"css-175oi2r r-18u37iz r-136ojw6\">\n<div class=\"css-175oi2r r-1iusvr4 r-16y2uox r-1777fci\">\n<div class=\"css-175oi2r r-zl2h9q\">\n<div class=\"css-175oi2r r-k4xj1c r-18u37iz r-1wtj0ep\">\n<div class=\"css-175oi2r r-1d09ksm r-18u37iz r-1wbh5a2\">\n<div class=\"css-175oi2r r-1wbh5a2 r-dnmrzs r-1ny4l3l\">\n<div id=\"id__snq4c82562m\" class=\"css-175oi2r r-1wbh5a2 r-dnmrzs r-1ny4l3l\" data-testid=\"User-Name\">\n<div class=\"css-175oi2r r-1awozwy r-18u37iz r-1wbh5a2 r-dnmrzs\">\n<div class=\"css-175oi2r r-1wbh5a2 r-dnmrzs\">\n<div class=\"css-175oi2r r-1awozwy r-18u37iz r-1wbh5a2 r-dnmrzs\">\n<div class=\"css-146c3p1 r-bcqeeo r-1ttztb7 r-qvutc0 r-37j5jr r-a023e6 r-rjixqe r-b88u0q r-1awozwy r-6koalj r-1udh08x r-3s2u2q\" dir=\"ltr\"><strong><span class=\"css-1jxf684 r-dnmrzs r-1udh08x r-1udbk01 r-3s2u2q r-bcqeeo r-1ttztb7 r-qvutc0 r-poiln3\"><span class=\"css-1jxf684 r-bcqeeo r-1ttztb7 r-qvutc0 r-poiln3\">The Touchline | \ud835\udc13<\/span><\/span><\/strong><\/div>\n<div class=\"css-146c3p1 r-bcqeeo r-1ttztb7 r-qvutc0 r-37j5jr r-a023e6 r-rjixqe r-16dba41 r-xoduu5 r-18u37iz r-1q142lx\" dir=\"ltr\"><\/div>\n<\/div>\n<\/div>\n<\/div>\n<div class=\"css-175oi2r r-18u37iz r-1wbh5a2\">\n<div class=\"css-175oi2r r-1d09ksm r-18u37iz r-1wbh5a2\">\n<div class=\"css-175oi2r r-1wbh5a2 r-dnmrzs\">\n<div class=\"css-146c3p1 r-dnmrzs r-1udh08x r-1udbk01 r-3s2u2q r-bcqeeo r-1ttztb7 r-qvutc0 r-37j5jr r-a023e6 r-rjixqe r-16dba41 r-18u37iz r-1wvb978\" dir=\"ltr\"><strong><span class=\"css-1jxf684 r-bcqeeo r-1ttztb7 r-qvutc0 r-poiln3\">@TouchlineX<\/span><\/strong><\/div>\n<\/div>\n<\/div>\n<\/div>\n<\/div>\n<\/div>\n<\/div>\n<div class=\"css-175oi2r r-1kkk96v\">\n<div class=\"css-175oi2r r-1awozwy r-18u37iz r-1cmwbt1 r-1wtj0ep\">\n<div class=\"css-175oi2r r-18u37iz r-1h0z5md\"><\/div>\n<div class=\"css-175oi2r r-1awozwy r-6koalj r-18u37iz\">\n<div class=\"css-175oi2r\">\n<div class=\"css-175oi2r r-18u37iz r-1h0z5md\"><\/div>\n<\/div>\n<\/div>\n<\/div>\n<\/div>\n<\/div>\n<\/div>\n<\/div>\n<\/div>\n<div class=\"css-175oi2r\">\n<div class=\"css-175oi2r\">\n<div class=\"css-175oi2r r-1s2bzr4\">\n<div id=\"id__yf05i2ml0ig\" class=\"css-146c3p1 r-bcqeeo r-1ttztb7 r-qvutc0 r-37j5jr r-1inkyih r-16dba41 r-bnwqim r-135wba7\" dir=\"auto\" lang=\"en\" data-testid=\"tweetText\"><span class=\"css-1jxf684 r-bcqeeo r-1ttztb7 r-qvutc0 r-poiln3\"> \ud835\udde2\ud835\uddd9\ud835\uddd9\ud835\udddc\ud835\uddd6\ud835\udddc\ud835\uddd4\ud835\udddf: The IFFHS Men&#8217;s Team of the Year for 2025.<\/span><\/div>\n<\/div>\n<\/div>\n<\/div>\n<p><img decoding=\"async\" src=\"https:\/\/pbs.twimg.com\/media\/G9QwX-BXMAAZlMq?format=jpg&amp;name=900x900\" alt=\"Imagen\" \/><\/p>\n<p><strong>Fuente:<\/strong> evafm.net &#8211; ecuavisa.com<\/p>\n<div class=\"gsp_post_data\" \r\n\t            data-post_type=\"post\" \r\n\t            data-cat=\"deportes-internacionales,general\" \r\n\t            data-modified=\"120\"\r\n\t            data-created=\"1766954554\"\r\n\t            data-title=\"Willian Pacho fue elegido en el equipo ideal 2025 por la IFFHS\" \r\n\t            data-home=\"https:\/\/www.evafm.net\/sitio\"><\/div>","protected":false},"excerpt":{"rendered":"<p>Un reconocimiento m\u00e1s se suma a la brillante carrera de\u00a0Willian Pacho. Sin duda, el 2025 ha sido el mejor a\u00f1o en la trayectoria del zaguero ecuatoriano. En esta ocasi\u00f3n, la\u00a0Federaci\u00f3n Internacional de Historia y Estad\u00edstica del F\u00fatbol (IFFHS)\u00a0lo incluy\u00f3 en el once ideal de la temporada. Es la primera vez que un futbolista ecuatoriano integra&#8230;<\/p>\n","protected":false},"author":5,"featured_media":97543,"comment_status":"closed","ping_status":"open","sticky":false,"template":"","format":"standard","meta":{"_joinchat":[],"footnotes":""},"categories":[1342,1720],"tags":[],"class_list":["post-97509","post","type-post","status-publish","format-standard","has-post-thumbnail","hentry","category-deportes-internacionales","category-general","have-post-thumb"],"_links":{"self":[{"href":"https:\/\/www.evafm.net\/sitio\/wp-json\/wp\/v2\/posts\/97509","targetHints":{"allow":["GET"]}}],"collection":[{"href":"https:\/\/www.evafm.net\/sitio\/wp-json\/wp\/v2\/posts"}],"about":[{"href":"https:\/\/www.evafm.net\/sitio\/wp-json\/wp\/v2\/types\/post"}],"author":[{"embeddable":true,"href":"https:\/\/www.evafm.net\/sitio\/wp-json\/wp\/v2\/users\/5"}],"replies":[{"embeddable":true,"href":"https:\/\/www.evafm.net\/sitio\/wp-json\/wp\/v2\/comments?post=97509"}],"version-history":[{"count":1,"href":"https:\/\/www.evafm.net\/sitio\/wp-json\/wp\/v2\/posts\/97509\/revisions"}],"predecessor-version":[{"id":97544,"href":"https:\/\/www.evafm.net\/sitio\/wp-json\/wp\/v2\/posts\/97509\/revisions\/97544"}],"wp:featuredmedia":[{"embeddable":true,"href":"https:\/\/www.evafm.net\/sitio\/wp-json\/wp\/v2\/media\/97543"}],"wp:attachment":[{"href":"https:\/\/www.evafm.net\/sitio\/wp-json\/wp\/v2\/media?parent=97509"}],"wp:term":[{"taxonomy":"category","embeddable":true,"href":"https:\/\/www.evafm.net\/sitio\/wp-json\/wp\/v2\/categories?post=97509"},{"taxonomy":"post_tag","embeddable":true,"href":"https:\/\/www.evafm.net\/sitio\/wp-json\/wp\/v2\/tags?post=97509"}],"curies":[{"name":"wp","href":"https:\/\/api.w.org\/{rel}","templated":true}]}}