{"id":97547,"date":"2025-12-29T21:19:55","date_gmt":"2025-12-30T02:19:55","guid":{"rendered":"https:\/\/www.evafm.net\/sitio\/?p=97547"},"modified":"2025-12-29T21:19:55","modified_gmt":"2025-12-30T02:19:55","slug":"emelec-tendra-interventor-si-jorge-guzman-sale-de-la-presidencia","status":"publish","type":"post","link":"https:\/\/www.evafm.net\/sitio\/emelec-tendra-interventor-si-jorge-guzman-sale-de-la-presidencia\/","title":{"rendered":"Emelec tendr\u00e1 interventor, si Jorge Guzm\u00e1n sale de la presidencia"},"content":{"rendered":"<div class=\"text-content paragraph-detail lila-links\">\n<p>Un nuevo dolor de cabeza m\u00e1s que importante de cara al futuro. Una nueva sensaci\u00f3n de incertidumbre y m\u00e1s inconvenientes de cara al futuro.<\/p>\n<p><strong>S\u00ed, la directiva de\u00a0<a class=\"slug\" title=\"emelec\" href=\"https:\/\/www.ole.com.ar\/tema\/emelec.html\">Emelec\u00a0<\/a>volvi\u00f3 a recibir noticias negativas en el cierre del 2025&#8230;<\/strong><\/p>\n<\/div>\n<div class=\"text-content paragraph-detail lila-links\">\n<p>La directiva azul, con Jorge Guzm\u00e1n a la cabeza, l\u00f3gicamente se encontr\u00f3 con algunos palos en la rueda a nivel judicial durante todo este per\u00edodo.<strong>\u00a0<\/strong><\/p>\n<p><strong>Sin embargo, ahora la cuesti\u00f3n va a fondo y hasta podr\u00eda haber una intervenci\u00f3n al club.<\/strong><\/p>\n<\/div>\n<div class=\"text-content paragraph-detail lila-links\">\n<p>En primera instancia, el socio Jalil solicit\u00f3 la revocatoria de la medida cautelar impuesta por la directiva del Bombillo.<\/p>\n<p><strong>Esto avanz\u00f3 y ahora se llevar\u00e1 a cabo la audiencia del Ministerio de Educaci\u00f3n, Deporte y Cultura que puede significar algo bastante m\u00e1s grave&#8230;<\/strong><\/p>\n<\/div>\n<div class=\"text-content paragraph-detail lila-links\">\n<p>&nbsp;<\/p>\n<p>A ra\u00edz de que el gobierno de Guzm\u00e1n dio inicio sin quorum, las trabas judiciales fueron constantes durante este lapso.<\/p>\n<p><strong>En este caso el proceso administrativo retoma su curso y entra en una etapa determinante, donde hasta puede ser revocado el gobierno del ingeniero Guzm\u00e1n.<\/strong><\/p>\n<\/div>\n<div class=\"text-content paragraph-detail lila-links\">\n<p>\u00bfLo peor que podr\u00eda suceder ante esta diligencia?<\/p>\n<p><strong>Que desde el Ministerio se encuentren anomal\u00edas en el proceso y que se decida correr al actual directorio, entrando as\u00ed en una acefal\u00eda institucional que puede<\/strong><\/p>\n<p><strong> derivar en la intervenci\u00f3n del club.<\/strong>\u00a0Duro.<\/p>\n<\/div>\n<div class=\"text-content paragraph-detail lila-links\">\n<p>En tiempos donde aparecen dolores de cabeza econ\u00f3micos y diferentes problem\u00e1ticas deportivas,\u00a0<strong>los dirigentes de\u00a0<a class=\"slug\" title=\"emelec\" href=\"https:\/\/www.ole.com.ar\/tema\/emelec.html\">Emelec\u00a0<\/a>volvieron a recibir un duro rev\u00e9s y esperan por el fallo final&#8230; (D)<\/strong><\/p>\n<p><strong>Fuente: <\/strong>evafm.net &#8211; ole.com.ar<\/p>\n<\/div>\n<div class=\"gsp_post_data\" \r\n\t            data-post_type=\"post\" \r\n\t            data-cat=\"deportes-ecuador,general\" \r\n\t            data-modified=\"120\"\r\n\t            data-created=\"1767043195\"\r\n\t            data-title=\"Emelec tendr\u00e1 interventor, si Jorge Guzm\u00e1n sale de la presidencia\" \r\n\t            data-home=\"https:\/\/www.evafm.net\/sitio\"><\/div>","protected":false},"excerpt":{"rendered":"<p>Un nuevo dolor de cabeza m\u00e1s que importante de cara al futuro. Una nueva sensaci\u00f3n de incertidumbre y m\u00e1s inconvenientes de cara al futuro. S\u00ed, la directiva de\u00a0Emelec\u00a0volvi\u00f3 a recibir noticias negativas en el cierre del 2025&#8230; La directiva azul, con Jorge Guzm\u00e1n a la cabeza, l\u00f3gicamente se encontr\u00f3 con algunos palos en la rueda&#8230;<\/p>\n","protected":false},"author":5,"featured_media":97577,"comment_status":"closed","ping_status":"open","sticky":false,"template":"","format":"standard","meta":{"_joinchat":[],"footnotes":""},"categories":[1557,1720],"tags":[],"class_list":["post-97547","post","type-post","status-publish","format-standard","has-post-thumbnail","hentry","category-deportes-ecuador","category-general","have-post-thumb"],"_links":{"self":[{"href":"https:\/\/www.evafm.net\/sitio\/wp-json\/wp\/v2\/posts\/97547","targetHints":{"allow":["GET"]}}],"collection":[{"href":"https:\/\/www.evafm.net\/sitio\/wp-json\/wp\/v2\/posts"}],"about":[{"href":"https:\/\/www.evafm.net\/sitio\/wp-json\/wp\/v2\/types\/post"}],"author":[{"embeddable":true,"href":"https:\/\/www.evafm.net\/sitio\/wp-json\/wp\/v2\/users\/5"}],"replies":[{"embeddable":true,"href":"https:\/\/www.evafm.net\/sitio\/wp-json\/wp\/v2\/comments?post=97547"}],"version-history":[{"count":1,"href":"https:\/\/www.evafm.net\/sitio\/wp-json\/wp\/v2\/posts\/97547\/revisions"}],"predecessor-version":[{"id":97578,"href":"https:\/\/www.evafm.net\/sitio\/wp-json\/wp\/v2\/posts\/97547\/revisions\/97578"}],"wp:featuredmedia":[{"embeddable":true,"href":"https:\/\/www.evafm.net\/sitio\/wp-json\/wp\/v2\/media\/97577"}],"wp:attachment":[{"href":"https:\/\/www.evafm.net\/sitio\/wp-json\/wp\/v2\/media?parent=97547"}],"wp:term":[{"taxonomy":"category","embeddable":true,"href":"https:\/\/www.evafm.net\/sitio\/wp-json\/wp\/v2\/categories?post=97547"},{"taxonomy":"post_tag","embeddable":true,"href":"https:\/\/www.evafm.net\/sitio\/wp-json\/wp\/v2\/tags?post=97547"}],"curies":[{"name":"wp","href":"https:\/\/api.w.org\/{rel}","templated":true}]}}