{"id":97559,"date":"2025-12-29T18:07:52","date_gmt":"2025-12-29T23:07:52","guid":{"rendered":"https:\/\/www.evafm.net\/sitio\/?p=97559"},"modified":"2025-12-29T18:07:52","modified_gmt":"2025-12-29T23:07:52","slug":"thomas-muller-elogia-a-ecuador","status":"publish","type":"post","link":"https:\/\/www.evafm.net\/sitio\/thomas-muller-elogia-a-ecuador\/","title":{"rendered":"Thomas M\u00fcller elogia a Ecuador"},"content":{"rendered":"<p><strong>Thomas M\u00fcller\u00a0<\/strong>comenz\u00f3 a palpitar el Mundial con un an\u00e1lisis directo del\u00a0<strong>Grupo E que le toc\u00f3 a Alemania<\/strong>, donde compartir\u00e1 zona con\u00a0<a href=\"https:\/\/www.ecuavisa.com\/tema\/seleccion-ecuador-t98032\" target=\"_blank\" rel=\"noopener\"><strong>Ecuador<\/strong><\/a><strong>, Curazao y Costa de Marfil<\/strong>.<\/p>\n<p>En declaraciones al medio alem\u00e1n\u00a0<strong>Pressportal,<\/strong>\u00a0el experimentado delantero dej\u00f3 en claro que, por historia y expectativas, el margen de error es m\u00ednimo para el seleccionado germano.<\/p>\n<p>\u201cA primera vista, al leer los nombres de los rivales, es obvio que avanzar es imprescindible\u201d, afirm\u00f3<strong>\u00a0M\u00fcller<\/strong>, marcando desde el inicio la obligaci\u00f3n de Alemania de superar la fase de grupos.<\/p>\n<p>En ese contexto, dedic\u00f3 palabras de respeto a\u00a0<strong>Ecuador<\/strong>, al que defini\u00f3 como \u201cel subcampe\u00f3n de la fase clasificatoria sudamericana\u201d, subrayando el nivel competitivo con el que La Tri llega<\/p>\n<p>a la cita mundialista.<\/p>\n<p>&nbsp;<\/p>\n<p>El an\u00e1lisis fue distinto al referirse a los otros integrantes del grupo. Sobre<strong>\u00a0Curazao, M\u00fcller\u00a0<\/strong>fue tajante al describirlo como \u201cun punto ciego en el mapa futbol\u00edstico\u201d, mientras que de Costa de Marfil<\/p>\n<p>destac\u00f3 su peso continental al recordar que se trata del actual campe\u00f3n africano.<\/p>\n<p>Para cerrar, el ex Bayern M\u00fanich hizo hincapi\u00e9 en la presi\u00f3n que recae sobre Alemania tras dos Mundiales por debajo de las expectativas y teniendo en cuenta el nuevo formato del torneo.<\/p>\n<p>\u201cAvanzar es, de nuevo, imprescindible\u201d, reiter\u00f3.<\/p>\n<p>En ese escenario, el cruce entre Alemania y Ecuador, \u00faltimo partido del Grupo E, se disputar\u00e1 el 25 de junio en el\u00a0<strong>MetLife Stadium\u00a0<\/strong>y podr\u00eda ser decisivo para el futuro de ambos seleccionados.<\/p>\n<p>&nbsp;<\/p>\n<p><strong>Fuente:<\/strong> evafm.net &#8211; ecuavisa.com<\/p>\n<div class=\"gsp_post_data\" \r\n\t            data-post_type=\"post\" \r\n\t            data-cat=\"deportes-internacionales\" \r\n\t            data-modified=\"120\"\r\n\t            data-created=\"1767031672\"\r\n\t            data-title=\"Thomas M\u00fcller elogia a Ecuador\" \r\n\t            data-home=\"https:\/\/www.evafm.net\/sitio\"><\/div>","protected":false},"excerpt":{"rendered":"<p>Thomas M\u00fcller\u00a0comenz\u00f3 a palpitar el Mundial con un an\u00e1lisis directo del\u00a0Grupo E que le toc\u00f3 a Alemania, donde compartir\u00e1 zona con\u00a0Ecuador, Curazao y Costa de Marfil. En declaraciones al medio alem\u00e1n\u00a0Pressportal,\u00a0el experimentado delantero dej\u00f3 en claro que, por historia y expectativas, el margen de error es m\u00ednimo para el seleccionado germano. \u201cA primera vista, al&#8230;<\/p>\n","protected":false},"author":5,"featured_media":97560,"comment_status":"closed","ping_status":"open","sticky":false,"template":"","format":"standard","meta":{"_joinchat":[],"footnotes":""},"categories":[1342],"tags":[],"class_list":["post-97559","post","type-post","status-publish","format-standard","has-post-thumbnail","hentry","category-deportes-internacionales","have-post-thumb"],"_links":{"self":[{"href":"https:\/\/www.evafm.net\/sitio\/wp-json\/wp\/v2\/posts\/97559","targetHints":{"allow":["GET"]}}],"collection":[{"href":"https:\/\/www.evafm.net\/sitio\/wp-json\/wp\/v2\/posts"}],"about":[{"href":"https:\/\/www.evafm.net\/sitio\/wp-json\/wp\/v2\/types\/post"}],"author":[{"embeddable":true,"href":"https:\/\/www.evafm.net\/sitio\/wp-json\/wp\/v2\/users\/5"}],"replies":[{"embeddable":true,"href":"https:\/\/www.evafm.net\/sitio\/wp-json\/wp\/v2\/comments?post=97559"}],"version-history":[{"count":1,"href":"https:\/\/www.evafm.net\/sitio\/wp-json\/wp\/v2\/posts\/97559\/revisions"}],"predecessor-version":[{"id":97561,"href":"https:\/\/www.evafm.net\/sitio\/wp-json\/wp\/v2\/posts\/97559\/revisions\/97561"}],"wp:featuredmedia":[{"embeddable":true,"href":"https:\/\/www.evafm.net\/sitio\/wp-json\/wp\/v2\/media\/97560"}],"wp:attachment":[{"href":"https:\/\/www.evafm.net\/sitio\/wp-json\/wp\/v2\/media?parent=97559"}],"wp:term":[{"taxonomy":"category","embeddable":true,"href":"https:\/\/www.evafm.net\/sitio\/wp-json\/wp\/v2\/categories?post=97559"},{"taxonomy":"post_tag","embeddable":true,"href":"https:\/\/www.evafm.net\/sitio\/wp-json\/wp\/v2\/tags?post=97559"}],"curies":[{"name":"wp","href":"https:\/\/api.w.org\/{rel}","templated":true}]}}