{"id":97584,"date":"2025-12-30T21:46:49","date_gmt":"2025-12-31T02:46:49","guid":{"rendered":"https:\/\/www.evafm.net\/sitio\/?p=97584"},"modified":"2025-12-30T21:46:49","modified_gmt":"2025-12-31T02:46:49","slug":"el-millonario-precio-que-pide-el-anderlecht-por-la-venta-de-nilson-angulo-para-2026","status":"publish","type":"post","link":"https:\/\/www.evafm.net\/sitio\/el-millonario-precio-que-pide-el-anderlecht-por-la-venta-de-nilson-angulo-para-2026\/","title":{"rendered":"El millonario precio que pide el Anderlecht por la venta de Nilson Angulo para 2026"},"content":{"rendered":"<p>Antes de empezar el mercado de fichajes de 2026,\u00a0<a href=\"https:\/\/www.ecuavisa.com\/metadatos\/-\/meta\/nilson-angulo\" target=\"_blank\" rel=\"noopener\">Nilson Angulo<\/a>\u00a0despert\u00f3 el inter\u00e9s de varios clubes para su fichaje, por lo que el\u00a0<a href=\"https:\/\/www.ecuavisa.com\/metadatos\/-\/meta\/Anderlecht\" target=\"_blank\" rel=\"noopener\"><strong>Anderlecht<\/strong><\/a><strong>\u00a0ya puso un precio en el traspaso del ecuatoriano<\/strong>.<br \/>\nEl cuadro belga conoci\u00f3 que<strong>\u00a0varios clubes desean firmar al extremo<\/strong>\u00a0para 2026, por lo que el Anderlecht se adelant\u00f3 al tasar al futbolista.<br \/>\nSeg\u00fan informaci\u00f3n del periodista Diego Otero, el\u00a0<strong>Anderlecht pedir\u00e1 alrededor de USD 23 millones para vender a Angulo\u00a0<\/strong>a cualquier equipo europeo en este 2026.<\/p>\n<p>&nbsp;<\/p>\n<p>Nilson despert\u00f3 el<strong>\u00a0inter\u00e9s de\u00a0<\/strong><a href=\"https:\/\/www.ecuavisa.com\/deportes\/futbol-internacional\/nilson-angulo-despierta-interes-en-la-premier-league-manchester-united-y-tottenham-lo-siguen-de-cerca-NG10529646\" target=\"_blank\" rel=\"noopener\"><strong>varios clubes de la Premier League<\/strong><\/a><strong>\u00a0como el Tottenham y Celta de Vigo<\/strong>, por lo que el cuadro belga se adelant\u00f3 a posibles ofertas en el mercado de fichajes de enero.<\/p>\n<p>El jugador de 22 a\u00f1os vive la mejor temporada de su<strong>\u00a0carrera con cinco goles y cinco asistencias<\/strong>, tras aportar con cinco anotaciones a su club en 2025.<\/p>\n<p>Adem\u00e1s, en este a\u00f1o,\u00a0<strong>Angulo ha sido importante en el Anderlecht<\/strong>\u00a0para competir en la Liga de B\u00e9lgica y la Conference League, despu\u00e9s de formar parte del segundo plantel en la temporada pasada.<br \/>\nAntes de cerrar este 2025,\u00a0<strong>Nilson fue reconocido entre los 10 mejores sudamericanos Sub 23 q<\/strong>ue juegan en Europa, al igual que <strong>Piero Hincapi\u00e9. (D)<\/strong><\/p>\n<p>&nbsp;<\/p>\n<p><strong>Fuente:<\/strong> evafm.net &#8211; ecuavIsa.com<\/p>\n<div class=\"gsp_post_data\" \r\n\t            data-post_type=\"post\" \r\n\t            data-cat=\"deportes-internacionales,general\" \r\n\t            data-modified=\"120\"\r\n\t            data-created=\"1767131209\"\r\n\t            data-title=\"El millonario precio que pide el Anderlecht por la venta de Nilson Angulo para 2026\" \r\n\t            data-home=\"https:\/\/www.evafm.net\/sitio\"><\/div>","protected":false},"excerpt":{"rendered":"<p>Antes de empezar el mercado de fichajes de 2026,\u00a0Nilson Angulo\u00a0despert\u00f3 el inter\u00e9s de varios clubes para su fichaje, por lo que el\u00a0Anderlecht\u00a0ya puso un precio en el traspaso del ecuatoriano. El cuadro belga conoci\u00f3 que\u00a0varios clubes desean firmar al extremo\u00a0para 2026, por lo que el Anderlecht se adelant\u00f3 al tasar al futbolista. Seg\u00fan informaci\u00f3n del&#8230;<\/p>\n","protected":false},"author":5,"featured_media":97616,"comment_status":"closed","ping_status":"open","sticky":false,"template":"","format":"standard","meta":{"_joinchat":[],"footnotes":""},"categories":[1342,1720],"tags":[],"class_list":["post-97584","post","type-post","status-publish","format-standard","has-post-thumbnail","hentry","category-deportes-internacionales","category-general","have-post-thumb"],"_links":{"self":[{"href":"https:\/\/www.evafm.net\/sitio\/wp-json\/wp\/v2\/posts\/97584","targetHints":{"allow":["GET"]}}],"collection":[{"href":"https:\/\/www.evafm.net\/sitio\/wp-json\/wp\/v2\/posts"}],"about":[{"href":"https:\/\/www.evafm.net\/sitio\/wp-json\/wp\/v2\/types\/post"}],"author":[{"embeddable":true,"href":"https:\/\/www.evafm.net\/sitio\/wp-json\/wp\/v2\/users\/5"}],"replies":[{"embeddable":true,"href":"https:\/\/www.evafm.net\/sitio\/wp-json\/wp\/v2\/comments?post=97584"}],"version-history":[{"count":1,"href":"https:\/\/www.evafm.net\/sitio\/wp-json\/wp\/v2\/posts\/97584\/revisions"}],"predecessor-version":[{"id":97617,"href":"https:\/\/www.evafm.net\/sitio\/wp-json\/wp\/v2\/posts\/97584\/revisions\/97617"}],"wp:featuredmedia":[{"embeddable":true,"href":"https:\/\/www.evafm.net\/sitio\/wp-json\/wp\/v2\/media\/97616"}],"wp:attachment":[{"href":"https:\/\/www.evafm.net\/sitio\/wp-json\/wp\/v2\/media?parent=97584"}],"wp:term":[{"taxonomy":"category","embeddable":true,"href":"https:\/\/www.evafm.net\/sitio\/wp-json\/wp\/v2\/categories?post=97584"},{"taxonomy":"post_tag","embeddable":true,"href":"https:\/\/www.evafm.net\/sitio\/wp-json\/wp\/v2\/tags?post=97584"}],"curies":[{"name":"wp","href":"https:\/\/api.w.org\/{rel}","templated":true}]}}