{"id":97585,"date":"2025-12-30T13:09:48","date_gmt":"2025-12-30T18:09:48","guid":{"rendered":"https:\/\/www.evafm.net\/sitio\/?p=97585"},"modified":"2025-12-30T13:09:48","modified_gmt":"2025-12-30T18:09:48","slug":"octavio-rivero-se-queda-o-se-va-de-barcelona-sc-para-2026","status":"publish","type":"post","link":"https:\/\/www.evafm.net\/sitio\/octavio-rivero-se-queda-o-se-va-de-barcelona-sc-para-2026\/","title":{"rendered":"\u00bfOctavio Rivero se queda o se va de Barcelona SC para 2026?"},"content":{"rendered":"<p><a href=\"https:\/\/www.ecuavisa.com\/metadatos\/-\/meta\/barcelona-sc\" target=\"_blank\" rel=\"noopener\"><strong>Barcelona SC<\/strong><\/a><strong>\u00a0deber\u00e1 empezar la pretemporada 2026 en pocos d\u00edas<\/strong>, tras cerrar un fat\u00eddico 2025 con una dura derrota ante Independiente del Valle y quedarse fuera de la fase de grupos a la Copa Libertadores, pero tiene una gran inc\u00f3gnita.<br \/>\n<a href=\"https:\/\/www.ecuavisa.com\/metadatos\/-\/meta\/octavio-rivero\" target=\"_blank\" rel=\"noopener\"><strong>Octavio Rivero<\/strong><\/a><strong>\u00a0fue la figura de los toreros durante la temporada en la cancha<\/strong>; sin embargo, al finalizar el a\u00f1o, el uruguayo puso en duda su continuidad en el club por la mala relaci\u00f3n con la directiva<\/p>\n<p>de<strong> Antonio \u00c1lvarez.<\/strong><\/p>\n<p><strong>\u00bfOctavio Rivero se queda o se va de Barcelona SC?<\/strong><\/p>\n<p>A pesar de los inconvenientes entre ambos, seg\u00fan informaci\u00f3n del periodista Christian Carrasco,<strong>\u00a0Rivero est\u00e1 en los planes de Barcelona SC para 2026<\/strong>\u00a0y desde el club esperan que cumpla con todo su contrato.<\/p>\n<p>El delantero uruguayo tiene<strong>\u00a0contrato con la directiva torera hasta el final el 2027<\/strong>, por lo que esperan su continuidad, a pesar de los cuatro meses de deuda de sueldos.<\/p>\n<p>Por esa misma raz\u00f3n, de acuerdo al periodista Eduardo Erazo,\u00a0<strong>Octavio decidi\u00f3 no volver a Ecuador y no regresar a Barcelona SC<\/strong> para 2026, despu\u00e9s de los desacuerdos entre ambos.<\/p>\n<p>\u201c<a href=\"https:\/\/www.ecuavisa.com\/futbol-nacional\/octavio-rivero-la-situacion-es-insostenible-asi-es-muy-dificil-seguir-en-barcelona-sc-20251223-0087.html\" target=\"_blank\" rel=\"noopener\"><strong>La situaci\u00f3n es insostenible, con mis compa\u00f1eros la hemos pasado mal<\/strong><\/a>.<\/p>\n<p>As\u00ed es muy dif\u00edcil seguir. Yo tengo contrato, ahora quiero desconectar un poco porque el \u00faltimo tiempo fue intenso\u201d, fueron las declaraciones del uruguayo.<br \/>\nEn esta temporada, el\u00a0<strong>atacante de 33 a\u00f1os registr\u00f3 14 goles<\/strong>\u00a0en<strong> 37 partidos disputados, entre todas las competiciones.(D)<\/strong><\/p>\n<p><strong>Fuente:<\/strong> evafm-.net &#8211; ecuavisa.com<\/p>\n<div class=\"gsp_post_data\" \r\n\t            data-post_type=\"post\" \r\n\t            data-cat=\"deportes-ecuador\" \r\n\t            data-modified=\"120\"\r\n\t            data-created=\"1767100188\"\r\n\t            data-title=\"\u00bfOctavio Rivero se queda o se va de Barcelona SC para 2026?\" \r\n\t            data-home=\"https:\/\/www.evafm.net\/sitio\"><\/div>","protected":false},"excerpt":{"rendered":"<p>Barcelona SC\u00a0deber\u00e1 empezar la pretemporada 2026 en pocos d\u00edas, tras cerrar un fat\u00eddico 2025 con una dura derrota ante Independiente del Valle y quedarse fuera de la fase de grupos a la Copa Libertadores, pero tiene una gran inc\u00f3gnita. Octavio Rivero\u00a0fue la figura de los toreros durante la temporada en la cancha; sin embargo, al&#8230;<\/p>\n","protected":false},"author":5,"featured_media":97586,"comment_status":"closed","ping_status":"open","sticky":false,"template":"","format":"standard","meta":{"_joinchat":[],"footnotes":""},"categories":[1557],"tags":[],"class_list":["post-97585","post","type-post","status-publish","format-standard","has-post-thumbnail","hentry","category-deportes-ecuador","have-post-thumb"],"_links":{"self":[{"href":"https:\/\/www.evafm.net\/sitio\/wp-json\/wp\/v2\/posts\/97585","targetHints":{"allow":["GET"]}}],"collection":[{"href":"https:\/\/www.evafm.net\/sitio\/wp-json\/wp\/v2\/posts"}],"about":[{"href":"https:\/\/www.evafm.net\/sitio\/wp-json\/wp\/v2\/types\/post"}],"author":[{"embeddable":true,"href":"https:\/\/www.evafm.net\/sitio\/wp-json\/wp\/v2\/users\/5"}],"replies":[{"embeddable":true,"href":"https:\/\/www.evafm.net\/sitio\/wp-json\/wp\/v2\/comments?post=97585"}],"version-history":[{"count":1,"href":"https:\/\/www.evafm.net\/sitio\/wp-json\/wp\/v2\/posts\/97585\/revisions"}],"predecessor-version":[{"id":97587,"href":"https:\/\/www.evafm.net\/sitio\/wp-json\/wp\/v2\/posts\/97585\/revisions\/97587"}],"wp:featuredmedia":[{"embeddable":true,"href":"https:\/\/www.evafm.net\/sitio\/wp-json\/wp\/v2\/media\/97586"}],"wp:attachment":[{"href":"https:\/\/www.evafm.net\/sitio\/wp-json\/wp\/v2\/media?parent=97585"}],"wp:term":[{"taxonomy":"category","embeddable":true,"href":"https:\/\/www.evafm.net\/sitio\/wp-json\/wp\/v2\/categories?post=97585"},{"taxonomy":"post_tag","embeddable":true,"href":"https:\/\/www.evafm.net\/sitio\/wp-json\/wp\/v2\/tags?post=97585"}],"curies":[{"name":"wp","href":"https:\/\/api.w.org\/{rel}","templated":true}]}}