{"id":97619,"date":"2025-12-31T21:26:51","date_gmt":"2026-01-01T02:26:51","guid":{"rendered":"https:\/\/www.evafm.net\/sitio\/?p=97619"},"modified":"2025-12-31T21:26:52","modified_gmt":"2026-01-01T02:26:52","slug":"el-presidente-boric-recibio-las-credenciales-de-los-embajadores-de-estados-unidos-e-israel-en-chile","status":"publish","type":"post","link":"https:\/\/www.evafm.net\/sitio\/el-presidente-boric-recibio-las-credenciales-de-los-embajadores-de-estados-unidos-e-israel-en-chile\/","title":{"rendered":"El presidente Boric recibi\u00f3 las credenciales de los embajadores de Estados Unidos e Israel en Chile"},"content":{"rendered":"<p>El gobierno de\u00a0<b>Gabriel Boric\u00a0<\/b>dio vuelta la p\u00e1gina en su\u00a0<b>tensa relaci\u00f3n<\/b>\u00a0con\u00a0<b>EE.UU e Israel\u00a0<\/b>al recibir el mandatario este martes en La Moneda las cartas credenciales de sus embajadores,\u00a0<b>Brandon Judd<\/b>\u00a0y\u00a0<b>Peleg Lewi<\/b>, asunto que ven\u00eda postergando y le vali\u00f3 constantes cr\u00edticas desde la oposici\u00f3n.<\/p>\n<p class=\"paragraph\" data-mrf-recirculation=\"Links inline\">Cabe recordar que el pasado jueves 20 de noviembre, el flamante representante del gobierno norteamericano dio su primera conferencia de prensa en la que dijo estar\u00a0<b>\u201cdesilusionado\u201d<\/b>\u00a0por las\u00a0<b>constantes cr\u00edticas\u00a0<\/b>de Boric<b>\u00a0a Donald Trump.<\/b><\/p>\n<p class=\"paragraph\" data-mrf-recirculation=\"Links inline\">De paso, fustig\u00f3 la famosa\u00a0<b>\u201cpermisolog\u00eda\u201d,\u00a0<\/b>el pol\u00e9mico proyecto de\u00a0<b>cable submarino entre Chile y Hong Kong\u00a0<\/b>y desliz\u00f3 el<b>\u00a0apoyo de su gobierno\u00a0<\/b>al actual presidente electo,\u00a0<b>Jos\u00e9 Antonio Kast,\u00a0<\/b>asunto que le signific\u00f3 una\u00a0<b>nota de protesta\u00a0<\/b>al d\u00eda siguiente.<b><\/b><\/p>\n<div class=\"inline ad-wrapper\">\n<div class=\"dfpAd ad-inline\"><\/div>\n<\/div>\n<p class=\"paragraph\" data-mrf-recirculation=\"Links inline\">Esa misma noche, el Presidente Boric<b>\u00a0<\/b>critic\u00f3 la orden de Trump a sus embajadores en todo el mundo de\u00a0<b>\u201cvigilar\u201d<\/b>\u00a0a aquellos pa\u00edses cuyos gobiernos apoyen iniciativas como el\u00a0<b>aborto libre, la eutanasia y la causa LGTB+.<\/b><\/p>\n<p class=\"paragraph\" data-mrf-recirculation=\"Links inline\"><b>\u201cChile no acepta ning\u00fan tipo de tutelaje. Nuestra soberan\u00eda no se negocia\u201d<\/b>, se\u00f1al\u00f3 el mandatario chileno mediante una publicaci\u00f3n en su cuenta de\u00a0<i>X<\/i>, acompa\u00f1ada de una foto de Trump.<\/p>\n<div class=\"inline_2_DSK ad-wrapper ad-desktop\">\n<div class=\"dfpAd ad-inline\"><\/div>\n<\/div>\n<p class=\"paragraph\" data-mrf-recirculation=\"Links inline\">Pocos d\u00edas despu\u00e9s, Judd volvi\u00f3 a tensionar las relaciones diplom\u00e1ticas entre ambos pa\u00edses al asegurar que\u00a0<b>\u201clas cr\u00edticas del gobierno actual al Presidente Donald Trump tienen un costo para la relaci\u00f3n bilateral\u201d,\u00a0<\/b>en respuesta a un art\u00edculo de\u00a0<i>La Tercera<\/i>\u00a0que consignaba sus primeras \u201cfren\u00e9ticas\u201d semanas en el pa\u00eds y el r\u00e9cord que estableci\u00f3 al convertirse en el diplom\u00e1tico<b>\u00a0que m\u00e1s r\u00e1pido ha recibido una nota de protesta en la historia de la diplomacia chilena.<\/b><\/p>\n<p data-mrf-recirculation=\"Links inline\">En tanto, el embajador de Israel,\u00a0<b>Peleg Lewi,\u00a0<\/b>reemplaz\u00f3 a\u00a0<b>Gil Artzyeli,<\/b>\u00a0quien en septiembre de 2022 se qued\u00f3 de brazos cruzados en La Moneda cuando el presidente Boric se rehus\u00f3 a recibir sus credenciales a modo de cr\u00edtica por la guerra en Gaza, en una decisi\u00f3n\u00a0<b>sin precedentes\u00a0<\/b>en la diplomacia chilena.<\/p>\n<p data-mrf-recirculation=\"Links inline\"><strong>Conversaci\u00f3n relajada.<\/strong><\/p>\n<p>Una vez finalizada la actividad protocolar, el Canciller Alberto van Klaveren se\u00f1al\u00f3 que se trat\u00f3 de \u201cuna presentaci\u00f3n muy cordial, hubo una conversaci\u00f3n muy relajada, se habl\u00f3 obviamente en tono muy positivo en todos los casos. Yo obviamente no puedo revelar el contenido mismo de las conversaciones, pero les puedo asegurar que fueron realizadas en un esp\u00edritu constructivo y siempre tomando en cuenta una m\u00e1xima, que la pol\u00edtica exterior es una pol\u00edtica de Estado\u201d.<\/p>\n<p>Van Klaveren asegur\u00f3 que \u00abno hubo ning\u00fan elemento conflictivo ni pol\u00e9mico\u00bb, asegurando que las tensiones pasadas \u201cefectivamente se superaron y existe la mejor disposici\u00f3n a mantener relaciones normales con los cinco pa\u00edses cuyos embajadores presentaron credenciales\u00bb, cerr\u00f3.<\/p>\n<p>En la ceremonia tambi\u00e9n participaron los representantes de Panam\u00e1, Enrique Jim\u00e9nez; Jap\u00f3n, SONE Kenko; y Cuba, \u00d3scar Cornelio Oliva.<\/p>\n<p><strong>Las cr\u00edticas.<\/strong><\/p>\n<p class=\"paragraph\" data-mrf-recirculation=\"Links inline\">Sin embargo, desde la oposici\u00f3n fustigaron al mandatario por la demora en recibir las credenciales de ambos embajadores.<\/p>\n<p class=\"paragraph\" data-mrf-recirculation=\"Links inline\">El senador y miembro de la Comisi\u00f3n de Relaciones Exteriores,<b>\u00a0Rojo Edwards (ex PSC)<\/b>, asegur\u00f3 que la ceremonia se llev\u00f3 a cabo \u201c<b>a contrapelo y solo por la presi\u00f3n medi\u00e1tica<\/b>\u201d.<\/p>\n<p class=\"paragraph\" data-mrf-recirculation=\"Links inline\"><b>\u201cEl presidente Boric siempre utiliz\u00f3 las relaciones internacionales en beneficio pol\u00edtico propio\u201d,<\/b>\u00a0critic\u00f3.<\/p>\n<p class=\"paragraph\" data-mrf-recirculation=\"Links inline\">En tanto, el diputado\u00a0<b>Diego Schalper (RN)<\/b>\u00a0argument\u00f3 que \u201cla recepci\u00f3n de credenciales es algo protocolar que lamentablemente por el\u00a0<b>mal manejo diplom\u00e1tico de este gobierno<\/b>\u00a0se ha transformado en noticia, pero uno espera que la pol\u00edtica exterior de Chile vuelva a ser lo que fue siempre: relaciones de bajo perfil y sin pol\u00e9micas, con visi\u00f3n de Estado\u201d<b>,\u00a0<\/b>remat\u00f3.<strong> (I)<\/strong><\/p>\n<p data-mrf-recirculation=\"Links inline\"><img fetchpriority=\"high\" decoding=\"async\" class=\"global-image\" src=\"https:\/\/www.infobae.com\/resizer\/v2\/2R4OQYZWBNHZPN64FKIMBGSNOU.jpg?auth=00a3144b377df4ddf9f258890e2f3ba55228db2f95d87134bc0c28704f1027ef&amp;smart=true&amp;width=350&amp;height=213&amp;quality=85\" alt=\"El embajador de Israel, Peleg\" width=\"797\" height=\"485\" \/><\/p>\n<p data-mrf-recirculation=\"Links inline\"><strong>El embajador de Israel, Peleg Lewi, es hijo de padre uruguayo y madre argentina.<\/strong><\/p>\n<p data-mrf-recirculation=\"Links inline\"><img decoding=\"async\" class=\"global-image\" src=\"https:\/\/www.infobae.com\/resizer\/v2\/IDLNJFGZP5GJNMG6E4LJZQAY3A.jpg?auth=fe20060074f30b2ee6e1005aa380c43a455b01b28add05ec92f8324d2b8f2aac&amp;smart=true&amp;width=350&amp;height=350&amp;quality=85\" alt=\"El senador Rojo Edwards (ex\" width=\"802\" height=\"802\" \/><\/p>\n<p data-mrf-recirculation=\"Links inline\">El senador Rojo Edwards (ex PSC), asegur\u00f3 que \u201cel presidente Boric siempre utiliz\u00f3 las relaciones<\/p>\n<p data-mrf-recirculation=\"Links inline\">internacionales en beneficio pol\u00edtico propio\u201d.<\/p>\n<p data-mrf-recirculation=\"Links inline\"><strong>Fuente:<\/strong> evafm.net &#8211; infobae.com<\/p>\n<p>&nbsp;<\/p>\n<div class=\"gsp_post_data\" \r\n\t            data-post_type=\"post\" \r\n\t            data-cat=\"general,noticias-internacionales\" \r\n\t            data-modified=\"120\"\r\n\t            data-created=\"1767216411\"\r\n\t            data-title=\"El presidente Boric recibi\u00f3 las credenciales de los embajadores de Estados Unidos e Israel en Chile\" \r\n\t            data-home=\"https:\/\/www.evafm.net\/sitio\"><\/div>","protected":false},"excerpt":{"rendered":"<p>El gobierno de\u00a0Gabriel Boric\u00a0dio vuelta la p\u00e1gina en su\u00a0tensa relaci\u00f3n\u00a0con\u00a0EE.UU e Israel\u00a0al recibir el mandatario este martes en La Moneda las cartas credenciales de sus embajadores,\u00a0Brandon Judd\u00a0y\u00a0Peleg Lewi, asunto que ven\u00eda postergando y le vali\u00f3 constantes cr\u00edticas desde la oposici\u00f3n. Cabe recordar que el pasado jueves 20 de noviembre, el flamante representante del gobierno norteamericano&#8230;<\/p>\n","protected":false},"author":5,"featured_media":97651,"comment_status":"closed","ping_status":"open","sticky":false,"template":"","format":"standard","meta":{"_joinchat":[],"footnotes":""},"categories":[1720,1345],"tags":[],"class_list":["post-97619","post","type-post","status-publish","format-standard","has-post-thumbnail","hentry","category-general","category-noticias-internacionales","have-post-thumb"],"_links":{"self":[{"href":"https:\/\/www.evafm.net\/sitio\/wp-json\/wp\/v2\/posts\/97619","targetHints":{"allow":["GET"]}}],"collection":[{"href":"https:\/\/www.evafm.net\/sitio\/wp-json\/wp\/v2\/posts"}],"about":[{"href":"https:\/\/www.evafm.net\/sitio\/wp-json\/wp\/v2\/types\/post"}],"author":[{"embeddable":true,"href":"https:\/\/www.evafm.net\/sitio\/wp-json\/wp\/v2\/users\/5"}],"replies":[{"embeddable":true,"href":"https:\/\/www.evafm.net\/sitio\/wp-json\/wp\/v2\/comments?post=97619"}],"version-history":[{"count":1,"href":"https:\/\/www.evafm.net\/sitio\/wp-json\/wp\/v2\/posts\/97619\/revisions"}],"predecessor-version":[{"id":97652,"href":"https:\/\/www.evafm.net\/sitio\/wp-json\/wp\/v2\/posts\/97619\/revisions\/97652"}],"wp:featuredmedia":[{"embeddable":true,"href":"https:\/\/www.evafm.net\/sitio\/wp-json\/wp\/v2\/media\/97651"}],"wp:attachment":[{"href":"https:\/\/www.evafm.net\/sitio\/wp-json\/wp\/v2\/media?parent=97619"}],"wp:term":[{"taxonomy":"category","embeddable":true,"href":"https:\/\/www.evafm.net\/sitio\/wp-json\/wp\/v2\/categories?post=97619"},{"taxonomy":"post_tag","embeddable":true,"href":"https:\/\/www.evafm.net\/sitio\/wp-json\/wp\/v2\/tags?post=97619"}],"curies":[{"name":"wp","href":"https:\/\/api.w.org\/{rel}","templated":true}]}}