{"id":97621,"date":"2025-12-31T21:36:14","date_gmt":"2026-01-01T02:36:14","guid":{"rendered":"https:\/\/www.evafm.net\/sitio\/?p=97621"},"modified":"2025-12-31T21:36:14","modified_gmt":"2026-01-01T02:36:14","slug":"mbappe-sufre-nueva-lesion-y-se-pierde-el-primer-duelo-del-ano-con-el-real-madrid","status":"publish","type":"post","link":"https:\/\/www.evafm.net\/sitio\/mbappe-sufre-nueva-lesion-y-se-pierde-el-primer-duelo-del-ano-con-el-real-madrid\/","title":{"rendered":"Mbapp\u00e9 sufre nueva lesi\u00f3n y se pierde el primer duelo del a\u00f1o con el Real Madrid"},"content":{"rendered":"<p>El franc\u00e9s<strong>\u00a0<\/strong><a href=\"https:\/\/www.ecuavisa.com\/tema\/kylian-mbappe-t94879\" target=\"_blank\" rel=\"noopener\"><strong>Kylian Mbapp\u00e9<\/strong><\/a>, delantero del<strong>\u00a0Real Madrid<\/strong>, se perder\u00e1 como m\u00ednimo el primer partido de <strong>LaLiga de 2026<\/strong> ante<strong> el Betis<\/strong> debido a una<strong> lesi\u00f3n en la rodilla izquierda<\/strong>, detectada tras ser sometido una <strong>resonancia magn\u00e9tica,<\/strong> seg\u00fan inform\u00f3 el club blanco este mi\u00e9rcoles.<\/p>\n<p>Seg\u00fan el parte m\u00e9dico emitido por el\u00a0<strong>Real Madrid,<\/strong>\u00a0tras las pruebas efectuadas al atacante galo \u00abse le ha diagnosticado un esguince en su rodilla derecha\u00bb, con lo que queda \u00abpendiente de evoluci\u00f3n\u00bb.<\/p>\n<p>En principio es seguro que<strong>\u00a0Mbapp\u00e9,\u00a0<\/strong>que particip\u00f3 el martes en el entrenamiento abierto al p\u00fablico sin aparente problema, no podr\u00e1 estar el domingo ante el Real Betis (16:15) en un partido clave para el conjunto de Xabi Alonso, segundo clasificado a cuatro puntos del Barcelona, y es m\u00e1s que seria duda para la semifinal de la Supercopa que disputar\u00e1 el equipo madridista el d\u00eda 8 de enero en Yeda ante el Atl\u00e9tico de Madrid.<\/p>\n<p><strong>Tras la Supercopa,<\/strong> en la que podr\u00eda perderse tambi\u00e9n la final si el Real Madrid supera al Atl\u00e9tico, el conjunto blanco tiene que enfrentarse al Levante el d\u00eda 17 y al M\u00f3naco en la\u00a0<strong>Liga de Campeones el 20.<\/strong><\/p>\n<p>El Real Madrid se queda as\u00ed sin su principal referente en ataque.<\/p>\n<p>Es su m\u00e1ximo artillero, con 18 tantos esta temporada, la mitad de los tantos logrados por su equipo.<\/p>\n<p>Incluso es el m\u00e1ximo goleador de LaLiga en 2025, con un total de 39 dianas, veinte m\u00e1s que sus perseguidores, el polaco Robert Lewandowski (Barcelona) y el argentino Juli\u00e1n \u00c1lvarez (Atl\u00e9tico de Madrid). <strong>(D)<\/strong><\/p>\n<p>Fuente: evafm.net &#8211; ecuavisa.com<\/p>\n<p>&nbsp;<\/p>\n<div class=\"gsp_post_data\" \r\n\t            data-post_type=\"post\" \r\n\t            data-cat=\"deportes-internacionales,general\" \r\n\t            data-modified=\"120\"\r\n\t            data-created=\"1767216974\"\r\n\t            data-title=\"Mbapp\u00e9 sufre nueva lesi\u00f3n y se pierde el primer duelo del a\u00f1o con el Real Madrid\" \r\n\t            data-home=\"https:\/\/www.evafm.net\/sitio\"><\/div>","protected":false},"excerpt":{"rendered":"<p>El franc\u00e9s\u00a0Kylian Mbapp\u00e9, delantero del\u00a0Real Madrid, se perder\u00e1 como m\u00ednimo el primer partido de LaLiga de 2026 ante el Betis debido a una lesi\u00f3n en la rodilla izquierda, detectada tras ser sometido una resonancia magn\u00e9tica, seg\u00fan inform\u00f3 el club blanco este mi\u00e9rcoles. Seg\u00fan el parte m\u00e9dico emitido por el\u00a0Real Madrid,\u00a0tras las pruebas efectuadas al atacante&#8230;<\/p>\n","protected":false},"author":5,"featured_media":97655,"comment_status":"closed","ping_status":"open","sticky":false,"template":"","format":"standard","meta":{"_joinchat":[],"footnotes":""},"categories":[1342,1720],"tags":[],"class_list":["post-97621","post","type-post","status-publish","format-standard","has-post-thumbnail","hentry","category-deportes-internacionales","category-general","have-post-thumb"],"_links":{"self":[{"href":"https:\/\/www.evafm.net\/sitio\/wp-json\/wp\/v2\/posts\/97621","targetHints":{"allow":["GET"]}}],"collection":[{"href":"https:\/\/www.evafm.net\/sitio\/wp-json\/wp\/v2\/posts"}],"about":[{"href":"https:\/\/www.evafm.net\/sitio\/wp-json\/wp\/v2\/types\/post"}],"author":[{"embeddable":true,"href":"https:\/\/www.evafm.net\/sitio\/wp-json\/wp\/v2\/users\/5"}],"replies":[{"embeddable":true,"href":"https:\/\/www.evafm.net\/sitio\/wp-json\/wp\/v2\/comments?post=97621"}],"version-history":[{"count":1,"href":"https:\/\/www.evafm.net\/sitio\/wp-json\/wp\/v2\/posts\/97621\/revisions"}],"predecessor-version":[{"id":97656,"href":"https:\/\/www.evafm.net\/sitio\/wp-json\/wp\/v2\/posts\/97621\/revisions\/97656"}],"wp:featuredmedia":[{"embeddable":true,"href":"https:\/\/www.evafm.net\/sitio\/wp-json\/wp\/v2\/media\/97655"}],"wp:attachment":[{"href":"https:\/\/www.evafm.net\/sitio\/wp-json\/wp\/v2\/media?parent=97621"}],"wp:term":[{"taxonomy":"category","embeddable":true,"href":"https:\/\/www.evafm.net\/sitio\/wp-json\/wp\/v2\/categories?post=97621"},{"taxonomy":"post_tag","embeddable":true,"href":"https:\/\/www.evafm.net\/sitio\/wp-json\/wp\/v2\/tags?post=97621"}],"curies":[{"name":"wp","href":"https:\/\/api.w.org\/{rel}","templated":true}]}}