{"id":97626,"date":"2025-12-31T16:23:48","date_gmt":"2025-12-31T21:23:48","guid":{"rendered":"https:\/\/www.evafm.net\/sitio\/?p=97626"},"modified":"2025-12-31T16:23:48","modified_gmt":"2025-12-31T21:23:48","slug":"luis-fragozo-se-queda-en-emelec-para-2026-tras-su-polemico-mensaje","status":"publish","type":"post","link":"https:\/\/www.evafm.net\/sitio\/luis-fragozo-se-queda-en-emelec-para-2026-tras-su-polemico-mensaje\/","title":{"rendered":"Luis Fragozo se queda en Emelec para 2026, tras su pol\u00e9mico mensaje"},"content":{"rendered":"<p>El d<strong>ebut de\u00a0<\/strong><a href=\"https:\/\/www.ecuavisa.com\/metadatos\/-\/meta\/luis-fragozo\" target=\"_blank\" rel=\"noopener\"><strong>Luis Fragozo<\/strong><\/a><strong>\u00a0con el primer equipo fue una de las pocas alegr\u00edas<\/strong>\u00a0de los hinchas de\u00a0<a href=\"https:\/\/www.ecuavisa.com\/metadatos\/-\/meta\/emelec\" target=\"_blank\" rel=\"noopener\">Emelec<\/a>\u00a0en este 2025 y el extremo confirm\u00f3 su permanencia en el club para la pr\u00f3xima temporada.<br \/>\nDesde su debut, el\u00a0<strong>futbolista nacionalizado ecuatoriano demostr\u00f3 su calidad en el plantel del bombillo<\/strong>, y surgi\u00f3 la\u00a0<a href=\"https:\/\/www.ecuavisa.com\/deportes\/futbol-nacional\/luis-fragozo-despierta-interes-varios-clubes-ligapro-GJ10194255\" target=\"_blank\" rel=\"noopener\">informaci\u00f3n de que el juvenil iba a salir del club<\/a>\u00a0en este 2026, pero ratific\u00f3<\/p>\n<p>su continuidad. \u201cGracias, 2025, por todo lo que me regalaste.<\/p>\n<p>&nbsp;<\/p>\n<p><strong>Gracias por las oportunidades que llegaron cuando m\u00e1s las necesitaba<\/strong>, por las nuevas puertas que se abrieron y por los retos que me hicieron crecer\u201d, public\u00f3 el jugador de 15 a\u00f1os.<\/p>\n<p>Fragozo agreg\u00f3 que \u201cgracias por cumplir uno de mis sue\u00f1os m\u00e1s grandes, jugar profesionalmente.<\/p>\n<p>Nada fue f\u00e1cil, pero cada esfuerzo vali\u00f3 la pena.<\/p>\n<p>&nbsp;<\/p>\n<p>Este 2025 me dej\u00f3 con mucho aprendizaje, y\u00a0<strong>voy a seguir con el mismo orgullo y hambre de seguir creciendo<\/strong>\u201d, cerr\u00f3.<\/p>\n<p>Inicialmente, Luis dijo que \u00ab<strong>me voy con aprendizaje, orgullo<\/strong>\u00a0y hambre de seguir creciendo\u00bb, pero edit\u00f3 su mensaje y asegur\u00f3 su continuidad en el plantel.<\/p>\n<p>En este 2025, Fragozo tuvo su debut profesional, adem\u00e1s de\u00a0<strong>disputar 13 partidos, tres juegos como titular, y reparti\u00f3 una asistencia<\/strong>.<br \/>\nCon la continuidad del jugador de 15 a\u00f1os, Emelec podr\u00e1 armar el plantel para la pr\u00f3xima temporada, despu\u00e9s de tener alrededor de 11 bajas para 2026 por terminar el contrato.<strong> (D)<\/strong><\/p>\n<p><strong>Fuente:<\/strong> evafm.net &#8211; ecuavisa.com<\/p>\n<p>&nbsp;<\/p>\n<div class=\"gsp_post_data\" \r\n\t            data-post_type=\"post\" \r\n\t            data-cat=\"deportes-ecuador\" \r\n\t            data-modified=\"120\"\r\n\t            data-created=\"1767198228\"\r\n\t            data-title=\"Luis Fragozo se queda en Emelec para 2026, tras su pol\u00e9mico mensaje\" \r\n\t            data-home=\"https:\/\/www.evafm.net\/sitio\"><\/div>","protected":false},"excerpt":{"rendered":"<p>El debut de\u00a0Luis Fragozo\u00a0con el primer equipo fue una de las pocas alegr\u00edas\u00a0de los hinchas de\u00a0Emelec\u00a0en este 2025 y el extremo confirm\u00f3 su permanencia en el club para la pr\u00f3xima temporada. Desde su debut, el\u00a0futbolista nacionalizado ecuatoriano demostr\u00f3 su calidad en el plantel del bombillo, y surgi\u00f3 la\u00a0informaci\u00f3n de que el juvenil iba a salir&#8230;<\/p>\n","protected":false},"author":5,"featured_media":97627,"comment_status":"closed","ping_status":"open","sticky":false,"template":"","format":"standard","meta":{"_joinchat":[],"footnotes":""},"categories":[1557],"tags":[],"class_list":["post-97626","post","type-post","status-publish","format-standard","has-post-thumbnail","hentry","category-deportes-ecuador","have-post-thumb"],"_links":{"self":[{"href":"https:\/\/www.evafm.net\/sitio\/wp-json\/wp\/v2\/posts\/97626","targetHints":{"allow":["GET"]}}],"collection":[{"href":"https:\/\/www.evafm.net\/sitio\/wp-json\/wp\/v2\/posts"}],"about":[{"href":"https:\/\/www.evafm.net\/sitio\/wp-json\/wp\/v2\/types\/post"}],"author":[{"embeddable":true,"href":"https:\/\/www.evafm.net\/sitio\/wp-json\/wp\/v2\/users\/5"}],"replies":[{"embeddable":true,"href":"https:\/\/www.evafm.net\/sitio\/wp-json\/wp\/v2\/comments?post=97626"}],"version-history":[{"count":1,"href":"https:\/\/www.evafm.net\/sitio\/wp-json\/wp\/v2\/posts\/97626\/revisions"}],"predecessor-version":[{"id":97628,"href":"https:\/\/www.evafm.net\/sitio\/wp-json\/wp\/v2\/posts\/97626\/revisions\/97628"}],"wp:featuredmedia":[{"embeddable":true,"href":"https:\/\/www.evafm.net\/sitio\/wp-json\/wp\/v2\/media\/97627"}],"wp:attachment":[{"href":"https:\/\/www.evafm.net\/sitio\/wp-json\/wp\/v2\/media?parent=97626"}],"wp:term":[{"taxonomy":"category","embeddable":true,"href":"https:\/\/www.evafm.net\/sitio\/wp-json\/wp\/v2\/categories?post=97626"},{"taxonomy":"post_tag","embeddable":true,"href":"https:\/\/www.evafm.net\/sitio\/wp-json\/wp\/v2\/tags?post=97626"}],"curies":[{"name":"wp","href":"https:\/\/api.w.org\/{rel}","templated":true}]}}