{"id":97672,"date":"2026-01-02T11:12:15","date_gmt":"2026-01-02T16:12:15","guid":{"rendered":"https:\/\/www.evafm.net\/sitio\/?p=97672"},"modified":"2026-01-02T11:12:15","modified_gmt":"2026-01-02T16:12:15","slug":"la-universidad-catolica-presento-su-nuevo-escudo","status":"publish","type":"post","link":"https:\/\/www.evafm.net\/sitio\/la-universidad-catolica-presento-su-nuevo-escudo\/","title":{"rendered":"La Universidad Cat\u00f3lica present\u00f3 su nuevo escudo"},"content":{"rendered":"<p>El\u00a0<a href=\"https:\/\/www.ecuavisa.com\/deportes\/u-catolica\" target=\"_blank\" rel=\"noopener\"><strong>Club Deportivo Universidad Cat\u00f3lica<\/strong>\u00a0<\/a>dio la bienvenida al nuevo a\u00f1o con un anuncio cargado de simbolismo e historia: la presentaci\u00f3n de su renovado escudo institucional, que ahora incorpora una estrella dorada en homenaje al primer t\u00edtulo oficial en sus 62 a\u00f1os de vida, conquistado en la<strong>\u00a0Copa Ecuador 2025.<\/strong><\/p>\n<p>La instituci\u00f3n capitalina comparti\u00f3 la novedad a trav\u00e9s de su cuenta oficial en X, acompa\u00f1ada de un emotivo video y un mensaje que reflej\u00f3 el orgullo y la identidad cammarata.<\/p>\n<p>En la publicaci\u00f3n, el club destac\u00f3 el inicio de una nueva etapa marcada por el crecimiento, el trabajo y el compromiso, presentando oficialmente \u201cel nuevo logo de nuestro<strong>\u00a0Trencito Azul<\/strong>\u201d.<\/p>\n<p>&nbsp;<\/p>\n<p>La principal modificaci\u00f3n del escudo es la inclusi\u00f3n de la estrella en su parte superior, s\u00edmbolo del hist\u00f3rico campeonato logrado el 18 de diciembre de 2025.<\/p>\n<p>Aquella noche, Universidad Cat\u00f3lica se impuso 3-2 a Liga de Quito en la final disputada en el\u00a0<strong>Estadio Ol\u00edmpico Atahualpa, con goles de<\/strong><\/p>\n<p><strong> Mauricio Alonso, Gregory Anangon\u00f3 y Jos\u00e9 Fajardo,<\/strong>\u00a0coronando una campa\u00f1a invicta que qued\u00f3 grabada en la memoria de su afici\u00f3n.<\/p>\n<p>&nbsp;<\/p>\n<p>El t\u00edtulo de la Copa Ecuador no solo puso fin a una larga espera de campeonatos profesionales desde la fundaci\u00f3n del club en 1963, sino que tambi\u00e9n abri\u00f3 nuevas puertas a nivel internacional.<\/p>\n<p>La conquista asegur\u00f3 la clasificaci\u00f3n de la Chatole\u00ed a la Fase 1 de la Copa Libertadores 2026 y signific\u00f3, adem\u00e1s, el primer campeonato del entrenador Diego Mart\u00ednez al frente del plantel, consolidando un momento hist\u00f3rico para el conjunto capitalino. <strong>(D)<\/strong><\/p>\n<p><strong>Fuente:<\/strong> evafm.net &#8211; ecuavisa.com<\/p>\n<p><img fetchpriority=\"high\" decoding=\"async\" class=\"\" src=\"https:\/\/pbs.twimg.com\/media\/G9nePeRXwAEysh9.jpg\" alt=\"\ud835\udc02\ud835\udc0e\ud835\udc0d \ud835\udc12\ud835\udc14 \ud835\udc04\ud835\udc12\ud835\udc13\ud835\udc11\ud835\udc04\ud835\udc0b\ud835\udc0b\ud835\udc00 \ud835\udc06\ud835\udc00\ud835\udc0d\ud835\udc00\ud835\udc03\ud835\udc00! \ud83c\udf1f Universidad Cat\u00f3lica present\u00f3  la actualizaci\u00f3n de su escudo tras la obtenci\u00f3n de la Copa Ecuador.  \ud83d\ude86\ud83c\uddea\ud83c\udde8\ud83c\udfc6 El Trencito Azul cuenta con la estrella ganada en la parte\" width=\"586\" height=\"733\" \/><\/p>\n<p>&nbsp;<\/p>\n<blockquote class=\"twitter-tweet\" data-width=\"550\" data-dnt=\"true\">\n<p lang=\"es\" dir=\"ltr\">\ud83d\udd1dNuevo a\u00f1o, nuevo compromiso de nuestros elegidos seguir marcando el camino de la historia Cammarata <\/p>\n<p>Evolucionamos y seguimos creciendo en base a trabajo y esfuerzo. Con ustedes el nuevo logo de nuestro Trencito Azul \u2b50\ufe0f<\/p>\n<p>Dale Campe\u00f3n Dale Campe\u00f3n \ud83c\udfb6<\/p>\n<p>Esto es para ustedes \ud83d\udc99\u2026 <a href=\"https:\/\/t.co\/M6cInXYDIc\">pic.twitter.com\/M6cInXYDIc<\/a><\/p>\n<p>&mdash; U. Cat\u00f3lica Ecuador (@UCatolicaEC) <a href=\"https:\/\/twitter.com\/UCatolicaEC\/status\/2006832474286870961?ref_src=twsrc%5Etfw\">January 1, 2026<\/a><\/p><\/blockquote>\n<p><script async src=\"https:\/\/platform.twitter.com\/widgets.js\" charset=\"utf-8\"><\/script><\/p>\n<p>&nbsp;<\/p>\n<p><strong>Fuente:<\/strong> evafm.net v- ecuavisa.com<\/p>\n<div class=\"gsp_post_data\" \r\n\t            data-post_type=\"post\" \r\n\t            data-cat=\"deportes-ecuador\" \r\n\t            data-modified=\"120\"\r\n\t            data-created=\"1767352335\"\r\n\t            data-title=\"La Universidad Cat\u00f3lica present\u00f3 su nuevo escudo\" \r\n\t            data-home=\"https:\/\/www.evafm.net\/sitio\"><\/div>","protected":false},"excerpt":{"rendered":"<p>El\u00a0Club Deportivo Universidad Cat\u00f3lica\u00a0dio la bienvenida al nuevo a\u00f1o con un anuncio cargado de simbolismo e historia: la presentaci\u00f3n de su renovado escudo institucional, que ahora incorpora una estrella dorada en homenaje al primer t\u00edtulo oficial en sus 62 a\u00f1os de vida, conquistado en la\u00a0Copa Ecuador 2025. La instituci\u00f3n capitalina comparti\u00f3 la novedad a trav\u00e9s&#8230;<\/p>\n","protected":false},"author":5,"featured_media":97673,"comment_status":"closed","ping_status":"open","sticky":false,"template":"","format":"standard","meta":{"_joinchat":[],"footnotes":""},"categories":[1557],"tags":[],"class_list":["post-97672","post","type-post","status-publish","format-standard","has-post-thumbnail","hentry","category-deportes-ecuador","have-post-thumb"],"_links":{"self":[{"href":"https:\/\/www.evafm.net\/sitio\/wp-json\/wp\/v2\/posts\/97672","targetHints":{"allow":["GET"]}}],"collection":[{"href":"https:\/\/www.evafm.net\/sitio\/wp-json\/wp\/v2\/posts"}],"about":[{"href":"https:\/\/www.evafm.net\/sitio\/wp-json\/wp\/v2\/types\/post"}],"author":[{"embeddable":true,"href":"https:\/\/www.evafm.net\/sitio\/wp-json\/wp\/v2\/users\/5"}],"replies":[{"embeddable":true,"href":"https:\/\/www.evafm.net\/sitio\/wp-json\/wp\/v2\/comments?post=97672"}],"version-history":[{"count":1,"href":"https:\/\/www.evafm.net\/sitio\/wp-json\/wp\/v2\/posts\/97672\/revisions"}],"predecessor-version":[{"id":97674,"href":"https:\/\/www.evafm.net\/sitio\/wp-json\/wp\/v2\/posts\/97672\/revisions\/97674"}],"wp:featuredmedia":[{"embeddable":true,"href":"https:\/\/www.evafm.net\/sitio\/wp-json\/wp\/v2\/media\/97673"}],"wp:attachment":[{"href":"https:\/\/www.evafm.net\/sitio\/wp-json\/wp\/v2\/media?parent=97672"}],"wp:term":[{"taxonomy":"category","embeddable":true,"href":"https:\/\/www.evafm.net\/sitio\/wp-json\/wp\/v2\/categories?post=97672"},{"taxonomy":"post_tag","embeddable":true,"href":"https:\/\/www.evafm.net\/sitio\/wp-json\/wp\/v2\/tags?post=97672"}],"curies":[{"name":"wp","href":"https:\/\/api.w.org\/{rel}","templated":true}]}}