{"id":97681,"date":"2026-01-02T11:33:25","date_gmt":"2026-01-02T16:33:25","guid":{"rendered":"https:\/\/www.evafm.net\/sitio\/?p=97681"},"modified":"2026-01-02T11:33:25","modified_gmt":"2026-01-02T16:33:25","slug":"carlos-navarro-montoya-me-entusiasma-el-proyecto-de-tecnico-universitario","status":"publish","type":"post","link":"https:\/\/www.evafm.net\/sitio\/carlos-navarro-montoya-me-entusiasma-el-proyecto-de-tecnico-universitario\/","title":{"rendered":"Carlos Navarro Montoya: \u00abMe entusiasma el proyecto de T\u00e9cnico Universitario\u00bb"},"content":{"rendered":"<p>El exarquero de Boca Juniors e Independiente de Avellaneda,<strong>\u00a0Carlos Navarro Montoya<\/strong>, manifest\u00f3 su inter\u00e9s en convertirse en el nuevo director t\u00e9cnico de\u00a0<a href=\"https:\/\/www.ecuavisa.com\/deportes\/tec-universitario\" target=\"_blank\" rel=\"noopener\">T\u00e9cnico Universitario.<\/a><\/p>\n<p>El club ambate\u00f1o podr\u00eda evitar el descenso administrativo y mantenerse en la Serie A; sin embargo,\u00a0<strong>la Federaci\u00f3n Ecuatoriana de F\u00fatbol (FEF) a\u00fan no ha definido esta situaci\u00f3n.<\/strong><\/p>\n<p><strong>\u201cMe seduce el f\u00fatbol de Ecuador porque es el pa\u00eds de mayor crecimiento en los \u00faltimos a\u00f1os<\/strong>, con jugadores extraordinarios como\u00a0<strong>Hincapi\u00e9, Caicedo y Plata.\u00a0<\/strong><\/p>\n<p>Estoy dispuesto a esperar la resoluci\u00f3n jur\u00eddica del club\u201d, se\u00f1al\u00f3 el entrenador argentino en una entrevista con ABC Radio.<\/p>\n<p>\u201c<strong>No es la primera vez que surge la posibilidad de ir a Ecuador.<\/strong><\/p>\n<p>En otra ocasi\u00f3n, un equipo de Quito se comunic\u00f3 conmigo, pero prefer\u00ed quedarme como director de formativas en Boca Juniors\u201d, a\u00f1adi\u00f3.<\/p>\n<p>&nbsp;<\/p>\n<p>Adem\u00e1s, destac\u00f3 que su inter\u00e9s va m\u00e1s all\u00e1 de la categor\u00eda en la que compita el club.<\/p>\n<p>\u201cMe entusiasma el proyecto, independientemente de si es Primera Divisi\u00f3n o no.<\/p>\n<p><strong>La experiencia es m\u00e1s importante que la recompensa econ\u00f3mica.\u00a0<\/strong><\/p>\n<p>Puedo ayudar al club tanto con el primer equipo como en el \u00e1rea en la que me he formado y especializado en Europa: las divisiones formativas, que son mi otra pasi\u00f3n\u201d.<\/p>\n<p>Navarro Montoya ha trabajado en las divisiones inferiores de\u00a0<strong>Boca Juniors y tambi\u00e9n ha dirigido a Chacarita Juniors, al Guadalajara (cuarta divisi\u00f3n de Espa\u00f1a) y a Ram\u00f3n Santamarina<\/strong><\/p>\n<p>su \u00faltimo club, que compite en la tercera divisi\u00f3n del f\u00fatbol argentino.<strong>(D)<\/strong><\/p>\n<p><strong>Fuente:<\/strong> evafm.net &#8211; ecuavisa.comn<\/p>\n<div class=\"gsp_post_data\" \r\n\t            data-post_type=\"post\" \r\n\t            data-cat=\"deportes-ecuador\" \r\n\t            data-modified=\"120\"\r\n\t            data-created=\"1767353605\"\r\n\t            data-title=\"Carlos Navarro Montoya: \u00abMe entusiasma el proyecto de T\u00e9cnico Universitario\u00bb\" \r\n\t            data-home=\"https:\/\/www.evafm.net\/sitio\"><\/div>","protected":false},"excerpt":{"rendered":"<p>El exarquero de Boca Juniors e Independiente de Avellaneda,\u00a0Carlos Navarro Montoya, manifest\u00f3 su inter\u00e9s en convertirse en el nuevo director t\u00e9cnico de\u00a0T\u00e9cnico Universitario. El club ambate\u00f1o podr\u00eda evitar el descenso administrativo y mantenerse en la Serie A; sin embargo,\u00a0la Federaci\u00f3n Ecuatoriana de F\u00fatbol (FEF) a\u00fan no ha definido esta situaci\u00f3n. \u201cMe seduce el f\u00fatbol de&#8230;<\/p>\n","protected":false},"author":5,"featured_media":97683,"comment_status":"closed","ping_status":"open","sticky":false,"template":"","format":"standard","meta":{"_joinchat":[],"footnotes":""},"categories":[1557],"tags":[],"class_list":["post-97681","post","type-post","status-publish","format-standard","has-post-thumbnail","hentry","category-deportes-ecuador","have-post-thumb"],"_links":{"self":[{"href":"https:\/\/www.evafm.net\/sitio\/wp-json\/wp\/v2\/posts\/97681","targetHints":{"allow":["GET"]}}],"collection":[{"href":"https:\/\/www.evafm.net\/sitio\/wp-json\/wp\/v2\/posts"}],"about":[{"href":"https:\/\/www.evafm.net\/sitio\/wp-json\/wp\/v2\/types\/post"}],"author":[{"embeddable":true,"href":"https:\/\/www.evafm.net\/sitio\/wp-json\/wp\/v2\/users\/5"}],"replies":[{"embeddable":true,"href":"https:\/\/www.evafm.net\/sitio\/wp-json\/wp\/v2\/comments?post=97681"}],"version-history":[{"count":1,"href":"https:\/\/www.evafm.net\/sitio\/wp-json\/wp\/v2\/posts\/97681\/revisions"}],"predecessor-version":[{"id":97684,"href":"https:\/\/www.evafm.net\/sitio\/wp-json\/wp\/v2\/posts\/97681\/revisions\/97684"}],"wp:featuredmedia":[{"embeddable":true,"href":"https:\/\/www.evafm.net\/sitio\/wp-json\/wp\/v2\/media\/97683"}],"wp:attachment":[{"href":"https:\/\/www.evafm.net\/sitio\/wp-json\/wp\/v2\/media?parent=97681"}],"wp:term":[{"taxonomy":"category","embeddable":true,"href":"https:\/\/www.evafm.net\/sitio\/wp-json\/wp\/v2\/categories?post=97681"},{"taxonomy":"post_tag","embeddable":true,"href":"https:\/\/www.evafm.net\/sitio\/wp-json\/wp\/v2\/tags?post=97681"}],"curies":[{"name":"wp","href":"https:\/\/api.w.org\/{rel}","templated":true}]}}