{"id":97726,"date":"2026-01-04T16:45:40","date_gmt":"2026-01-04T21:45:40","guid":{"rendered":"https:\/\/www.evafm.net\/sitio\/?p=97726"},"modified":"2026-01-04T16:45:40","modified_gmt":"2026-01-04T21:45:40","slug":"aucas-finaliza-el-vinculo-con-juan-pablo-buch-y-busca-nuevo-dt","status":"publish","type":"post","link":"https:\/\/www.evafm.net\/sitio\/aucas-finaliza-el-vinculo-con-juan-pablo-buch-y-busca-nuevo-dt\/","title":{"rendered":"Aucas finaliza el v\u00ednculo con Juan Pablo Buch y busca nuevo DT"},"content":{"rendered":"<p><strong>Juan Pablo Buch<\/strong>\u00a0dej\u00f3 de ser el director t\u00e9cnico de<a href=\"https:\/\/www.ecuavisa.com\/deportes\/aucas\" target=\"_blank\" rel=\"noopener\"><strong>\u00a0Aucas<\/strong><\/a>. La decisi\u00f3n fue confirmada por el periodista<strong> Ligner Mendoza<\/strong>, quien inform\u00f3 que la dirigencia del club resolvi\u00f3 dar por terminado el v\u00ednculo con el entrenador colombiano.<\/p>\n<p>Con esta determinaci\u00f3n, el conjunto oriental vuelve a interrumpir el proceso encabezado por Buch, un estratega que ha tenido pasos por el\u00a0<strong>f\u00fatbol ecuatoriano<\/strong>\u00a0al frente de equipos como\u00a0<strong>T\u00e9cnico Universitario, Delf\u00edn\u00a0<\/strong>y el propio Aucas, sin poder afianzar un proyecto sostenido en el tiempo.<\/p>\n<p>De acuerdo con la informaci\u00f3n difundida, la notificaci\u00f3n al entrenador se realiz\u00f3 este s\u00e1bado mediante una llamada telef\u00f3nica, a pesar de que d\u00edas atr\u00e1s hab\u00eda sido ratificado en el<strong>\u00a0cargo.<\/strong><\/p>\n<p>La decisi\u00f3n tom\u00f3 por sorpresa, ya que se esperaba continuidad en el cuerpo t\u00e9cnico.<\/p>\n<p>Tras la salida de Buch, Aucas comenzar\u00e1 de inmediato la b\u00fasqueda de un nuevo director t\u00e9cnico con el objetivo de planificar y afrontar la temporada 2026.<strong> (D)<\/strong><\/p>\n<div class=\"css-175oi2r r-18kxxzh r-1wron08 r-onrtq4 r-1awozwy\">\n<div class=\"css-175oi2r\" data-testid=\"Tweet-User-Avatar\">\n<div class=\"css-175oi2r r-18kxxzh r-1wbh5a2 r-13qz1uu\">\n<div class=\"css-175oi2r r-1wbh5a2 r-dnmrzs\">\n<div class=\"css-175oi2r r-bztko3 r-1adg3ll\" data-testid=\"UserAvatar-Container-Aucas45\">\n<div class=\"r-1p0dtai r-1pi2tsx r-1d2f490 r-u8s1d r-ipm5af r-13qz1uu\">\n<div class=\"css-175oi2r r-1adg3ll r-1pi2tsx r-13qz1uu r-45ll9u r-u8s1d r-1v2oles r-176fswd r-bztko3\">\n<div class=\"r-1adg3ll r-13qz1uu\"><\/div>\n<div class=\"r-1p0dtai r-1pi2tsx r-1d2f490 r-u8s1d r-ipm5af r-13qz1uu\">\n<div class=\"css-175oi2r r-sdzlij r-1udh08x r-5f1w11 r-u8s1d r-8jfcpp\">\n<div class=\"css-175oi2r r-sdzlij r-1udh08x r-633pao r-45ll9u r-u8s1d r-1v2oles r-176fswd\">\n<div class=\"css-175oi2r r-1pi2tsx r-13qz1uu\"><\/div>\n<\/div>\n<div class=\"css-175oi2r r-sdzlij r-1udh08x r-633pao r-45ll9u r-u8s1d r-1v2oles r-176fswd\">\n<div class=\"css-175oi2r r-1pi2tsx r-13qz1uu r-14lw9ot\"><\/div>\n<\/div>\n<div class=\"css-175oi2r r-sdzlij r-1udh08x r-633pao r-45ll9u r-u8s1d r-1v2oles r-176fswd\">\n<div class=\"css-175oi2r r-1adg3ll r-1udh08x\">\n<div class=\"r-1adg3ll r-13qz1uu\"><strong><span class=\"css-1jxf684 r-dnmrzs r-1udh08x r-1udbk01 r-3s2u2q r-bcqeeo r-1ttztb7 r-qvutc0 r-poiln3\"><span class=\"css-1jxf684 r-bcqeeo r-1ttztb7 r-qvutc0 r-poiln3\">S. D. Aucas Oficial<\/span><\/span><\/strong><\/div>\n<\/div>\n<\/div>\n<\/div>\n<\/div>\n<\/div>\n<\/div>\n<\/div>\n<\/div>\n<\/div>\n<\/div>\n<\/div>\n<div class=\"css-175oi2r r-1iusvr4 r-16y2uox r-1777fci r-kzbkwu\">\n<div class=\"css-175oi2r r-zl2h9q\">\n<div class=\"css-175oi2r r-k4xj1c r-18u37iz r-1wtj0ep\">\n<div class=\"css-175oi2r r-1d09ksm r-18u37iz r-1wbh5a2\">\n<div class=\"css-175oi2r r-1wbh5a2 r-dnmrzs r-1ny4l3l\">\n<div id=\"id__k2ys7e8cd29\" class=\"css-175oi2r r-1wbh5a2 r-dnmrzs r-1ny4l3l r-1awozwy r-18u37iz\" data-testid=\"User-Name\">\n<div class=\"css-175oi2r r-1awozwy r-18u37iz r-1wbh5a2 r-dnmrzs\">\n<div class=\"css-175oi2r r-1wbh5a2 r-dnmrzs\">\n<div class=\"css-175oi2r r-1awozwy r-18u37iz r-1wbh5a2 r-dnmrzs\">\n<div class=\"css-146c3p1 r-bcqeeo r-1ttztb7 r-qvutc0 r-37j5jr r-a023e6 r-rjixqe r-16dba41 r-xoduu5 r-18u37iz r-1q142lx\" dir=\"ltr\"><\/div>\n<\/div>\n<\/div>\n<\/div>\n<div class=\"css-175oi2r r-18u37iz r-1wbh5a2 r-1ez5h0i\">\n<div class=\"css-175oi2r r-1d09ksm r-18u37iz r-1wbh5a2\">\n<div class=\"css-175oi2r r-1wbh5a2 r-dnmrzs\">\n<div class=\"css-146c3p1 r-dnmrzs r-1udh08x r-1udbk01 r-3s2u2q r-bcqeeo r-1ttztb7 r-qvutc0 r-37j5jr r-a023e6 r-rjixqe r-16dba41 r-18u37iz r-1wvb978\" dir=\"ltr\"><strong><span class=\"css-1jxf684 r-bcqeeo r-1ttztb7 r-qvutc0 r-poiln3\">@Aucas45<\/span><\/strong><\/div>\n<\/div>\n<div class=\"css-146c3p1 r-bcqeeo r-1ttztb7 r-qvutc0 r-37j5jr r-a023e6 r-rjixqe r-16dba41 r-1q142lx r-n7gxbd\" dir=\"ltr\" aria-hidden=\"true\"><\/div>\n<\/div>\n<\/div>\n<\/div>\n<\/div>\n<\/div>\n<div class=\"css-175oi2r r-1kkk96v\">\n<div class=\"css-175oi2r r-1awozwy r-18u37iz r-1cmwbt1 r-1wtj0ep\">\n<div class=\"css-175oi2r r-18u37iz r-1h0z5md\"><strong><span class=\"css-1jxf684 r-bcqeeo r-1ttztb7 r-qvutc0 r-poiln3\">Comunicado oficial.<\/span><\/strong><\/div>\n<\/div>\n<\/div>\n<\/div>\n<\/div>\n<\/div>\n<p><img fetchpriority=\"high\" decoding=\"async\" class=\"\" src=\"https:\/\/pbs.twimg.com\/media\/G91DdCuWYAISIM-?format=jpg&amp;name=large\" alt=\"Imagen\" width=\"658\" height=\"823\" \/><\/p>\n<p>&nbsp;<\/p>\n<p><strong>Fuente:<\/strong> evafm.net &#8211; ecuavisa.com<\/p>\n<div class=\"gsp_post_data\" \r\n\t            data-post_type=\"post\" \r\n\t            data-cat=\"deportes-ecuador\" \r\n\t            data-modified=\"120\"\r\n\t            data-created=\"1767545140\"\r\n\t            data-title=\"Aucas finaliza el v\u00ednculo con Juan Pablo Buch y busca nuevo DT\" \r\n\t            data-home=\"https:\/\/www.evafm.net\/sitio\"><\/div>","protected":false},"excerpt":{"rendered":"<p>Juan Pablo Buch\u00a0dej\u00f3 de ser el director t\u00e9cnico de\u00a0Aucas. La decisi\u00f3n fue confirmada por el periodista Ligner Mendoza, quien inform\u00f3 que la dirigencia del club resolvi\u00f3 dar por terminado el v\u00ednculo con el entrenador colombiano. Con esta determinaci\u00f3n, el conjunto oriental vuelve a interrumpir el proceso encabezado por Buch, un estratega que ha tenido pasos&#8230;<\/p>\n","protected":false},"author":5,"featured_media":97727,"comment_status":"closed","ping_status":"open","sticky":false,"template":"","format":"standard","meta":{"_joinchat":[],"footnotes":""},"categories":[1557],"tags":[],"class_list":["post-97726","post","type-post","status-publish","format-standard","has-post-thumbnail","hentry","category-deportes-ecuador","have-post-thumb"],"_links":{"self":[{"href":"https:\/\/www.evafm.net\/sitio\/wp-json\/wp\/v2\/posts\/97726","targetHints":{"allow":["GET"]}}],"collection":[{"href":"https:\/\/www.evafm.net\/sitio\/wp-json\/wp\/v2\/posts"}],"about":[{"href":"https:\/\/www.evafm.net\/sitio\/wp-json\/wp\/v2\/types\/post"}],"author":[{"embeddable":true,"href":"https:\/\/www.evafm.net\/sitio\/wp-json\/wp\/v2\/users\/5"}],"replies":[{"embeddable":true,"href":"https:\/\/www.evafm.net\/sitio\/wp-json\/wp\/v2\/comments?post=97726"}],"version-history":[{"count":1,"href":"https:\/\/www.evafm.net\/sitio\/wp-json\/wp\/v2\/posts\/97726\/revisions"}],"predecessor-version":[{"id":97728,"href":"https:\/\/www.evafm.net\/sitio\/wp-json\/wp\/v2\/posts\/97726\/revisions\/97728"}],"wp:featuredmedia":[{"embeddable":true,"href":"https:\/\/www.evafm.net\/sitio\/wp-json\/wp\/v2\/media\/97727"}],"wp:attachment":[{"href":"https:\/\/www.evafm.net\/sitio\/wp-json\/wp\/v2\/media?parent=97726"}],"wp:term":[{"taxonomy":"category","embeddable":true,"href":"https:\/\/www.evafm.net\/sitio\/wp-json\/wp\/v2\/categories?post=97726"},{"taxonomy":"post_tag","embeddable":true,"href":"https:\/\/www.evafm.net\/sitio\/wp-json\/wp\/v2\/tags?post=97726"}],"curies":[{"name":"wp","href":"https:\/\/api.w.org\/{rel}","templated":true}]}}