{"id":97755,"date":"2026-01-05T12:31:10","date_gmt":"2026-01-05T17:31:10","guid":{"rendered":"https:\/\/www.evafm.net\/sitio\/?p=97755"},"modified":"2026-01-05T12:31:10","modified_gmt":"2026-01-05T17:31:10","slug":"liga-de-quito-esta-negociando-con-janner-corozo","status":"publish","type":"post","link":"https:\/\/www.evafm.net\/sitio\/liga-de-quito-esta-negociando-con-janner-corozo\/","title":{"rendered":"Liga de Quito est\u00e1 negociando con Janner Corozo"},"content":{"rendered":"<p>El delantero ecuatoriano\u00a0<strong>Janner Corozo,<\/strong>\u00a0m\u00e1ximo goleador de Barcelona SC en la temporada 2025, estar\u00eda cerca de concretar su traspaso a\u00a0<a href=\"https:\/\/www.ecuavisa.com\/deportes\/liga-de-quito\" target=\"_blank\" rel=\"noopener\"><strong>Liga de Quito<\/strong><\/a>, seg\u00fan informaron periodistas especializados.<\/p>\n<p>A pesar de contar con contrato vigente con los toreros, el atacante busca nuevos horizontes para continuar su carrera.<\/p>\n<p><strong>Le\u00f3n Gabryel Pacheco<\/strong>\u00a0confirm\u00f3 en su cuenta de X que Corozo se encuentra ultimando detalles para el cambio de club, el destino final ser\u00eda el equipo capitalino, subcampe\u00f3n del f\u00fatbol ecuatoriano y que<\/p>\n<p>estar\u00eda buscando refrescar sus l\u00edneas ofensivas.<\/p>\n<p>Este posible movimiento podr\u00eda generar un impacto significativo en ambos clubes, siendo el camisetazo de la temporada en\u00a0<strong>LigaPro<\/strong>.<\/p>\n<p>Corozo ha sido pieza clave en el ataque amarillo, y su llegada a Liga de Quito fortalecer\u00eda al plantel albo de cara a la temporada 2026 y a los compromisos internacionales que afrontar\u00e1.<strong> (D)<\/strong><\/p>\n<p>&nbsp;<\/p>\n<p><strong>Fuente:<\/strong> evafm.net &#8211; ecuavisa.com<\/p>\n<p>&nbsp;<\/p>\n<p>&nbsp;<\/p>\n<div class=\"gsp_post_data\" \r\n\t            data-post_type=\"post\" \r\n\t            data-cat=\"deportes-ecuador\" \r\n\t            data-modified=\"120\"\r\n\t            data-created=\"1767616270\"\r\n\t            data-title=\"Liga de Quito est\u00e1 negociando con Janner Corozo\" \r\n\t            data-home=\"https:\/\/www.evafm.net\/sitio\"><\/div>","protected":false},"excerpt":{"rendered":"<p>El delantero ecuatoriano\u00a0Janner Corozo,\u00a0m\u00e1ximo goleador de Barcelona SC en la temporada 2025, estar\u00eda cerca de concretar su traspaso a\u00a0Liga de Quito, seg\u00fan informaron periodistas especializados. A pesar de contar con contrato vigente con los toreros, el atacante busca nuevos horizontes para continuar su carrera. Le\u00f3n Gabryel Pacheco\u00a0confirm\u00f3 en su cuenta de X que Corozo se&#8230;<\/p>\n","protected":false},"author":5,"featured_media":97756,"comment_status":"closed","ping_status":"open","sticky":false,"template":"","format":"standard","meta":{"_joinchat":[],"footnotes":""},"categories":[1557],"tags":[],"class_list":["post-97755","post","type-post","status-publish","format-standard","has-post-thumbnail","hentry","category-deportes-ecuador","have-post-thumb"],"_links":{"self":[{"href":"https:\/\/www.evafm.net\/sitio\/wp-json\/wp\/v2\/posts\/97755","targetHints":{"allow":["GET"]}}],"collection":[{"href":"https:\/\/www.evafm.net\/sitio\/wp-json\/wp\/v2\/posts"}],"about":[{"href":"https:\/\/www.evafm.net\/sitio\/wp-json\/wp\/v2\/types\/post"}],"author":[{"embeddable":true,"href":"https:\/\/www.evafm.net\/sitio\/wp-json\/wp\/v2\/users\/5"}],"replies":[{"embeddable":true,"href":"https:\/\/www.evafm.net\/sitio\/wp-json\/wp\/v2\/comments?post=97755"}],"version-history":[{"count":1,"href":"https:\/\/www.evafm.net\/sitio\/wp-json\/wp\/v2\/posts\/97755\/revisions"}],"predecessor-version":[{"id":97757,"href":"https:\/\/www.evafm.net\/sitio\/wp-json\/wp\/v2\/posts\/97755\/revisions\/97757"}],"wp:featuredmedia":[{"embeddable":true,"href":"https:\/\/www.evafm.net\/sitio\/wp-json\/wp\/v2\/media\/97756"}],"wp:attachment":[{"href":"https:\/\/www.evafm.net\/sitio\/wp-json\/wp\/v2\/media?parent=97755"}],"wp:term":[{"taxonomy":"category","embeddable":true,"href":"https:\/\/www.evafm.net\/sitio\/wp-json\/wp\/v2\/categories?post=97755"},{"taxonomy":"post_tag","embeddable":true,"href":"https:\/\/www.evafm.net\/sitio\/wp-json\/wp\/v2\/tags?post=97755"}],"curies":[{"name":"wp","href":"https:\/\/api.w.org\/{rel}","templated":true}]}}