{"id":97758,"date":"2026-01-05T12:37:02","date_gmt":"2026-01-05T17:37:02","guid":{"rendered":"https:\/\/www.evafm.net\/sitio\/?p=97758"},"modified":"2026-01-05T12:37:02","modified_gmt":"2026-01-05T17:37:02","slug":"norberto-araujo-sera-nuevo-entrenador-del-aucas-para-2026","status":"publish","type":"post","link":"https:\/\/www.evafm.net\/sitio\/norberto-araujo-sera-nuevo-entrenador-del-aucas-para-2026\/","title":{"rendered":"Norberto Araujo ser\u00e1 nuevo entrenador del Aucas para 2026"},"content":{"rendered":"<p>El\u00a0<a href=\"https:\/\/www.ecuavisa.com\/metadatos\/-\/meta\/sociedad-deportiva-aucas\" target=\"_blank\" rel=\"noopener\">Aucas<\/a>\u00a0cerr\u00f3 un flojo 2025 sin poder clasificar a competiciones internacionales, tras perder en la \u00faltima fecha de la LigaPro, por lo que\u00a0<strong>la directiva decidi\u00f3 tomar el camino con un nuevo entrenador.<\/strong><br \/>\nEl 4 de enero, el\u00a0<a href=\"https:\/\/www.ecuavisa.com\/futbol-nacional\/aucas-finaliza-el-vinculo-con-juan-pablo-buch-y-busca-nuevo-dt-20260104-0002.html\" target=\"_blank\" rel=\"noopener\"><strong>equipo oriental confirm\u00f3 la salida de Juan Pablo Buch<\/strong><\/a><strong>\u00a0<\/strong>como director t\u00e9cnico y ya conversa con un nuevo estratega para la pr\u00f3xima temporada.<br \/>\nSeg\u00fan informaci\u00f3n de la periodista Johana Calder\u00f3n,\u00a0<strong>Norberto Araujo negocia su contrato con Aucas para su llegada como entrenador<\/strong>\u00a0para 2026, tras su salida del <strong>Deportivo Cuenca en 2025.<\/strong><\/p>\n<p>&nbsp;<\/p>\n<p>En 2026, el\u00a0<strong>equipo quite\u00f1o buscar\u00e1 conseguir su clasificaci\u00f3n a torneos internacionales para 2027<\/strong>, tras perder su pase a la Copa Sudamericana al caer ante Macar\u00e1, por lo que solamente jugar\u00e1<\/p>\n<p>la <strong>LigaPro y Copa Ecuador.<\/strong><\/p>\n<p>El Beto fue entrenador del Deportivo Cuenca en 2024. Durante ese lapso\u00a0<strong>dirigi\u00f3 52 partidos con 21 victorias, 12 empates y 19 derrotas<\/strong>.<\/p>\n<p>Incluso, consigui\u00f3 la clasificaci\u00f3n de los morlacos a la <strong>Copa Sudamericana.<\/strong><\/p>\n<p>Antes de acabar la temporada, Araujo inform\u00f3 de su salida de los morlacos porque consider\u00f3 que\u00a0<strong>\u201cel equipo necesita otro aire en lo deportivo y por eso decido no continuar\u201d<\/strong>, detall\u00f3.<br \/>\nEn este 2025, el Aucas acab\u00f3 en el tercer lugar del segundo hexagonal con 58 puntos; mientras que el Deportivo Cuenca ocup\u00f3 el segundo casillero con <strong>59 unidades. (D)<\/strong><\/p>\n<p><strong>Fuente:<\/strong> evafm.net &#8211; ecuavisa.com<\/p>\n<div class=\"gsp_post_data\" \r\n\t            data-post_type=\"post\" \r\n\t            data-cat=\"deportes-ecuador\" \r\n\t            data-modified=\"120\"\r\n\t            data-created=\"1767616622\"\r\n\t            data-title=\"Norberto Araujo ser\u00e1 nuevo entrenador del Aucas para 2026\" \r\n\t            data-home=\"https:\/\/www.evafm.net\/sitio\"><\/div>","protected":false},"excerpt":{"rendered":"<p>El\u00a0Aucas\u00a0cerr\u00f3 un flojo 2025 sin poder clasificar a competiciones internacionales, tras perder en la \u00faltima fecha de la LigaPro, por lo que\u00a0la directiva decidi\u00f3 tomar el camino con un nuevo entrenador. El 4 de enero, el\u00a0equipo oriental confirm\u00f3 la salida de Juan Pablo Buch\u00a0como director t\u00e9cnico y ya conversa con un nuevo estratega para la&#8230;<\/p>\n","protected":false},"author":5,"featured_media":97759,"comment_status":"closed","ping_status":"open","sticky":false,"template":"","format":"standard","meta":{"_joinchat":[],"footnotes":""},"categories":[1557],"tags":[],"class_list":["post-97758","post","type-post","status-publish","format-standard","has-post-thumbnail","hentry","category-deportes-ecuador","have-post-thumb"],"_links":{"self":[{"href":"https:\/\/www.evafm.net\/sitio\/wp-json\/wp\/v2\/posts\/97758","targetHints":{"allow":["GET"]}}],"collection":[{"href":"https:\/\/www.evafm.net\/sitio\/wp-json\/wp\/v2\/posts"}],"about":[{"href":"https:\/\/www.evafm.net\/sitio\/wp-json\/wp\/v2\/types\/post"}],"author":[{"embeddable":true,"href":"https:\/\/www.evafm.net\/sitio\/wp-json\/wp\/v2\/users\/5"}],"replies":[{"embeddable":true,"href":"https:\/\/www.evafm.net\/sitio\/wp-json\/wp\/v2\/comments?post=97758"}],"version-history":[{"count":1,"href":"https:\/\/www.evafm.net\/sitio\/wp-json\/wp\/v2\/posts\/97758\/revisions"}],"predecessor-version":[{"id":97760,"href":"https:\/\/www.evafm.net\/sitio\/wp-json\/wp\/v2\/posts\/97758\/revisions\/97760"}],"wp:featuredmedia":[{"embeddable":true,"href":"https:\/\/www.evafm.net\/sitio\/wp-json\/wp\/v2\/media\/97759"}],"wp:attachment":[{"href":"https:\/\/www.evafm.net\/sitio\/wp-json\/wp\/v2\/media?parent=97758"}],"wp:term":[{"taxonomy":"category","embeddable":true,"href":"https:\/\/www.evafm.net\/sitio\/wp-json\/wp\/v2\/categories?post=97758"},{"taxonomy":"post_tag","embeddable":true,"href":"https:\/\/www.evafm.net\/sitio\/wp-json\/wp\/v2\/tags?post=97758"}],"curies":[{"name":"wp","href":"https:\/\/api.w.org\/{rel}","templated":true}]}}