{"id":97761,"date":"2026-01-05T12:45:55","date_gmt":"2026-01-05T17:45:55","guid":{"rendered":"https:\/\/www.evafm.net\/sitio\/?p=97761"},"modified":"2026-01-05T12:45:55","modified_gmt":"2026-01-05T17:45:55","slug":"liga-de-quito-presentara-sus-primeros-fichajes-en-un-evento-exclusivo","status":"publish","type":"post","link":"https:\/\/www.evafm.net\/sitio\/liga-de-quito-presentara-sus-primeros-fichajes-en-un-evento-exclusivo\/","title":{"rendered":"Liga de Quito presentar\u00e1 sus primeros fichajes en un evento exclusivo"},"content":{"rendered":"<p><a href=\"https:\/\/www.ecuavisa.com\/metadatos\/-\/meta\/liga-deportiva-universitaria\" target=\"_blank\" rel=\"noopener\"><strong>Liga de Quito<\/strong><\/a><strong>\u00a0empieza su planificaci\u00f3n para la temporada 2026<\/strong>, tras quedar en el segundo lugar de la LigaPro, y ya anunci\u00f3 el d\u00eda para presentar sus nuevos fichajes en un evento exclusivo.<br \/>\n<strong>Los albos ya tienen cerrados tres fichajes<\/strong>\u00a0para presentarlos de forma oficial, de forma exclusiva para pocos hinchas, tras perder a dos futbolistas para la pr\u00f3xima temporada.<br \/>\n<strong>Liga de Quito presentar\u00e1 a sus refuerzos el 14 de enero de 2026<\/strong>, pero solamente los aficionados que cuenten con su<strong> Tarjeta Liguista 2026<\/strong> podr\u00e1n acceder al evento.<\/p>\n<p>Adem\u00e1s de contar con un sorteo de camisetas firmadas.<\/p>\n<p>Para ser abonados, los hinchas tienen la\u00a0<strong>opci\u00f3n de pagar entre USD 80 anuales y USD 430 anuales<\/strong>\u00a0para disfrutar de los beneficios como asistir a los partidos.<\/p>\n<p><strong>Liga de Quito empezar\u00e1 su pretemporada el 15 de enero<\/strong>, por lo que ya empezar\u00e1 los entrenamientos con los flamantes fichajes.<\/p>\n<p>&nbsp;<\/p>\n<p><strong>Los albos tuvieron un destacado 2025 al ser segundos de la LigaPro<\/strong>, finalistas de la Copa Ecuador y llegaron a las semifinales de la Copa Libertadores, pero quieren destacar y alzar un trofeo en 2026.<br \/>\nEl\u00a0<a href=\"https:\/\/www.ecuavisa.com\/futbol-nacional\/liga-de-quito-ya-tiene-dos-bajas-confirmadas-para-el-2026-20251223-0083.html\" target=\"_blank\" rel=\"noopener\">cuadro quite\u00f1o tiene las\u00a0<strong>bajas confirmadas<\/strong><\/a><strong>\u00a0de Carlos Gruezo<\/strong>, quien sali\u00f3 como jugador libre, y Lautaro Pastr\u00e1n volvi\u00f3 al equipo due\u00f1o de su pase, despu\u00e9s de que no ejecutaron la opci\u00f3n de compra. <strong>(D)<\/strong><\/p>\n<div class=\"css-1dbjc4n r-18u37iz r-1t982j2\">\n<div class=\"css-1dbjc4n r-eqz5dr r-1777fci r-4amgru r-1kh6xel\">\n<div class=\"css-1dbjc4n r-1ny4l3l\">\n<div class=\"css-1dbjc4n r-1wbh5a2 r-dnmrzs r-1ny4l3l\">\n<div class=\"css-1dbjc4n r-1wbh5a2 r-dnmrzs r-1ny4l3l\">\n<div class=\"css-1dbjc4n r-1awozwy r-18u37iz r-dnmrzs\">\n<div class=\"css-901oao r-1awozwy r-18jsvk2 r-6koalj r-1qd0xha r-1b43r93 r-b88u0q r-hjklzo r-bcqeeo r-1udh08x r-3s2u2q r-qvutc0\" dir=\"auto\"><strong><span class=\"css-901oao css-16my406 css-1hf3ou5 r-poiln3 r-bcqeeo r-qvutc0\"><span class=\"css-901oao css-16my406 r-poiln3 r-bcqeeo r-qvutc0\">LDU Oficial<\/span><\/span><\/strong><\/div>\n<div class=\"css-901oao r-18jsvk2 r-xoduu5 r-18u37iz r-1q142lx r-1qd0xha r-1b43r93 r-16dba41 r-hjklzo r-bcqeeo r-qvutc0\" dir=\"auto\"><\/div>\n<\/div>\n<div class=\"css-1dbjc4n r-1awozwy r-18u37iz r-1wbh5a2\">\n<div class=\"css-1dbjc4n\">\n<div class=\"css-901oao css-1hf3ou5 r-14j79pv r-18u37iz r-1qd0xha r-1wvb978 r-1b43r93 r-16dba41 r-hjklzo r-bcqeeo r-qvutc0\" dir=\"ltr\"><strong><span class=\"css-901oao css-16my406 r-poiln3 r-bcqeeo r-qvutc0\">@LDU_Oficial<\/span><\/strong><\/div>\n<\/div>\n<div class=\"css-1dbjc4n r-18u37iz r-1q142lx\">\n<div class=\"css-901oao r-14j79pv r-1q142lx r-1qd0xha r-1b43r93 r-16dba41 r-hjklzo r-bcqeeo r-s1qlax r-qvutc0\" dir=\"auto\" aria-hidden=\"true\"><strong><span class=\"css-901oao css-16my406 r-poiln3 r-bcqeeo r-qvutc0\">\u00b7<\/span><\/strong><\/div>\n<p><strong><a class=\"css-4rbku5 css-18t94o4 css-901oao r-1loqt21 r-1qd0xha r-1b43r93 r-b88u0q r-hjklzo r-bcqeeo r-qvutc0\" dir=\"auto\" role=\"link\" href=\"https:\/\/twitter.com\/intent\/follow?ref_src=twsrc%5Etfw%7Ctwcamp%5Etweetembed%7Ctwterm%5E2007895598847119406%7Ctwgr%5Ede2d3c3648c8468f24a3fa266a6fd718821fdd5c%7Ctwcon%5Es1_&amp;ref_url=https%3A%2F%2Fwww.ecuavisa.com%2Ffutbol-nacional%2Fliga-de-quito-presentara-primeros-fichajes-evento-exclusivo-20260105-0029.html&amp;screen_name=LDU_Oficial\" target=\"_blank\" rel=\"noopener noreferrer nofollow\"><span class=\"css-901oao css-16my406 r-poiln3 r-bcqeeo r-qvutc0\">Seguir<\/span><\/a><\/strong><\/div>\n<\/div>\n<\/div>\n<\/div>\n<\/div>\n<\/div>\n<\/div>\n<div class=\"css-1dbjc4n\">\n<div class=\"css-901oao r-18jsvk2 r-1dqbpge r-1qd0xha r-1b6yd1w r-16dba41 r-7ptqe7 r-bcqeeo r-bnwqim r-qvutc0\" dir=\"auto\" lang=\"es\" data-testid=\"tweetText\"><strong><span class=\"css-901oao css-16my406 r-poiln3 r-bcqeeo r-qvutc0\">\u00a1Con tu tarjeta liguista obtienes beneficios exclusivos! <\/span><\/strong><\/div>\n<\/div>\n<div class=\"css-1dbjc4n r-1ny4l3l\">\n<div class=\"css-1dbjc4n r-1ets6dv r-1q9bdsx r-rs99b7 r-a1ub67 r-1udh08x\">\n<div><\/div>\n<article class=\"css-1dbjc4n r-1ny4l3l r-o7ynqc r-6416eg\" role=\"article\">\n<div class=\"css-1dbjc4n r-1j3zfw3 r-mszm1p r-1b3ntt7\">\n<div class=\"css-1dbjc4n r-18u37iz\">\n<div class=\"css-1dbjc4n r-1wbh5a2 r-dnmrzs r-1ny4l3l\">\n<div class=\"css-1dbjc4n r-1awozwy r-dr4v9t r-18u37iz r-1wbh5a2 r-dnmrzs r-1ny4l3l\">\n<div class=\"css-1dbjc4n r-1wbh5a2 r-dnmrzs r-1ny4l3l\">\n<div class=\"css-1dbjc4n r-1awozwy r-18u37iz r-dnmrzs\">\n<div class=\"css-1dbjc4n r-1adg3ll r-1q142lx r-1d4mawv r-bztko3\" data-testid=\"UserAvatar-Container-unknown\">\n<div class=\"r-1adg3ll r-13qz1uu\"><\/div>\n<div class=\"r-1p0dtai r-1pi2tsx r-1d2f490 r-u8s1d r-ipm5af r-13qz1uu\">\n<div class=\"css-1dbjc4n r-1adg3ll r-1pi2tsx r-1wyvozj r-bztko3 r-u8s1d r-1v2oles r-desppf r-13qz1uu\">\n<div class=\"r-1adg3ll r-13qz1uu\"><strong>Liguista Oficial<\/strong><\/div>\n<\/div>\n<\/div>\n<\/div>\n<div class=\"css-901oao r-18jsvk2 r-xoduu5 r-18u37iz r-1q142lx r-1qd0xha r-1b43r93 r-16dba41 r-hjklzo r-bcqeeo r-qvutc0\" dir=\"auto\"><\/div>\n<\/div>\n<\/div>\n<div class=\"css-1dbjc4n r-1awozwy r-18u37iz r-1wbh5a2 r-13hce6t\">\n<div class=\"css-1dbjc4n r-1wbh5a2 r-dnmrzs r-1ny4l3l\">\n<div class=\"css-1dbjc4n\">\n<div class=\"css-901oao css-1hf3ou5 r-14j79pv r-18u37iz r-1qd0xha r-1wvb978 r-1b43r93 r-16dba41 r-hjklzo r-bcqeeo r-qvutc0\" dir=\"ltr\"><strong><span class=\"css-901oao css-16my406 r-poiln3 r-bcqeeo r-qvutc0\">@LiguistaOficial<\/span><\/strong><\/div>\n<\/div>\n<\/div>\n<\/div>\n<\/div>\n<\/div>\n<\/div>\n<\/div>\n<div class=\"css-1dbjc4n r-1a8r3js r-14gqq1x r-1j3zfw3 r-mszm1p\">\n<div class=\"css-901oao r-18jsvk2 r-164hfdd r-1qd0xha r-1b43r93 r-16dba41 r-hjklzo r-bcqeeo r-bnwqim r-qvutc0\" dir=\"auto\" lang=\"es\" data-testid=\"tweetText\"><span class=\"css-901oao css-16my406 r-poiln3 r-bcqeeo r-qvutc0\">\u00a1Ser Liguista tiene privilegios! <\/span><span class=\"css-901oao css-16my406 r-poiln3 r-bcqeeo r-qvutc0\"> Presentaci\u00f3n exclusiva de los refuerzos 2026<\/span><\/div>\n<div class=\"css-901oao r-18jsvk2 r-164hfdd r-1qd0xha r-1b43r93 r-16dba41 r-hjklzo r-bcqeeo r-bnwqim r-qvutc0\" dir=\"auto\" lang=\"es\" data-testid=\"tweetText\"><span class=\"css-901oao css-16my406 r-poiln3 r-bcqeeo r-qvutc0\"> del Rey de Copas <\/span> <span class=\"css-901oao css-16my406 r-poiln3 r-bcqeeo r-qvutc0\"> 14 de enero <\/span><span class=\"css-901oao css-16my406 r-poiln3 r-bcqeeo r-qvutc0\"> Acceso solo con Tarjeta Liguista 2026 <\/span><\/div>\n<div class=\"css-901oao r-18jsvk2 r-164hfdd r-1qd0xha r-1b43r93 r-16dba41 r-hjklzo r-bcqeeo r-bnwqim r-qvutc0\" dir=\"auto\" lang=\"es\" data-testid=\"tweetText\"><span class=\"css-901oao css-16my406 r-poiln3 r-bcqeeo r-qvutc0\"> Sorteo de camisetas firmadas <\/span><\/div>\n<\/div>\n<\/article>\n<\/div>\n<\/div>\n<p><img decoding=\"async\" src=\"https:\/\/pbs.twimg.com\/media\/G91o6F8XIAEvn-V?format=jpg&amp;name=small\" alt=\"Imagen\" \/><\/p>\n<p>&nbsp;<\/p>\n<p><strong>Fuente:<\/strong> evafm.net &#8211; ecuavisa.com<\/p>\n<div class=\"gsp_post_data\" \r\n\t            data-post_type=\"post\" \r\n\t            data-cat=\"deportes-ecuador\" \r\n\t            data-modified=\"120\"\r\n\t            data-created=\"1767617155\"\r\n\t            data-title=\"Liga de Quito presentar\u00e1 sus primeros fichajes en un evento exclusivo\" \r\n\t            data-home=\"https:\/\/www.evafm.net\/sitio\"><\/div>","protected":false},"excerpt":{"rendered":"<p>Liga de Quito\u00a0empieza su planificaci\u00f3n para la temporada 2026, tras quedar en el segundo lugar de la LigaPro, y ya anunci\u00f3 el d\u00eda para presentar sus nuevos fichajes en un evento exclusivo. Los albos ya tienen cerrados tres fichajes\u00a0para presentarlos de forma oficial, de forma exclusiva para pocos hinchas, tras perder a dos futbolistas para&#8230;<\/p>\n","protected":false},"author":5,"featured_media":97762,"comment_status":"closed","ping_status":"open","sticky":false,"template":"","format":"standard","meta":{"_joinchat":[],"footnotes":""},"categories":[1557],"tags":[],"class_list":["post-97761","post","type-post","status-publish","format-standard","has-post-thumbnail","hentry","category-deportes-ecuador","have-post-thumb"],"_links":{"self":[{"href":"https:\/\/www.evafm.net\/sitio\/wp-json\/wp\/v2\/posts\/97761","targetHints":{"allow":["GET"]}}],"collection":[{"href":"https:\/\/www.evafm.net\/sitio\/wp-json\/wp\/v2\/posts"}],"about":[{"href":"https:\/\/www.evafm.net\/sitio\/wp-json\/wp\/v2\/types\/post"}],"author":[{"embeddable":true,"href":"https:\/\/www.evafm.net\/sitio\/wp-json\/wp\/v2\/users\/5"}],"replies":[{"embeddable":true,"href":"https:\/\/www.evafm.net\/sitio\/wp-json\/wp\/v2\/comments?post=97761"}],"version-history":[{"count":1,"href":"https:\/\/www.evafm.net\/sitio\/wp-json\/wp\/v2\/posts\/97761\/revisions"}],"predecessor-version":[{"id":97763,"href":"https:\/\/www.evafm.net\/sitio\/wp-json\/wp\/v2\/posts\/97761\/revisions\/97763"}],"wp:featuredmedia":[{"embeddable":true,"href":"https:\/\/www.evafm.net\/sitio\/wp-json\/wp\/v2\/media\/97762"}],"wp:attachment":[{"href":"https:\/\/www.evafm.net\/sitio\/wp-json\/wp\/v2\/media?parent=97761"}],"wp:term":[{"taxonomy":"category","embeddable":true,"href":"https:\/\/www.evafm.net\/sitio\/wp-json\/wp\/v2\/categories?post=97761"},{"taxonomy":"post_tag","embeddable":true,"href":"https:\/\/www.evafm.net\/sitio\/wp-json\/wp\/v2\/tags?post=97761"}],"curies":[{"name":"wp","href":"https:\/\/api.w.org\/{rel}","templated":true}]}}