{"id":97801,"date":"2026-01-06T12:39:44","date_gmt":"2026-01-06T17:39:44","guid":{"rendered":"https:\/\/www.evafm.net\/sitio\/?p=97801"},"modified":"2026-01-06T12:39:44","modified_gmt":"2026-01-06T17:39:44","slug":"gabriel-cortez-demando-a-barcelona-sc-por-valores-pendientes","status":"publish","type":"post","link":"https:\/\/www.evafm.net\/sitio\/gabriel-cortez-demando-a-barcelona-sc-por-valores-pendientes\/","title":{"rendered":"Gabriel Cortez demand\u00f3 a Barcelona SC por valores pendientes"},"content":{"rendered":"<p><a href=\"https:\/\/www.ecuavisa.com\/metadatos\/-\/meta\/gabriel-cortez\" target=\"_blank\" rel=\"noopener\"><strong>Gabriel Cortez<\/strong><\/a><strong>\u00a0es uno de los jugadores de\u00a0<\/strong><a href=\"https:\/\/www.ecuavisa.com\/metadatos\/-\/meta\/barcelona-sc\" target=\"_blank\" rel=\"noopener\"><strong>Barcelona SC<\/strong><\/a><strong>\u00a0que no va a seguir\u00a0<\/strong>en el plantel para la pr\u00f3xima temporada, por lo que el futbolista reclam\u00f3 sus valores pendientes ante la Federaci\u00f3n Ecuatoriana de F\u00fatbo<strong>l (FEF).<\/strong><br \/>\nAntes de finalizar el 2025, el presidente de los toreros, <strong>Antonio \u00c1lvarez,<\/strong> notific\u00f3 que los jugadores que no ser\u00e1n tomados en cuenta\u00a0<strong>para la pr\u00f3xima temporada\u00a0<\/strong><a href=\"https:\/\/www.ecuavisa.com\/futbol-nacional\/antonio-alvarez-a-los-jugadores-eso-que-dicen-de-amor-por-barcelona-sc-es-pura-boca.-su-amor-es-por-la-plata-20251217-0061.html\" target=\"_blank\" rel=\"noopener\"><strong>deber\u00e1n demandar al club para cobra<\/strong>r<\/a>.<br \/>\nAhora, de acuerdo a informaci\u00f3n del periodista Juan Francisco Rueda,\u00a0<strong>Cortez present\u00f3 una acci\u00f3n legal en la FEF contra los toreros<\/strong>\u00a0para poder cobrar los valores pendientes.<\/p>\n<p>&nbsp;<\/p>\n<p>Adem\u00e1s,\u00a0<strong>Gabriel no continuar\u00e1 en el plantel para la pr\u00f3xima temporada<\/strong>, por lo que el Loco se encuentra como agente libre, tras finalizar su contrato con los toreros.<\/p>\n<p><strong>Deportivo Cuenca quiere fichar a Gabriel Cortez para 2026.<\/strong><\/p>\n<p>El\u00a0<strong>Deportivo Cuenca quiere empezar un nuevo proyecto para este 2026<\/strong>, despu\u00e9s de contratar a Jorge C\u00e9lico como director t\u00e9cnico y la salida de<strong> Norberto Araujo.<\/strong><\/p>\n<p>Para este a\u00f1o, el\u00a0<strong>DT argentino desea contar con Cortez<\/strong>, despu\u00e9s de dirigirlo en Barcelona SC durante 2022 y generar una gran relaci\u00f3n entre ambos.<br \/>\nEn este 2025,\u00a0<strong>Cortez dej\u00f3 de tener minutos en Barcelona SC desde la llegada de Ismael Rescalvo<\/strong>\u00a0como nuevo entrenador.<\/p>\n<p>El futbolista de 30 a\u00f1os anot\u00f3 seis goles y dio dos asistencias en 25 partidos.<br \/>\nEl Loco es otra de las salidas confirmadas de los toreros para la pr\u00f3xima temporada, despu\u00e9s de que varios jugadores informen que no deseen volver al club por la mala relaci\u00f3n con la directiva.<strong> (D)<\/strong><\/p>\n<p><strong>Fuente:<\/strong> evafm.net &#8211; ecuavisa.com<\/p>\n<p>&nbsp;<\/p>\n<p>&nbsp;<\/p>\n<p>&nbsp;<\/p>\n<div class=\"gsp_post_data\" \r\n\t            data-post_type=\"post\" \r\n\t            data-cat=\"deportes-ecuador\" \r\n\t            data-modified=\"120\"\r\n\t            data-created=\"1767703184\"\r\n\t            data-title=\"Gabriel Cortez demand\u00f3 a Barcelona SC por valores pendientes\" \r\n\t            data-home=\"https:\/\/www.evafm.net\/sitio\"><\/div>","protected":false},"excerpt":{"rendered":"<p>Gabriel Cortez\u00a0es uno de los jugadores de\u00a0Barcelona SC\u00a0que no va a seguir\u00a0en el plantel para la pr\u00f3xima temporada, por lo que el futbolista reclam\u00f3 sus valores pendientes ante la Federaci\u00f3n Ecuatoriana de F\u00fatbol (FEF). Antes de finalizar el 2025, el presidente de los toreros, Antonio \u00c1lvarez, notific\u00f3 que los jugadores que no ser\u00e1n tomados en&#8230;<\/p>\n","protected":false},"author":5,"featured_media":97802,"comment_status":"closed","ping_status":"open","sticky":false,"template":"","format":"standard","meta":{"_joinchat":[],"footnotes":""},"categories":[1557],"tags":[],"class_list":["post-97801","post","type-post","status-publish","format-standard","has-post-thumbnail","hentry","category-deportes-ecuador","have-post-thumb"],"_links":{"self":[{"href":"https:\/\/www.evafm.net\/sitio\/wp-json\/wp\/v2\/posts\/97801","targetHints":{"allow":["GET"]}}],"collection":[{"href":"https:\/\/www.evafm.net\/sitio\/wp-json\/wp\/v2\/posts"}],"about":[{"href":"https:\/\/www.evafm.net\/sitio\/wp-json\/wp\/v2\/types\/post"}],"author":[{"embeddable":true,"href":"https:\/\/www.evafm.net\/sitio\/wp-json\/wp\/v2\/users\/5"}],"replies":[{"embeddable":true,"href":"https:\/\/www.evafm.net\/sitio\/wp-json\/wp\/v2\/comments?post=97801"}],"version-history":[{"count":1,"href":"https:\/\/www.evafm.net\/sitio\/wp-json\/wp\/v2\/posts\/97801\/revisions"}],"predecessor-version":[{"id":97803,"href":"https:\/\/www.evafm.net\/sitio\/wp-json\/wp\/v2\/posts\/97801\/revisions\/97803"}],"wp:featuredmedia":[{"embeddable":true,"href":"https:\/\/www.evafm.net\/sitio\/wp-json\/wp\/v2\/media\/97802"}],"wp:attachment":[{"href":"https:\/\/www.evafm.net\/sitio\/wp-json\/wp\/v2\/media?parent=97801"}],"wp:term":[{"taxonomy":"category","embeddable":true,"href":"https:\/\/www.evafm.net\/sitio\/wp-json\/wp\/v2\/categories?post=97801"},{"taxonomy":"post_tag","embeddable":true,"href":"https:\/\/www.evafm.net\/sitio\/wp-json\/wp\/v2\/tags?post=97801"}],"curies":[{"name":"wp","href":"https:\/\/api.w.org\/{rel}","templated":true}]}}