{"id":97804,"date":"2026-01-06T12:45:32","date_gmt":"2026-01-06T17:45:32","guid":{"rendered":"https:\/\/www.evafm.net\/sitio\/?p=97804"},"modified":"2026-01-06T12:45:32","modified_gmt":"2026-01-06T17:45:32","slug":"jackson-rodriguez-deja-emelec-y-se-une-a-libertad-fc","status":"publish","type":"post","link":"https:\/\/www.evafm.net\/sitio\/jackson-rodriguez-deja-emelec-y-se-une-a-libertad-fc\/","title":{"rendered":"Jackson Rodr\u00edguez deja Emelec y se une a Libertad FC"},"content":{"rendered":"<p><a href=\"https:\/\/www.ecuavisa.com\/deportes\/libertad\" target=\"_blank\" rel=\"noopener\"><strong>Libertad FC<\/strong><\/a><strong>\u00a0<\/strong>de Loja inici\u00f3 su mercado de pases 2026 con un fichaje de peso: el lateral izquierdo Jackson Rodr\u00edguez, de 27 a\u00f1os, llega al club como agente libre tras finalizar su contrato con<strong>\u00a0Emelec<\/strong>\u00a0el 31 de diciembre de 2025. La incorporaci\u00f3n fue confirmada por el periodista Ronald Pin a trav\u00e9s de sus redes sociales.<\/p>\n<p>La llegada de<strong>\u00a0Rodr\u00edguez responde a un pedido expl\u00edcito del entrenador Juan Carlos \u2018Pech\u00f3n\u2019 Le\u00f3n, quien renov\u00f3 su contrato con Libertad<\/strong>\u00a0hasta finales de 2026 y busca fortalecer tanto la defensa como la proyecci\u00f3n ofensiva del equipo para competir en la<strong>\u00a0LigaPro\u00a0<\/strong>y torneos internacionales.<\/p>\n<p>&nbsp;<\/p>\n<p>Con experiencia en el f\u00fatbol ecuatoriano y varios partidos disputados con Emelec en la pasada temporada, Rodr\u00edguez se incorpora con la motivaci\u00f3n de aportar solidez defensiva, recorrido por la banda y liderazgo en el campo, convirti\u00e9ndose en una pieza clave dentro del esquema del t\u00e9cnico lojano.<\/p>\n<p>Este fichaje marca el inicio de los movimientos de<strong>\u00a0Libertad FC\u00a0<\/strong>en el mercado de pases, con un enfoque claro en jugadores nacionales con experiencia, en busca de consolidar un plantel competitivo para afrontar la temporada 2026.<strong>(D)<\/strong><\/p>\n<p><strong>Fuente:<\/strong> evafm.net &#8211; ecuavisa.com<\/p>\n<div class=\"gsp_post_data\" \r\n\t            data-post_type=\"post\" \r\n\t            data-cat=\"deportes-ecuador\" \r\n\t            data-modified=\"120\"\r\n\t            data-created=\"1767703532\"\r\n\t            data-title=\"Jackson Rodr\u00edguez deja Emelec y se une a Libertad FC\" \r\n\t            data-home=\"https:\/\/www.evafm.net\/sitio\"><\/div>","protected":false},"excerpt":{"rendered":"<p>Libertad FC\u00a0de Loja inici\u00f3 su mercado de pases 2026 con un fichaje de peso: el lateral izquierdo Jackson Rodr\u00edguez, de 27 a\u00f1os, llega al club como agente libre tras finalizar su contrato con\u00a0Emelec\u00a0el 31 de diciembre de 2025. La incorporaci\u00f3n fue confirmada por el periodista Ronald Pin a trav\u00e9s de sus redes sociales. La llegada&#8230;<\/p>\n","protected":false},"author":5,"featured_media":97806,"comment_status":"closed","ping_status":"open","sticky":false,"template":"","format":"standard","meta":{"_joinchat":[],"footnotes":""},"categories":[1557],"tags":[],"class_list":["post-97804","post","type-post","status-publish","format-standard","has-post-thumbnail","hentry","category-deportes-ecuador","have-post-thumb"],"_links":{"self":[{"href":"https:\/\/www.evafm.net\/sitio\/wp-json\/wp\/v2\/posts\/97804","targetHints":{"allow":["GET"]}}],"collection":[{"href":"https:\/\/www.evafm.net\/sitio\/wp-json\/wp\/v2\/posts"}],"about":[{"href":"https:\/\/www.evafm.net\/sitio\/wp-json\/wp\/v2\/types\/post"}],"author":[{"embeddable":true,"href":"https:\/\/www.evafm.net\/sitio\/wp-json\/wp\/v2\/users\/5"}],"replies":[{"embeddable":true,"href":"https:\/\/www.evafm.net\/sitio\/wp-json\/wp\/v2\/comments?post=97804"}],"version-history":[{"count":1,"href":"https:\/\/www.evafm.net\/sitio\/wp-json\/wp\/v2\/posts\/97804\/revisions"}],"predecessor-version":[{"id":97807,"href":"https:\/\/www.evafm.net\/sitio\/wp-json\/wp\/v2\/posts\/97804\/revisions\/97807"}],"wp:featuredmedia":[{"embeddable":true,"href":"https:\/\/www.evafm.net\/sitio\/wp-json\/wp\/v2\/media\/97806"}],"wp:attachment":[{"href":"https:\/\/www.evafm.net\/sitio\/wp-json\/wp\/v2\/media?parent=97804"}],"wp:term":[{"taxonomy":"category","embeddable":true,"href":"https:\/\/www.evafm.net\/sitio\/wp-json\/wp\/v2\/categories?post=97804"},{"taxonomy":"post_tag","embeddable":true,"href":"https:\/\/www.evafm.net\/sitio\/wp-json\/wp\/v2\/tags?post=97804"}],"curies":[{"name":"wp","href":"https:\/\/api.w.org\/{rel}","templated":true}]}}