{"id":97821,"date":"2026-01-07T12:06:44","date_gmt":"2026-01-07T17:06:44","guid":{"rendered":"https:\/\/www.evafm.net\/sitio\/?p=97821"},"modified":"2026-01-07T12:06:44","modified_gmt":"2026-01-07T17:06:44","slug":"sheinbaum-aseguro-que-el-envio-de-petroleo-a-cuba-es-por-ayuda-humanitaria","status":"publish","type":"post","link":"https:\/\/www.evafm.net\/sitio\/sheinbaum-aseguro-que-el-envio-de-petroleo-a-cuba-es-por-ayuda-humanitaria\/","title":{"rendered":"Sheinbaum asegur\u00f3 que el env\u00edo de petr\u00f3leo a Cuba es por ayuda humanitaria"},"content":{"rendered":"<p>La presidenta de M\u00e9xico,\u00a0<b>Claudia Sheinbaum Pardo<\/b>, asegur\u00f3 que el env\u00edo de\u00a0<b>petr\u00f3leo<\/b>\u00a0a\u00a0<b>Cuba no rebasa la cantidad<\/b>\u00a0que se le ha enviado anteriormente y que forma parte tanto de la\u00a0<b>pol\u00edtica exterior<\/b>\u00a0como de la ayuda humanitaria que\u00a0<b>M\u00e9xico\u00a0<\/b>brinda.<\/p>\n<p class=\"paragraph\" data-mrf-recirculation=\"Links inline\">Esto ocurre frente a noticias recientes en las que medios afirman que tras la detenci\u00f3n de\u00a0<b>Nicol\u00e1s Maduro<\/b>, M\u00e9xico se convirti\u00f3 en el principal exportador de petr\u00f3leo.<\/p>\n<div class=\"inline ad-wrapper\">\n<div class=\"dfpAd ad-inline\">Seg\u00fan medios estadounidenses, de surtir el 44% del petr\u00f3leo que la isla adquir\u00eda, se le empez\u00f3 a otorgar una cantidad que ronda el 56%. Sin embargo, la mandataria neg\u00f3 que fuera as\u00ed.<\/div>\n<\/div>\n<div><\/div>\n<div><\/div>\n<div><strong>Sheinbaum sobre el apoyo a Cuba.<\/strong><\/div>\n<div>\n<p data-mrf-recirculation=\"Links inline\">\n<p class=\"paragraph\" data-mrf-recirculation=\"Links inline\">En conferencias de prensa anteriores, la mandataria afirm\u00f3 que se trata de una acci\u00f3n legal, hist\u00f3rica, humanitaria y transparente.<\/p>\n<p class=\"paragraph\" data-mrf-recirculation=\"Links inline\">La presidenta subray\u00f3 que esta decisi\u00f3n responde a la relaci\u00f3n bilateral que ha existido durante d\u00e9cadas entre ambos pa\u00edses, sin importar el partido pol\u00edtico en el poder.<\/p>\n<div class=\"inline_2_DSK ad-wrapper ad-desktop\">\n<div class=\"dfpAd ad-inline\"><\/div>\n<\/div>\n<p class=\"paragraph\" data-mrf-recirculation=\"Links inline\">Durante la sesi\u00f3n matutina,\u00a0<b>Sheinbaum<\/b>\u00a0recalc\u00f3 que el<b>\u00a0apoyo energ\u00e9tico\u00a0<\/b>a\u00a0<b>Cuba<\/b>\u00a0se mantiene dentro del marco legal, como parte de la pol\u00edtica exterior mexicana y los compromisos hist\u00f3ricos, por lo que se\u00f1al\u00f3 que \u201ctodo es legal y es parte de algo que se viene haciendo con Cuba desde hace mucho tiempo\u201d.<\/p>\n<\/div>\n<p class=\"paragraph\" data-mrf-recirculation=\"Links inline\">La dirigente adelant\u00f3 que\u00a0<b>Petr\u00f3leos Mexicanos<\/b>\u00a0(<b>Pemex<\/b>) presentar\u00e1 cifras detalladas sobre el volumen de barriles enviados y los precios de mercado aplicados.<\/p>\n<p class=\"paragraph\" data-mrf-recirculation=\"Links inline\">Adem\u00e1s, indic\u00f3 que la\u00a0<b>Secretar\u00eda de Relaciones Exteriores<\/b>\u00a0(<b>SRE<\/b>) le entreg\u00f3 un reporte sobre los acuerdos en materia de petr\u00f3leo alcanzados por diferentes gobiernos mexicanos.<\/p>\n<p class=\"paragraph\" data-mrf-recirculation=\"Links inline\">\u201cLo hacemos en un marco legal, como pa\u00eds soberano, y damos continuidad a una serie de apoyos que se han dado hist\u00f3ricamente de nuestro pa\u00eds a Cuba\u201d, puntualiz\u00f3 la presidenta.<\/p>\n<p data-mrf-recirculation=\"Links inline\">\n<p class=\"paragraph\" data-mrf-recirculation=\"Links inline\">La mandataria present\u00f3 una tarjeta informativa de la\u00a0<b>canciller\u00eda<\/b>\u00a0sobre cooperaci\u00f3n energ\u00e9tica y financiera.<\/p>\n<p class=\"paragraph\" data-mrf-recirculation=\"Links inline\">Entre los antecedentes destacados, mencion\u00f3 la inversi\u00f3n de 350 millones de d\u00f3lares en 1994 para modernizar la refiner\u00eda de Cienfuegos en Cuba, mediante una operaci\u00f3n de intercambio de deuda por inversi\u00f3n.<\/p>\n<p class=\"paragraph\" data-mrf-recirculation=\"Links inline\">Adem\u00e1s, record\u00f3 que en 2012 se firmaron cartas de intenci\u00f3n para que Pemex brindara asistencia t\u00e9cnica a la petrolera estatal cubana CUPET en proyectos de exploraci\u00f3n junto a consorcios internacionales.<\/p>\n<p class=\"paragraph\" data-mrf-recirculation=\"Links inline\">En 2013, durante la administraci\u00f3n de\u00a0<b>Enrique Pe\u00f1a Nieto<\/b>, el gobierno mexicano condon\u00f3 el 70% de la deuda hist\u00f3rica de Cuba con Pemex, reestructurando el resto para fomentar el\u00a0<b>comercio bilateral<\/b>.<\/p>\n<p class=\"paragraph\" data-mrf-recirculation=\"Links inline\">Durante su exposici\u00f3n,\u00a0<b>Sheinbaum<\/b>\u00a0present\u00f3 una cronolog\u00eda de encuentros presidenciales entre M\u00e9xico y Cuba, desde la primera visita oficial de\u00a0<b>Luis Echeverr\u00eda<\/b>\u00a0tras el triunfo de la revoluci\u00f3n cubana.<\/p>\n<p class=\"paragraph\" data-mrf-recirculation=\"Links inline\">Consultada sobre la posibilidad de una visita pr\u00f3xima a Cuba, la mandataria asegur\u00f3 que no tiene previsto realizar ese viaje por ahora.<\/p>\n<p class=\"paragraph\" data-mrf-recirculation=\"Links inline\">\u201cLa relaci\u00f3n de M\u00e9xico con Cuba es hist\u00f3rica. M\u00e9xico fue el \u00fanico pa\u00eds que se opuso en el primer momento al bloqueo.<\/p>\n<p class=\"paragraph\" data-mrf-recirculation=\"Links inline\">Entonces, independientemente del partido pol\u00edtico, ha habido relaci\u00f3n M\u00e9xico-Cuba.<\/p>\n<p class=\"paragraph\" data-mrf-recirculation=\"Links inline\">No es algo nuevo, no es una situaci\u00f3n nueva y todo se hace en el marco de la ley y tambi\u00e9n por motivos humanitarios al pueblo de Cuba\u201d, declar\u00f3\u00a0<b>Sheinbaum<\/b>.<strong>(I)<\/strong><\/p>\n<p data-mrf-recirculation=\"Links inline\">\n<p data-mrf-recirculation=\"Links inline\"><strong>Fuente:<\/strong> evafm.net &#8211; infobae.com<\/p>\n<p data-mrf-recirculation=\"Links inline\">\n<p data-mrf-recirculation=\"Links inline\">\n<div class=\"gsp_post_data\" \r\n\t            data-post_type=\"post\" \r\n\t            data-cat=\"general,noticias-internacionales\" \r\n\t            data-modified=\"120\"\r\n\t            data-created=\"1767787604\"\r\n\t            data-title=\"Sheinbaum asegur\u00f3 que el env\u00edo de petr\u00f3leo a Cuba es por ayuda humanitaria\" \r\n\t            data-home=\"https:\/\/www.evafm.net\/sitio\"><\/div>","protected":false},"excerpt":{"rendered":"<p>La presidenta de M\u00e9xico,\u00a0Claudia Sheinbaum Pardo, asegur\u00f3 que el env\u00edo de\u00a0petr\u00f3leo\u00a0a\u00a0Cuba no rebasa la cantidad\u00a0que se le ha enviado anteriormente y que forma parte tanto de la\u00a0pol\u00edtica exterior\u00a0como de la ayuda humanitaria que\u00a0M\u00e9xico\u00a0brinda. Esto ocurre frente a noticias recientes en las que medios afirman que tras la detenci\u00f3n de\u00a0Nicol\u00e1s Maduro, M\u00e9xico se convirti\u00f3 en el&#8230;<\/p>\n","protected":false},"author":5,"featured_media":97822,"comment_status":"closed","ping_status":"open","sticky":false,"template":"","format":"standard","meta":{"_joinchat":[],"footnotes":""},"categories":[1720,1345],"tags":[],"class_list":["post-97821","post","type-post","status-publish","format-standard","has-post-thumbnail","hentry","category-general","category-noticias-internacionales","have-post-thumb"],"_links":{"self":[{"href":"https:\/\/www.evafm.net\/sitio\/wp-json\/wp\/v2\/posts\/97821","targetHints":{"allow":["GET"]}}],"collection":[{"href":"https:\/\/www.evafm.net\/sitio\/wp-json\/wp\/v2\/posts"}],"about":[{"href":"https:\/\/www.evafm.net\/sitio\/wp-json\/wp\/v2\/types\/post"}],"author":[{"embeddable":true,"href":"https:\/\/www.evafm.net\/sitio\/wp-json\/wp\/v2\/users\/5"}],"replies":[{"embeddable":true,"href":"https:\/\/www.evafm.net\/sitio\/wp-json\/wp\/v2\/comments?post=97821"}],"version-history":[{"count":1,"href":"https:\/\/www.evafm.net\/sitio\/wp-json\/wp\/v2\/posts\/97821\/revisions"}],"predecessor-version":[{"id":97823,"href":"https:\/\/www.evafm.net\/sitio\/wp-json\/wp\/v2\/posts\/97821\/revisions\/97823"}],"wp:featuredmedia":[{"embeddable":true,"href":"https:\/\/www.evafm.net\/sitio\/wp-json\/wp\/v2\/media\/97822"}],"wp:attachment":[{"href":"https:\/\/www.evafm.net\/sitio\/wp-json\/wp\/v2\/media?parent=97821"}],"wp:term":[{"taxonomy":"category","embeddable":true,"href":"https:\/\/www.evafm.net\/sitio\/wp-json\/wp\/v2\/categories?post=97821"},{"taxonomy":"post_tag","embeddable":true,"href":"https:\/\/www.evafm.net\/sitio\/wp-json\/wp\/v2\/tags?post=97821"}],"curies":[{"name":"wp","href":"https:\/\/api.w.org\/{rel}","templated":true}]}}