{"id":97872,"date":"2026-01-08T12:26:41","date_gmt":"2026-01-08T17:26:41","guid":{"rendered":"https:\/\/www.evafm.net\/sitio\/?p=97872"},"modified":"2026-01-08T12:26:41","modified_gmt":"2026-01-08T17:26:41","slug":"cesar-farias-llegara-este-fin-de-semana-a-guayaquil-y-anuncio-un-refuerzo","status":"publish","type":"post","link":"https:\/\/www.evafm.net\/sitio\/cesar-farias-llegara-este-fin-de-semana-a-guayaquil-y-anuncio-un-refuerzo\/","title":{"rendered":"C\u00e9sar Far\u00edas llegar\u00e1 este fin de semana a Guayaquil y anuncio un refuerzo"},"content":{"rendered":"<p><a href=\"https:\/\/www.ecuavisa.com\/deportes\/barcelona\" target=\"_blank\" rel=\"noopener\"><strong>Barcelona SC<\/strong><\/a>\u00a0tendr\u00eda definido a su entrenador para la temporada 2026.<\/p>\n<p>El\u00a0<strong>venezolano C\u00e9sar Far\u00edas\u00a0<\/strong>se convertir\u00e1 en el nuevo director t\u00e9cnico del conjunto amarillo, seg\u00fan inform\u00f3 el periodista venezolano\u00a0<strong>Fernando Petrocelli<\/strong>.<\/p>\n<p>El estratega llegar\u00eda al club guayaquile\u00f1o con un contrato por una temporada, en lo que representa el inicio de un nuevo proyecto deportivo para la instituci\u00f3n torera.<\/p>\n<p><strong>Est\u00e1 previsto que Far\u00edas arribe a Guayaquil durante el fin de semana para ultimar detalles y formalizar su incorporaci\u00f3n.<\/strong><\/p>\n<p>Dentro del acuerdo se contemplar\u00eda una cl\u00e1usula de salida especial, que permitir\u00eda al entrenador desvincularse del club en caso de recibir una convocatoria para dirigir<\/p>\n<p>a la selecci\u00f3n de<strong>\u00a0Venezuela<\/strong>.<\/p>\n<p>Esta condici\u00f3n formar\u00eda parte de los t\u00e9rminos contractuales pactados entre ambas partes.<\/p>\n<p>De concretarse su llegada, Far\u00edas afrontar\u00e1 un nuevo desaf\u00edo en el f\u00fatbol ecuatoriano, con la misi\u00f3n de liderar el proceso deportivo de\u00a0<strong>Barcelona SC\u00a0<\/strong>a partir de la pr\u00f3xima temporada.<\/p>\n<p>&nbsp;<\/p>\n<p>Seg\u00fan inform\u00f3 el periodista Juan Francisco Rueda, el venezolano<strong>\u00a0C\u00e9sar Far\u00edas\u00a0<\/strong>habr\u00eda solicitado directamente la incorporaci\u00f3n de<strong>\u00a0R\u00f3mulo Otero<\/strong>, mediocampista ofensivo de<strong> 33 a\u00f1os.<\/strong><\/p>\n<p>El estratega, quien est\u00e1 pr\u00f3ximo a asumir oficialmente la direcci\u00f3n t\u00e9cnica del conjunto torero, conoce de cerca al futbolista, a quien ya dirigi\u00f3 durante su etapa en<strong>\u00a0Aucas<\/strong>.<\/p>\n<p>&nbsp;<\/p>\n<p>Actualmente,\u00a0<strong>Otero milita en Nacional de Uruguay<\/strong>; sin embargo, desde ese pa\u00eds se se\u00f1ala que el club \u2018Decano\u2019 ya estar\u00eda gestionando la rescisi\u00f3n de su contrato.<\/p>\n<p>Esta situaci\u00f3n podr\u00eda allanar el camino para una eventual negociaci\u00f3n con<strong>\u00a0Barcelona SC<\/strong>\u00a0en los pr\u00f3ximos d\u00edas.<\/p>\n<p>Este fichaje tambi\u00e9n llegar\u00eda como reemplazo de Janner Corozo que sali\u00f3 esta ma\u00f1ana a Quito para firmar con LDUQ como su nuevo club.<strong>(D)<\/strong><\/p>\n<p><strong>Fuente:<\/strong> evafm.net &#8211; ecuavisa.com<\/p>\n<div class=\"gsp_post_data\" \r\n\t            data-post_type=\"post\" \r\n\t            data-cat=\"deportes-ecuador\" \r\n\t            data-modified=\"120\"\r\n\t            data-created=\"1767875201\"\r\n\t            data-title=\"C\u00e9sar Far\u00edas llegar\u00e1 este fin de semana a Guayaquil y anuncio un refuerzo\" \r\n\t            data-home=\"https:\/\/www.evafm.net\/sitio\"><\/div>","protected":false},"excerpt":{"rendered":"<p>Barcelona SC\u00a0tendr\u00eda definido a su entrenador para la temporada 2026. El\u00a0venezolano C\u00e9sar Far\u00edas\u00a0se convertir\u00e1 en el nuevo director t\u00e9cnico del conjunto amarillo, seg\u00fan inform\u00f3 el periodista venezolano\u00a0Fernando Petrocelli. El estratega llegar\u00eda al club guayaquile\u00f1o con un contrato por una temporada, en lo que representa el inicio de un nuevo proyecto deportivo para la instituci\u00f3n torera&#8230;.<\/p>\n","protected":false},"author":5,"featured_media":97874,"comment_status":"closed","ping_status":"open","sticky":false,"template":"","format":"standard","meta":{"_joinchat":[],"footnotes":""},"categories":[1557],"tags":[],"class_list":["post-97872","post","type-post","status-publish","format-standard","has-post-thumbnail","hentry","category-deportes-ecuador","have-post-thumb"],"_links":{"self":[{"href":"https:\/\/www.evafm.net\/sitio\/wp-json\/wp\/v2\/posts\/97872","targetHints":{"allow":["GET"]}}],"collection":[{"href":"https:\/\/www.evafm.net\/sitio\/wp-json\/wp\/v2\/posts"}],"about":[{"href":"https:\/\/www.evafm.net\/sitio\/wp-json\/wp\/v2\/types\/post"}],"author":[{"embeddable":true,"href":"https:\/\/www.evafm.net\/sitio\/wp-json\/wp\/v2\/users\/5"}],"replies":[{"embeddable":true,"href":"https:\/\/www.evafm.net\/sitio\/wp-json\/wp\/v2\/comments?post=97872"}],"version-history":[{"count":1,"href":"https:\/\/www.evafm.net\/sitio\/wp-json\/wp\/v2\/posts\/97872\/revisions"}],"predecessor-version":[{"id":97875,"href":"https:\/\/www.evafm.net\/sitio\/wp-json\/wp\/v2\/posts\/97872\/revisions\/97875"}],"wp:featuredmedia":[{"embeddable":true,"href":"https:\/\/www.evafm.net\/sitio\/wp-json\/wp\/v2\/media\/97874"}],"wp:attachment":[{"href":"https:\/\/www.evafm.net\/sitio\/wp-json\/wp\/v2\/media?parent=97872"}],"wp:term":[{"taxonomy":"category","embeddable":true,"href":"https:\/\/www.evafm.net\/sitio\/wp-json\/wp\/v2\/categories?post=97872"},{"taxonomy":"post_tag","embeddable":true,"href":"https:\/\/www.evafm.net\/sitio\/wp-json\/wp\/v2\/tags?post=97872"}],"curies":[{"name":"wp","href":"https:\/\/api.w.org\/{rel}","templated":true}]}}