{"id":97877,"date":"2026-01-08T12:37:41","date_gmt":"2026-01-08T17:37:41","guid":{"rendered":"https:\/\/www.evafm.net\/sitio\/?p=97877"},"modified":"2026-01-08T12:37:41","modified_gmt":"2026-01-08T17:37:41","slug":"barcelona-sc-confirmo-la-fecha-de-la-noche-amarilla-en-quito-2026","status":"publish","type":"post","link":"https:\/\/www.evafm.net\/sitio\/barcelona-sc-confirmo-la-fecha-de-la-noche-amarilla-en-quito-2026\/","title":{"rendered":"Barcelona SC confirm\u00f3 la fecha de la Noche Amarilla en Quito 2026"},"content":{"rendered":"<p><a href=\"https:\/\/www.ecuavisa.com\/metadatos\/-\/meta\/barcelona-sc\" target=\"_blank\" rel=\"noopener\"><strong>Barcelona SC<\/strong><\/a><strong>\u00a0va a realizar dos veces la\u00a0<\/strong><a href=\"https:\/\/www.ecuavisa.com\/tema\/noche-amarilla-t96252\" target=\"_blank\" rel=\"noopener\"><strong>Noche Amarilla<\/strong><\/a><strong>\u00a0en este 2026<\/strong>, pues contar\u00e1 con una en <strong>Guayaquil y otra en Quito,<\/strong> al igual que lo ha realizado en los \u00faltimos a\u00f1os para acercarse al p\u00fablico de otras ciudades.<\/p>\n<p>Este jueves 8 de enero, <strong>los toreros confirmaron que el 13 de febrero, en el estadio Ol\u00edmpico Atahualpa<\/strong>, se va a realizar el evento de presentaci\u00f3n del plantel en <strong>Quito.<\/strong><\/p>\n<p>\u201cQuito nuevamente ser\u00e1 amarillo. Este 13 de febrero,<strong>\u00a0artistas, sorpresas y la pasi\u00f3n del \u00cddolo nos esperan<\/strong>\u201d, fue el anuncio del club.<\/p>\n<p>&nbsp;<\/p>\n<p><strong>Barcelona SC no confirm\u00f3 el rival del encuentro<\/strong>, ni los artistas o alguna estrella invitada, pero adelant\u00f3 la fecha del evento.<\/p>\n<p>Antes de presentar al plantel en Quito,\u00a0<a href=\"https:\/\/www.ecuavisa.com\/futbol-nacional\/barcelona-sc-anuncio-la-fecha-de-la-noche-amarilla-2026-20251225-0025.html\" target=\"_blank\" rel=\"noopener\"><strong>los toreros organizar\u00e1n la Noche Amarilla<\/strong><\/a><strong>\u00a0en Guayaquil para el 31 de enero<\/strong>, en el <strong>estadio Monumental,<\/strong> pero con varios detalles para confirmarse.<\/p>\n<p>El partido de presentaci\u00f3n del <strong>13 de febrero<\/strong> se suma a los juegos de pretemporada del club, pues\u00a0<a href=\"https:\/\/www.ecuavisa.com\/futbol-nacional\/inter-miami-vs.-barcelona-sc-todo-lo-que-debe-saber-del-partido-de-la-historia-20251211-0089.html\" target=\"_blank\" rel=\"noopener\"><strong>el 7 de febrero enfrentar\u00e1 al Inter Miami<\/strong><\/a><strong>\u00a0<\/strong>de<strong> Lionel Messi en Guayaquil.<\/strong><\/p>\n<p>Despu\u00e9s de la Noche Amarilla en Quito,\u00a0<strong>Barcelona SC jugar\u00e1 contra Argentinos Juniors, el 18 de febrero<\/strong>, por la ida de la segunda ronda de la fase previa de la <strong>Copa Libertadores. <\/strong><\/p>\n<p>Por el momento, los toreros a\u00fan no han confirmado la salida de Ismael Rescalvo, pero todo apunta que el espa\u00f1ol abandonar\u00e1 el club.<\/p>\n<p>En su reemplazo,<strong>\u00a0C\u00e9sar Far\u00edas asumir\u00e1 el cargo para este 2026<\/strong> y llegar\u00e1 este fin de semana para firmar su contrato\u00a0<strong>(D)<\/strong><\/p>\n<p>&nbsp;<\/p>\n<blockquote class=\"twitter-tweet\" data-width=\"550\" data-dnt=\"true\">\n<p lang=\"es\" dir=\"ltr\">Quito nuevamente ser\u00e1 amarillo \ud83d\udc9b<\/p>\n<p>Este 13 de febrero, artistas, sorpresas y la pasi\u00f3n del \u00cddolo nos esperan.<a href=\"https:\/\/twitter.com\/hashtag\/BarcelonaSomosTodos?src=hash&amp;ref_src=twsrc%5Etfw\">#BarcelonaSomosTodos<\/a> <a href=\"https:\/\/t.co\/im2H1jqEnJ\">pic.twitter.com\/im2H1jqEnJ<\/a><\/p>\n<p>&mdash; BARCELONA S.C. (@BarcelonaSC) <a href=\"https:\/\/twitter.com\/BarcelonaSC\/status\/2009298783599739310?ref_src=twsrc%5Etfw\">January 8, 2026<\/a><\/p><\/blockquote>\n<p><script async src=\"https:\/\/platform.twitter.com\/widgets.js\" charset=\"utf-8\"><\/script><\/p>\n<p>&nbsp;<\/p>\n<p><strong>Fuente:<\/strong> evafm.net &#8211; ecuavisa.com<\/p>\n<div class=\"gsp_post_data\" \r\n\t            data-post_type=\"post\" \r\n\t            data-cat=\"deportes-ecuador\" \r\n\t            data-modified=\"120\"\r\n\t            data-created=\"1767875861\"\r\n\t            data-title=\"Barcelona SC confirm\u00f3 la fecha de la Noche Amarilla en Quito 2026\" \r\n\t            data-home=\"https:\/\/www.evafm.net\/sitio\"><\/div>","protected":false},"excerpt":{"rendered":"<p>Barcelona SC\u00a0va a realizar dos veces la\u00a0Noche Amarilla\u00a0en este 2026, pues contar\u00e1 con una en Guayaquil y otra en Quito, al igual que lo ha realizado en los \u00faltimos a\u00f1os para acercarse al p\u00fablico de otras ciudades. Este jueves 8 de enero, los toreros confirmaron que el 13 de febrero, en el estadio Ol\u00edmpico Atahualpa,&#8230;<\/p>\n","protected":false},"author":5,"featured_media":97878,"comment_status":"closed","ping_status":"open","sticky":false,"template":"","format":"standard","meta":{"_joinchat":[],"footnotes":""},"categories":[1557],"tags":[],"class_list":["post-97877","post","type-post","status-publish","format-standard","has-post-thumbnail","hentry","category-deportes-ecuador","have-post-thumb"],"_links":{"self":[{"href":"https:\/\/www.evafm.net\/sitio\/wp-json\/wp\/v2\/posts\/97877","targetHints":{"allow":["GET"]}}],"collection":[{"href":"https:\/\/www.evafm.net\/sitio\/wp-json\/wp\/v2\/posts"}],"about":[{"href":"https:\/\/www.evafm.net\/sitio\/wp-json\/wp\/v2\/types\/post"}],"author":[{"embeddable":true,"href":"https:\/\/www.evafm.net\/sitio\/wp-json\/wp\/v2\/users\/5"}],"replies":[{"embeddable":true,"href":"https:\/\/www.evafm.net\/sitio\/wp-json\/wp\/v2\/comments?post=97877"}],"version-history":[{"count":1,"href":"https:\/\/www.evafm.net\/sitio\/wp-json\/wp\/v2\/posts\/97877\/revisions"}],"predecessor-version":[{"id":97879,"href":"https:\/\/www.evafm.net\/sitio\/wp-json\/wp\/v2\/posts\/97877\/revisions\/97879"}],"wp:featuredmedia":[{"embeddable":true,"href":"https:\/\/www.evafm.net\/sitio\/wp-json\/wp\/v2\/media\/97878"}],"wp:attachment":[{"href":"https:\/\/www.evafm.net\/sitio\/wp-json\/wp\/v2\/media?parent=97877"}],"wp:term":[{"taxonomy":"category","embeddable":true,"href":"https:\/\/www.evafm.net\/sitio\/wp-json\/wp\/v2\/categories?post=97877"},{"taxonomy":"post_tag","embeddable":true,"href":"https:\/\/www.evafm.net\/sitio\/wp-json\/wp\/v2\/tags?post=97877"}],"curies":[{"name":"wp","href":"https:\/\/api.w.org\/{rel}","templated":true}]}}