{"id":97881,"date":"2026-01-08T12:43:14","date_gmt":"2026-01-08T17:43:14","guid":{"rendered":"https:\/\/www.evafm.net\/sitio\/?p=97881"},"modified":"2026-01-08T12:43:14","modified_gmt":"2026-01-08T17:43:14","slug":"jeremy-arevalo-recibe-elogios-en-el-stuttgart","status":"publish","type":"post","link":"https:\/\/www.evafm.net\/sitio\/jeremy-arevalo-recibe-elogios-en-el-stuttgart\/","title":{"rendered":"Jeremy Ar\u00e9valo recibe elogios en el Stuttgart"},"content":{"rendered":"<p><a href=\"https:\/\/www.ecuavisa.com\/futbol-internacional\/jeremy-arevalo-debuto-stuttgart-alemania-primer-amistoso-2026-20260105-0053.html\" target=\"_blank\" rel=\"noopener\"><strong>Jeremy Ar\u00e9valo\u00a0<\/strong><\/a>comienza a dejar una grata impresi\u00f3n en el Stuttgart tras su reciente llegada al f\u00fatbol alem\u00e1n.<\/p>\n<p>El mediocampista ecuatoriano se encuentra en pleno proceso de adaptaci\u00f3n, pero ya ha despertado comentarios positivos dentro del cuerpo t\u00e9cnico del club, que observa con optimismo su evoluci\u00f3n.<\/p>\n<p><strong>Sebasti\u00e1n Hoeness, entrenador del Stuttgart<\/strong>, se refiri\u00f3 p\u00fablicamente al nuevo refuerzo y destac\u00f3 varias de sus cualidades, remarcando la confianza que existe en el aporte que el tricolor puede brindarle al equipo a corto y mediano plazo.<\/p>\n<p>\u201cGracias a su f\u00edsico es un jugador muy robusto\u201d, se\u00f1al\u00f3 Hoeness, haciendo \u00e9nfasis en una de las principales fortalezas de Ar\u00e9valo, un aspecto que puede resultar clave para competir en una liga exigente como la Bundesliga.<\/p>\n<p>El t\u00e9cnico alem\u00e1n tambi\u00e9n subray\u00f3 la capacidad ofensiva del ecuatoriano y su aporte desde media distancia.<\/p>\n<p><strong>\u201cTiene un gran remate\u201d,<\/strong> afirm\u00f3, destacando una virtud que le permitir\u00eda al\u00a0<strong>Stuttgart\u00a0<\/strong>sumar variantes en ataque y sorprender desde el mediocampo.<\/p>\n<p>M\u00e1s all\u00e1 de lo f\u00edsico y lo ofensivo,<strong>\u00a0Hoeness\u00a0<\/strong>valor\u00f3 la inteligencia t\u00e1ctica y la versatilidad del jugador.<\/p>\n<p>\u201cNos dar\u00e1 impulso creativo\u201d, explic\u00f3, apuntando a su capacidad para influir en el juego y generar soluciones en distintos momentos del partido.<strong>(D)<\/strong><\/p>\n<p>En esa misma l\u00ednea, el entrenador resalt\u00f3 su lectura de juego y su rol como nexo entre l\u00edneas.<\/p>\n<p>\u201cPuede controlar el bal\u00f3n en el mediocampo y luego estar listo para atacar de nuevo\u201d, coment\u00f3, describiendo a Ar\u00e9valo como un futbolista din\u00e1mico y con buena interpretaci\u00f3n del juego.<\/p>\n<p>Estas declaraciones reflejan la confianza que el cuerpo t\u00e9cnico deposita en el mediocampista ecuatoriano, quien trabaja para adaptarse r\u00e1pidamente al ritmo y las exigencias del f\u00fatbol alem\u00e1n.<\/p>\n<p><strong>Jeremy Ar\u00e9valo<\/strong> afronta as\u00ed una nueva etapa en su carrera profesional, con el objetivo de consolidarse como una alternativa importante en el Stuttgart y continuar su crecimiento en el f\u00fatbol europeo, representando al Ecuador en una de las ligas m\u00e1s competitivas del mundo.<strong>(D)<\/strong><\/p>\n<p><strong>Fuente:<\/strong> evafm.net &#8211; ecuavisa.com<\/p>\n<p>&nbsp;<\/p>\n<div class=\"gsp_post_data\" \r\n\t            data-post_type=\"post\" \r\n\t            data-cat=\"deportes-internacionales\" \r\n\t            data-modified=\"120\"\r\n\t            data-created=\"1767876194\"\r\n\t            data-title=\"Jeremy Ar\u00e9valo recibe elogios en el Stuttgart\" \r\n\t            data-home=\"https:\/\/www.evafm.net\/sitio\"><\/div>","protected":false},"excerpt":{"rendered":"<p>Jeremy Ar\u00e9valo\u00a0comienza a dejar una grata impresi\u00f3n en el Stuttgart tras su reciente llegada al f\u00fatbol alem\u00e1n. El mediocampista ecuatoriano se encuentra en pleno proceso de adaptaci\u00f3n, pero ya ha despertado comentarios positivos dentro del cuerpo t\u00e9cnico del club, que observa con optimismo su evoluci\u00f3n. Sebasti\u00e1n Hoeness, entrenador del Stuttgart, se refiri\u00f3 p\u00fablicamente al nuevo&#8230;<\/p>\n","protected":false},"author":5,"featured_media":97883,"comment_status":"closed","ping_status":"open","sticky":false,"template":"","format":"standard","meta":{"_joinchat":[],"footnotes":""},"categories":[1342],"tags":[],"class_list":["post-97881","post","type-post","status-publish","format-standard","has-post-thumbnail","hentry","category-deportes-internacionales","have-post-thumb"],"_links":{"self":[{"href":"https:\/\/www.evafm.net\/sitio\/wp-json\/wp\/v2\/posts\/97881","targetHints":{"allow":["GET"]}}],"collection":[{"href":"https:\/\/www.evafm.net\/sitio\/wp-json\/wp\/v2\/posts"}],"about":[{"href":"https:\/\/www.evafm.net\/sitio\/wp-json\/wp\/v2\/types\/post"}],"author":[{"embeddable":true,"href":"https:\/\/www.evafm.net\/sitio\/wp-json\/wp\/v2\/users\/5"}],"replies":[{"embeddable":true,"href":"https:\/\/www.evafm.net\/sitio\/wp-json\/wp\/v2\/comments?post=97881"}],"version-history":[{"count":1,"href":"https:\/\/www.evafm.net\/sitio\/wp-json\/wp\/v2\/posts\/97881\/revisions"}],"predecessor-version":[{"id":97884,"href":"https:\/\/www.evafm.net\/sitio\/wp-json\/wp\/v2\/posts\/97881\/revisions\/97884"}],"wp:featuredmedia":[{"embeddable":true,"href":"https:\/\/www.evafm.net\/sitio\/wp-json\/wp\/v2\/media\/97883"}],"wp:attachment":[{"href":"https:\/\/www.evafm.net\/sitio\/wp-json\/wp\/v2\/media?parent=97881"}],"wp:term":[{"taxonomy":"category","embeddable":true,"href":"https:\/\/www.evafm.net\/sitio\/wp-json\/wp\/v2\/categories?post=97881"},{"taxonomy":"post_tag","embeddable":true,"href":"https:\/\/www.evafm.net\/sitio\/wp-json\/wp\/v2\/tags?post=97881"}],"curies":[{"name":"wp","href":"https:\/\/api.w.org\/{rel}","templated":true}]}}