{"id":97981,"date":"2026-01-11T12:29:23","date_gmt":"2026-01-11T17:29:23","guid":{"rendered":"https:\/\/www.evafm.net\/sitio\/?p=97981"},"modified":"2026-01-11T12:29:23","modified_gmt":"2026-01-11T17:29:23","slug":"ministerio-anuncia-reforma-legal-al-sector-electrico-tras-fallo-de-la-corte-constitucional","status":"publish","type":"post","link":"https:\/\/www.evafm.net\/sitio\/ministerio-anuncia-reforma-legal-al-sector-electrico-tras-fallo-de-la-corte-constitucional\/","title":{"rendered":"Ministerio anuncia reforma legal al sector el\u00e9ctrico tras fallo de la Corte Constitucional"},"content":{"rendered":"<p>El Ministerio de Ambiente y Energ\u00eda anunci\u00f3 este s\u00e1bado 10 de enero que impulsar\u00e1<strong>\u00a0reformas legales al sector el\u00e9ctrico<\/strong>\u00a0tras un fallo de la\u00a0<a href=\"https:\/\/www.ecuavisa.com\/tema\/corte-constitucional-t91859\" target=\"_blank\" rel=\"noopener\">Corte Constitucional<\/a>\u00a0en el que se declara inconstitucional que el Estado pueda\u00a0<strong>delegar a empresas privadas<\/strong>\u00a0servicios de energ\u00eda el\u00e9ctrica bajo la justificaci\u00f3n de inter\u00e9s p\u00fablico.<\/p>\n<p>En la sentencia, emitida el 11 de diciembre, la\u00a0<strong>Corte declara inconstitucional el numeral 1 del art\u00edculo 25 de la Ley del Servicio P\u00fablico de Energ\u00eda El\u00e9ctrica<\/strong>, en el que se permit\u00eda al Estado delegar a empresas privadas, de forma excepcional, la participaci\u00f3n en las actividades del sector el\u00e9ctrico \u00abcuando sea necesario para satisfacer el inter\u00e9s p\u00fablico, colectivo o general\u00bb.<\/p>\n<p>El alto tribunal consider\u00f3 que esa causal era muy general y no permit\u00eda \u00abidentificar un escenario concreto que justifique la excepcionalidad de la delegaci\u00f3n\u00bb, como lo se\u00f1ala la Constituci\u00f3n.<\/p>\n<p>Por lo que el Ministerio asegur\u00f3 que \u00abimpulsar\u00e1 una propuesta \u00e1gil y eficaz de reforma legal para establecer de forma t\u00e9cnica, clara, precisa y verificable las<strong>\u00a0condiciones de procedencia de la delegaci\u00f3n excepcional,<\/strong> brindando certeza y seguridad jur\u00eddica a los proyectos futuros y fortaleciendo el control p\u00fablico\u00bb.<\/p>\n<p>&nbsp;<\/p>\n<p>\u00abParalelamente, promoveremos una<strong>\u00a0reforma estructural del marco normativo y regulatorio del sector el\u00e9ctrico<\/strong>, orientada a fortalecer la planificaci\u00f3n, la transparencia, la calidad del servicio, la inversi\u00f3n responsable y la transici\u00f3n energ\u00e9tica del Ecuador\u00bb, a\u00f1adi\u00f3 la cartera de Estado.<\/p>\n<p><strong>Las cr\u00edticas de Daniel Noboa.<\/strong><\/p>\n<p>Por su parte,<strong>\u00a0Noboa critic\u00f3 a la Corte Constitucional\u00a0<\/strong>por esa decisi\u00f3n y dijo que era un \u00abc\u00e1lculo pol\u00edtico\u00bb.<\/p>\n<p>\u00abA esto nos enfrentamos todos los d\u00edas. Esto no es una discusi\u00f3n jur\u00eddica aislada.<strong>\u00a0Es c\u00e1lculo pol\u00edtico<\/strong>. Es negar empleo, energ\u00eda y estabilidad a las familias ecuatorianas.<\/p>\n<p>Es poner la ideolog\u00eda y la revancha por encima del bienestar del pa\u00eds\u00bb, escribi\u00f3 el mandatario en su cuenta de la red social X, en la que comparti\u00f3 la noticia de la sentencia.<\/p>\n<p>Horas despu\u00e9s public\u00f3 las fotograf\u00edas de los nueve jueces constitucionales con la pregunta: \u00ab\u00bfQui\u00e9n vot\u00f3 a favor de prohibir al Estado concesionar energ\u00eda a privados?\u00bb.<strong> (I)<\/strong><\/p>\n<p><strong>Fuente:<\/strong> evafm.net &#8211; ecuavisa.com<\/p>\n<div class=\"gsp_post_data\" \r\n\t            data-post_type=\"post\" \r\n\t            data-cat=\"general,noticias-ecuador\" \r\n\t            data-modified=\"120\"\r\n\t            data-created=\"1768134563\"\r\n\t            data-title=\"Ministerio anuncia reforma legal al sector el\u00e9ctrico tras fallo de la Corte Constitucional\" \r\n\t            data-home=\"https:\/\/www.evafm.net\/sitio\"><\/div>","protected":false},"excerpt":{"rendered":"<p>El Ministerio de Ambiente y Energ\u00eda anunci\u00f3 este s\u00e1bado 10 de enero que impulsar\u00e1\u00a0reformas legales al sector el\u00e9ctrico\u00a0tras un fallo de la\u00a0Corte Constitucional\u00a0en el que se declara inconstitucional que el Estado pueda\u00a0delegar a empresas privadas\u00a0servicios de energ\u00eda el\u00e9ctrica bajo la justificaci\u00f3n de inter\u00e9s p\u00fablico. En la sentencia, emitida el 11 de diciembre, la\u00a0Corte declara inconstitucional&#8230;<\/p>\n","protected":false},"author":5,"featured_media":98006,"comment_status":"closed","ping_status":"open","sticky":false,"template":"","format":"standard","meta":{"_joinchat":[],"footnotes":""},"categories":[1720,1558],"tags":[],"class_list":["post-97981","post","type-post","status-publish","format-standard","has-post-thumbnail","hentry","category-general","category-noticias-ecuador","have-post-thumb"],"_links":{"self":[{"href":"https:\/\/www.evafm.net\/sitio\/wp-json\/wp\/v2\/posts\/97981","targetHints":{"allow":["GET"]}}],"collection":[{"href":"https:\/\/www.evafm.net\/sitio\/wp-json\/wp\/v2\/posts"}],"about":[{"href":"https:\/\/www.evafm.net\/sitio\/wp-json\/wp\/v2\/types\/post"}],"author":[{"embeddable":true,"href":"https:\/\/www.evafm.net\/sitio\/wp-json\/wp\/v2\/users\/5"}],"replies":[{"embeddable":true,"href":"https:\/\/www.evafm.net\/sitio\/wp-json\/wp\/v2\/comments?post=97981"}],"version-history":[{"count":1,"href":"https:\/\/www.evafm.net\/sitio\/wp-json\/wp\/v2\/posts\/97981\/revisions"}],"predecessor-version":[{"id":98008,"href":"https:\/\/www.evafm.net\/sitio\/wp-json\/wp\/v2\/posts\/97981\/revisions\/98008"}],"wp:featuredmedia":[{"embeddable":true,"href":"https:\/\/www.evafm.net\/sitio\/wp-json\/wp\/v2\/media\/98006"}],"wp:attachment":[{"href":"https:\/\/www.evafm.net\/sitio\/wp-json\/wp\/v2\/media?parent=97981"}],"wp:term":[{"taxonomy":"category","embeddable":true,"href":"https:\/\/www.evafm.net\/sitio\/wp-json\/wp\/v2\/categories?post=97981"},{"taxonomy":"post_tag","embeddable":true,"href":"https:\/\/www.evafm.net\/sitio\/wp-json\/wp\/v2\/tags?post=97981"}],"curies":[{"name":"wp","href":"https:\/\/api.w.org\/{rel}","templated":true}]}}