{"id":98051,"date":"2026-01-12T12:26:21","date_gmt":"2026-01-12T17:26:21","guid":{"rendered":"https:\/\/www.evafm.net\/sitio\/?p=98051"},"modified":"2026-01-12T12:26:21","modified_gmt":"2026-01-12T17:26:21","slug":"un-directivo-de-emelec-presento-la-renuncia-a-su-cargo","status":"publish","type":"post","link":"https:\/\/www.evafm.net\/sitio\/un-directivo-de-emelec-presento-la-renuncia-a-su-cargo\/","title":{"rendered":"Un directivo de Emelec present\u00f3 la renuncia a su cargo"},"content":{"rendered":"<p>Este 2026 comenz\u00f3 el pie izquierdo para los hinchas de\u00a0<a href=\"https:\/\/www.ecuavisa.com\/metadatos\/-\/meta\/emelec\" target=\"_blank\" rel=\"noopener\">Emelec<\/a>, despu\u00e9s de que varios futbolistas abandonaron el club; sin embargo, la<strong>s malas noticias del bombillo no se mantienen adentro de la cancha, sino tambi\u00e9n en su directiva<\/strong>.<\/p>\n<p>Pues,\u00a0<strong>Carlos Daniel Segura Romero comunic\u00f3 su renuncia al directorio de\u00a0<\/strong><a href=\"https:\/\/www.ecuavisa.com\/metadatos\/-\/meta\/jorge-guzman\" target=\"_blank\" rel=\"noopener\"><strong>Jorge Guzm\u00e1n<\/strong><\/a>\u00a0por motivos personales y se despidi\u00f3 con una carta publicada en sus redes sociales.<\/p>\n<p>En la noche del domingo 11 de enero, el\u00a0<strong>directivo explic\u00f3 los motivos que lo obligan a dar un paso al costado\u00a0<\/strong>de la dirigencia de <strong>Emelec.<\/strong><\/p>\n<p>\u00abCon mucha tristeza me dirijo a ustedes para hacerles conocer que,\u00a0<strong>por motivos personales, he decidido renunciar al cargo de Directivo del Club Sport Emelec<\/strong>.<\/p>\n<p>Ha sido un inmenso honor servir al equipo que amo\u00bb, inici\u00f3 el ex dirigente.<\/p>\n<p>&nbsp;<\/p>\n<p>Segura agreg\u00f3 que \u201csi bien el club ha atravesado momentos dif\u00edciles en los \u00faltimos a\u00f1os, me quedo con valiosos aprendizajes,\u00a0<strong>buenos recuerdos y convencido que cuando nos unimos, el Bombillo vuelve a brillar<\/strong>\u00ab.<\/p>\n<p>\u201cQuiero agradecer a los trabajadores, a los jugadores, cuerpo t\u00e9cnico y a la hinchada por su esfuerzo y por el\u00a0<strong>respeto que recib\u00ed mientras fui parte de la instituci\u00f3n como directivo<\/strong>.<\/p>\n<p>Me despido con la tranquilidad de haber dado lo mejor de m\u00ed, impulsado por el amor y la pasi\u00f3n que tengo por estos colores\u201d, cerr\u00f3 Carlos.<\/p>\n<p><strong>Segura fue uno de los m\u00e1ximos representantes de la dirigencia<\/strong>\u00a0de Jorge Guzm\u00e1n en redes sociales, pues respond\u00eda a los hinchas molestos por el presente del club.<\/p>\n<p>Desde este s\u00e1bado 10 de enero, los\u00a0<strong>futbolistas del bombillo se sumaron a la pretemporada de Emelec\u00a0<\/strong>para realizar los primeros entrenamientos al mando de <strong>Guillermo Dur\u00f3. (D)<\/strong><\/p>\n<p>&nbsp;<\/p>\n<div class=\"css-1dbjc4n r-18u37iz r-1t982j2\">\n<div class=\"css-1dbjc4n r-eqz5dr r-1777fci r-4amgru r-1kh6xel\">\n<div class=\"css-1dbjc4n r-1ny4l3l\">\n<div class=\"css-1dbjc4n r-1wbh5a2 r-dnmrzs r-1ny4l3l\">\n<div class=\"css-1dbjc4n r-1wbh5a2 r-dnmrzs r-1ny4l3l\">\n<div class=\"css-1dbjc4n r-1awozwy r-18u37iz r-dnmrzs\">\n<div class=\"css-901oao r-1awozwy r-18jsvk2 r-6koalj r-1qd0xha r-1b43r93 r-b88u0q r-hjklzo r-bcqeeo r-1udh08x r-3s2u2q r-qvutc0\" dir=\"auto\"><strong><span class=\"css-901oao css-16my406 css-1hf3ou5 r-poiln3 r-bcqeeo r-qvutc0\"><span class=\"css-901oao css-16my406 r-poiln3 r-bcqeeo r-qvutc0\">Carlos Daniel Segura Romero<\/span><\/span><\/strong><\/div>\n<div class=\"css-901oao r-18jsvk2 r-xoduu5 r-18u37iz r-1q142lx r-1qd0xha r-1b43r93 r-16dba41 r-hjklzo r-bcqeeo r-qvutc0\" dir=\"auto\"><\/div>\n<\/div>\n<div class=\"css-1dbjc4n r-1awozwy r-18u37iz r-1wbh5a2\">\n<div class=\"css-1dbjc4n\">\n<div class=\"css-901oao css-1hf3ou5 r-14j79pv r-18u37iz r-1qd0xha r-1wvb978 r-1b43r93 r-16dba41 r-hjklzo r-bcqeeo r-qvutc0\" dir=\"ltr\"><strong><span class=\"css-901oao css-16my406 r-poiln3 r-bcqeeo r-qvutc0\">@10carlossegura<\/span><\/strong><\/div>\n<\/div>\n<div class=\"css-1dbjc4n r-18u37iz r-1q142lx\">\n<div class=\"css-901oao r-14j79pv r-1q142lx r-1qd0xha r-1b43r93 r-16dba41 r-hjklzo r-bcqeeo r-s1qlax r-qvutc0\" dir=\"auto\" aria-hidden=\"true\"><span class=\"css-901oao css-16my406 r-poiln3 r-bcqeeo r-qvutc0\">\u00b7<\/span><\/div>\n<\/div>\n<\/div>\n<\/div>\n<\/div>\n<\/div>\n<\/div>\n<\/div>\n<div class=\"css-1dbjc4n\">\n<div class=\"css-901oao r-18jsvk2 r-1dqbpge r-1qd0xha r-1b6yd1w r-16dba41 r-7ptqe7 r-bcqeeo r-bnwqim r-qvutc0\" dir=\"auto\" lang=\"pt\" data-testid=\"tweetText\"><strong><span class=\"css-901oao css-16my406 r-poiln3 r-bcqeeo r-qvutc0\">A la Comunidad Emelecista. Te amo Emelec.<\/span><\/strong><\/div>\n<\/div>\n<p><img fetchpriority=\"high\" decoding=\"async\" class=\"\" src=\"https:\/\/pbs.twimg.com\/media\/G-brOnzWUAAj_9O?format=jpg&amp;name=small\" alt=\"Imagen\" width=\"656\" height=\"831\" \/><\/p>\n<p>&nbsp;<\/p>\n<p><strong>Fuente:<\/strong> evafm.net &#8211; ecuavisa.com<\/p>\n<div class=\"gsp_post_data\" \r\n\t            data-post_type=\"post\" \r\n\t            data-cat=\"deportes-ecuador\" \r\n\t            data-modified=\"120\"\r\n\t            data-created=\"1768220781\"\r\n\t            data-title=\"Un directivo de Emelec present\u00f3 la renuncia a su cargo\" \r\n\t            data-home=\"https:\/\/www.evafm.net\/sitio\"><\/div>","protected":false},"excerpt":{"rendered":"<p>Este 2026 comenz\u00f3 el pie izquierdo para los hinchas de\u00a0Emelec, despu\u00e9s de que varios futbolistas abandonaron el club; sin embargo, las malas noticias del bombillo no se mantienen adentro de la cancha, sino tambi\u00e9n en su directiva. Pues,\u00a0Carlos Daniel Segura Romero comunic\u00f3 su renuncia al directorio de\u00a0Jorge Guzm\u00e1n\u00a0por motivos personales y se despidi\u00f3 con una&#8230;<\/p>\n","protected":false},"author":5,"featured_media":98053,"comment_status":"closed","ping_status":"open","sticky":false,"template":"","format":"standard","meta":{"_joinchat":[],"footnotes":""},"categories":[1557],"tags":[],"class_list":["post-98051","post","type-post","status-publish","format-standard","has-post-thumbnail","hentry","category-deportes-ecuador","have-post-thumb"],"_links":{"self":[{"href":"https:\/\/www.evafm.net\/sitio\/wp-json\/wp\/v2\/posts\/98051","targetHints":{"allow":["GET"]}}],"collection":[{"href":"https:\/\/www.evafm.net\/sitio\/wp-json\/wp\/v2\/posts"}],"about":[{"href":"https:\/\/www.evafm.net\/sitio\/wp-json\/wp\/v2\/types\/post"}],"author":[{"embeddable":true,"href":"https:\/\/www.evafm.net\/sitio\/wp-json\/wp\/v2\/users\/5"}],"replies":[{"embeddable":true,"href":"https:\/\/www.evafm.net\/sitio\/wp-json\/wp\/v2\/comments?post=98051"}],"version-history":[{"count":1,"href":"https:\/\/www.evafm.net\/sitio\/wp-json\/wp\/v2\/posts\/98051\/revisions"}],"predecessor-version":[{"id":98054,"href":"https:\/\/www.evafm.net\/sitio\/wp-json\/wp\/v2\/posts\/98051\/revisions\/98054"}],"wp:featuredmedia":[{"embeddable":true,"href":"https:\/\/www.evafm.net\/sitio\/wp-json\/wp\/v2\/media\/98053"}],"wp:attachment":[{"href":"https:\/\/www.evafm.net\/sitio\/wp-json\/wp\/v2\/media?parent=98051"}],"wp:term":[{"taxonomy":"category","embeddable":true,"href":"https:\/\/www.evafm.net\/sitio\/wp-json\/wp\/v2\/categories?post=98051"},{"taxonomy":"post_tag","embeddable":true,"href":"https:\/\/www.evafm.net\/sitio\/wp-json\/wp\/v2\/tags?post=98051"}],"curies":[{"name":"wp","href":"https:\/\/api.w.org\/{rel}","templated":true}]}}