{"id":98091,"date":"2026-01-14T12:20:16","date_gmt":"2026-01-14T17:20:16","guid":{"rendered":"https:\/\/www.evafm.net\/sitio\/?p=98091"},"modified":"2026-01-14T12:20:16","modified_gmt":"2026-01-14T17:20:16","slug":"fc-arouca-anuncio-a-ignacio-de-arruabarrena-como-arquero-pra-el-2026","status":"publish","type":"post","link":"https:\/\/www.evafm.net\/sitio\/fc-arouca-anuncio-a-ignacio-de-arruabarrena-como-arquero-pra-el-2026\/","title":{"rendered":"FC Arouca anuncio a Ignacio de Arruabarrena como arquero pra el 2026"},"content":{"rendered":"<p><strong><a href=\"https:\/\/www.ecuavisa.com\/metadatos\/-\/meta\/barcelona-sc\" target=\"_blank\" rel=\"noopener\">Barcelona SC<\/a>\u00a0a<\/strong>nunci\u00f3 que lleg\u00f3 a un acuerdo para rescindir el contrato de Ignacio De Arruabarrena, despu\u00e9s de varios momentos tensos entre ambas partes, y<strong><mark> el uruguayo ya consigui\u00f3 nuevo equipo.<\/mark><\/strong><\/p>\n<p>\u201cLa\u00a0<a href=\"https:\/\/www.ecuavisa.com\/futbol-nacional\/igancio-de-arruabarrena-se-despide-de-barcelona-sc-20260113-0003.html\" target=\"_blank\" rel=\"noopener\">finalizaci\u00f3n del v\u00ednculo<\/a>\u00a0se ha\u00a0<strong>dado de mutuo acuerdo entre las partes,<\/strong>\u00a0por lo que el jugador queda en libertad\u201d, fue el anuncio de los toreros.<\/p>\n<p>A las pocas horas, Ignacio\u00a0<strong>De Arruabarrena fue presentado como nuevo jugador del FC Arouca<\/strong>\u00a0de Portugal por un acuerdo de un a\u00f1o.<\/p>\n<p>El portero de 28 a\u00f1os y<strong>a estuvo en el cuadro portugu\u00e9s por dos a\u00f1os entre 2023 y 2024<\/strong>\u00a0con 66 partidos disputados y encaj\u00f3 83 goles en su primera experiencia en <strong>Europa.<\/strong><\/p>\n<p>En su breve paso por Barcelona SC,\u00a0<strong>De Arruabarrena recibi\u00f3 37 anotaciones en 31 juegos<\/strong>, despu\u00e9s de quedarse con el puesto de titular por una lesi\u00f3n de <strong>Jos\u00e9 David Contreras.<\/strong><\/p>\n<p>Por la salida del arquero,\u00a0<strong>los toreros anunciaron la\u00a0<\/strong><a href=\"https:\/\/www.ecuavisa.com\/amp\/futbol-nacional\/barcelonasc-presentacion-jose-gabriel-cevallos-nuevo-portero-20260113-0126.html\" target=\"_blank\" rel=\"noopener\"><strong>contrataci\u00f3n de Jos\u00e9 Gabriel Cevallos<\/strong><\/a><strong>\u00a0<\/strong>para convertirse en el nuevo golero suplente.<\/p>\n<p>Antes de abandonar el club, el arquero uruguayo inform\u00f3 de s<strong>u mala relaci\u00f3n con la directiva de Antonio \u00c1lvarez<\/strong>, pues no estaba dispuesto a una reducci\u00f3n de salario.<strong>(D)<\/strong><\/p>\n<div class=\"css-1dbjc4n r-18u37iz r-1t982j2\">\n<div class=\"css-1dbjc4n r-eqz5dr r-1777fci r-4amgru r-1kh6xel\">\n<div class=\"css-1dbjc4n r-1ny4l3l\">\n<div class=\"css-1dbjc4n r-1wbh5a2 r-dnmrzs r-1ny4l3l\">\n<div class=\"css-1dbjc4n r-1wbh5a2 r-dnmrzs r-1ny4l3l\">\n<div class=\"css-1dbjc4n r-1awozwy r-18u37iz r-dnmrzs\">\n<div class=\"css-901oao r-1awozwy r-18jsvk2 r-6koalj r-1qd0xha r-1b43r93 r-b88u0q r-hjklzo r-bcqeeo r-1udh08x r-3s2u2q r-qvutc0\" dir=\"auto\"><strong><span class=\"css-901oao css-16my406 css-1hf3ou5 r-poiln3 r-bcqeeo r-qvutc0\"><span class=\"css-901oao css-16my406 r-poiln3 r-bcqeeo r-qvutc0\">FC Arouca<\/span><\/span><\/strong><\/div>\n<div class=\"css-901oao r-18jsvk2 r-xoduu5 r-18u37iz r-1q142lx r-1qd0xha r-1b43r93 r-16dba41 r-hjklzo r-bcqeeo r-qvutc0\" dir=\"auto\"><\/div>\n<\/div>\n<div class=\"css-1dbjc4n r-1awozwy r-18u37iz r-1wbh5a2\">\n<div class=\"css-1dbjc4n\">\n<div class=\"css-901oao css-1hf3ou5 r-14j79pv r-18u37iz r-1qd0xha r-1wvb978 r-1b43r93 r-16dba41 r-hjklzo r-bcqeeo r-qvutc0\" dir=\"ltr\"><strong><span class=\"css-901oao css-16my406 r-poiln3 r-bcqeeo r-qvutc0\">@OficialFCArouca<\/span><\/strong><\/div>\n<\/div>\n<div class=\"css-1dbjc4n r-18u37iz r-1q142lx\">\n<div class=\"css-901oao r-14j79pv r-1q142lx r-1qd0xha r-1b43r93 r-16dba41 r-hjklzo r-bcqeeo r-s1qlax r-qvutc0\" dir=\"auto\" aria-hidden=\"true\"><span class=\"css-901oao css-16my406 r-poiln3 r-bcqeeo r-qvutc0\">\u00b7<\/span><\/div>\n<\/div>\n<\/div>\n<\/div>\n<\/div>\n<\/div>\n<\/div>\n<\/div>\n<div class=\"css-1dbjc4n\">\n<div class=\"css-901oao r-18jsvk2 r-1dqbpge r-1qd0xha r-1b6yd1w r-16dba41 r-7ptqe7 r-bcqeeo r-bnwqim r-qvutc0\" dir=\"auto\" lang=\"pt\" data-testid=\"tweetText\"><span class=\"css-901oao css-16my406 r-poiln3 r-bcqeeo r-qvutc0\">\ud835\udd6d\ud835\udd8a\ud835\udd92-\ud835\udd9b\ud835\udd8e\ud835\udd93\ud835\udd89\ud835\udd94 \ud835\udd89\ud835\udd8a \ud835\udd9b\ud835\udd94\ud835\udd91\ud835\udd99\ud835\udd86 \ud835\udd86\ud835\udd94\ud835\udd98 \ud835\udd77\ud835\udd94\ud835\udd87\ud835\udd94\ud835\udd98, \ud835\udd79\ud835\udd86\ud835\udd88\ud835\udd8d\ud835\udd94! <\/span><span class=\"css-901oao css-16my406 r-poiln3 r-bcqeeo r-qvutc0\"> de Arruabarrena refor\u00e7a <\/span><\/div>\n<div class=\"css-901oao r-18jsvk2 r-1dqbpge r-1qd0xha r-1b6yd1w r-16dba41 r-7ptqe7 r-bcqeeo r-bnwqim r-qvutc0\" dir=\"auto\" lang=\"pt\" data-testid=\"tweetText\"><span class=\"css-901oao css-16my406 r-poiln3 r-bcqeeo r-qvutc0\">os Lobos de Arouca! <\/span> <span class=\"r-18u37iz\"><a class=\"css-4rbku5 css-18t94o4 css-901oao css-16my406 r-1loqt21 r-poiln3 r-bcqeeo r-qvutc0\" dir=\"ltr\" role=\"link\" href=\"https:\/\/twitter.com\/hashtag\/LobosDeArouca?ref_src=twsrc%5Etfw%7Ctwcamp%5Etweetembed%7Ctwterm%5E2011128612435509670%7Ctwgr%5E3108ea87ed2970fb40737b8bae24616517a3f71a%7Ctwcon%5Es1_&amp;ref_url=https%3A%2F%2Fwww.ecuavisa.com%2Ffutbol-internacional%2Fignacio-de-arruabarrena-presentado-nuevo-equipo-salir-barcelona-sc-20260114-0030.html&amp;src=hashtag_click\" target=\"_blank\" rel=\"noopener noreferrer nofollow\">#LobosDeArouca<\/a><\/span> <span class=\"r-18u37iz\"><a class=\"css-4rbku5 css-18t94o4 css-901oao css-16my406 r-1loqt21 r-poiln3 r-bcqeeo r-qvutc0\" dir=\"ltr\" role=\"link\" href=\"https:\/\/twitter.com\/hashtag\/AmorEPaixao?ref_src=twsrc%5Etfw%7Ctwcamp%5Etweetembed%7Ctwterm%5E2011128612435509670%7Ctwgr%5E3108ea87ed2970fb40737b8bae24616517a3f71a%7Ctwcon%5Es1_&amp;ref_url=https%3A%2F%2Fwww.ecuavisa.com%2Ffutbol-internacional%2Fignacio-de-arruabarrena-presentado-nuevo-equipo-salir-barcelona-sc-20260114-0030.html&amp;src=hashtag_click\" target=\"_blank\" rel=\"noopener noreferrer nofollow\">#AmorEPaixao<\/a><\/span><\/div>\n<\/div>\n<p><img decoding=\"async\" src=\"https:\/\/pbs.twimg.com\/media\/G-jxK_BW8AASbs1?format=jpg&amp;name=small\" alt=\"Imagen\" \/><\/p>\n<p>&nbsp;<\/p>\n<p><img fetchpriority=\"high\" decoding=\"async\" class=\"\" src=\"https:\/\/pbs.twimg.com\/media\/G-j_-E7WEAAqr2W?format=jpg&amp;name=large\" alt=\"Imagen\" width=\"539\" height=\"674\" \/><\/p>\n<p><strong>Fuente:<\/strong> evafm.net &#8211; ecuavisa.com<\/p>\n<div class=\"gsp_post_data\" \r\n\t            data-post_type=\"post\" \r\n\t            data-cat=\"deportes-internacionales,general\" \r\n\t            data-modified=\"120\"\r\n\t            data-created=\"1768393216\"\r\n\t            data-title=\"FC Arouca anuncio a Ignacio de Arruabarrena como arquero pra el 2026\" \r\n\t            data-home=\"https:\/\/www.evafm.net\/sitio\"><\/div>","protected":false},"excerpt":{"rendered":"<p>Barcelona SC\u00a0anunci\u00f3 que lleg\u00f3 a un acuerdo para rescindir el contrato de Ignacio De Arruabarrena, despu\u00e9s de varios momentos tensos entre ambas partes, y el uruguayo ya consigui\u00f3 nuevo equipo. \u201cLa\u00a0finalizaci\u00f3n del v\u00ednculo\u00a0se ha\u00a0dado de mutuo acuerdo entre las partes,\u00a0por lo que el jugador queda en libertad\u201d, fue el anuncio de los toreros. A las&#8230;<\/p>\n","protected":false},"author":5,"featured_media":98092,"comment_status":"closed","ping_status":"open","sticky":false,"template":"","format":"standard","meta":{"_joinchat":[],"footnotes":""},"categories":[1342,1720],"tags":[],"class_list":["post-98091","post","type-post","status-publish","format-standard","has-post-thumbnail","hentry","category-deportes-internacionales","category-general","have-post-thumb"],"_links":{"self":[{"href":"https:\/\/www.evafm.net\/sitio\/wp-json\/wp\/v2\/posts\/98091","targetHints":{"allow":["GET"]}}],"collection":[{"href":"https:\/\/www.evafm.net\/sitio\/wp-json\/wp\/v2\/posts"}],"about":[{"href":"https:\/\/www.evafm.net\/sitio\/wp-json\/wp\/v2\/types\/post"}],"author":[{"embeddable":true,"href":"https:\/\/www.evafm.net\/sitio\/wp-json\/wp\/v2\/users\/5"}],"replies":[{"embeddable":true,"href":"https:\/\/www.evafm.net\/sitio\/wp-json\/wp\/v2\/comments?post=98091"}],"version-history":[{"count":2,"href":"https:\/\/www.evafm.net\/sitio\/wp-json\/wp\/v2\/posts\/98091\/revisions"}],"predecessor-version":[{"id":98094,"href":"https:\/\/www.evafm.net\/sitio\/wp-json\/wp\/v2\/posts\/98091\/revisions\/98094"}],"wp:featuredmedia":[{"embeddable":true,"href":"https:\/\/www.evafm.net\/sitio\/wp-json\/wp\/v2\/media\/98092"}],"wp:attachment":[{"href":"https:\/\/www.evafm.net\/sitio\/wp-json\/wp\/v2\/media?parent=98091"}],"wp:term":[{"taxonomy":"category","embeddable":true,"href":"https:\/\/www.evafm.net\/sitio\/wp-json\/wp\/v2\/categories?post=98091"},{"taxonomy":"post_tag","embeddable":true,"href":"https:\/\/www.evafm.net\/sitio\/wp-json\/wp\/v2\/tags?post=98091"}],"curies":[{"name":"wp","href":"https:\/\/api.w.org\/{rel}","templated":true}]}}