{"id":98124,"date":"2026-01-15T11:39:48","date_gmt":"2026-01-15T16:39:48","guid":{"rendered":"https:\/\/www.evafm.net\/sitio\/?p=98124"},"modified":"2026-01-15T11:39:48","modified_gmt":"2026-01-15T16:39:48","slug":"el-petroleo-de-texas-cae-mas-del-4-al-disiparse-el-riesgo-de-un-ataque-de-eeuu-contra-iran","status":"publish","type":"post","link":"https:\/\/www.evafm.net\/sitio\/el-petroleo-de-texas-cae-mas-del-4-al-disiparse-el-riesgo-de-un-ataque-de-eeuu-contra-iran\/","title":{"rendered":"El petr\u00f3leo de Texas cae m\u00e1s del 4% al disiparse el riesgo de un ataque de EEUU contra Ir\u00e1n"},"content":{"rendered":"<p>El precio del petr\u00f3leo intermedio de Texas<strong> (WTI)<\/strong> abri\u00f3 este jueves con una ca\u00edda del<strong> 4,11%<\/strong>, hasta <strong>59,47 d\u00f3lares<\/strong> el barril, despu\u00e9s de que las declaraciones del presidente de Estados Unidos,\u00a0<b>Donald Trump<\/b>, calmaran los temores de que un ataque estadounidense contra Ir\u00e1n fuera inminente.<\/p>\n<p class=\"paragraph\" data-mrf-recirculation=\"Links inline\">A las 09:00 hora local (13:00 GMT),<b>\u00a0los contratos de futuros del WTI para entrega en febrero bajaban 2,55 d\u00f3lares con respecto al cierre de la sesi\u00f3n anterior.<\/b><\/p>\n<div class=\"inline ad-wrapper\">\n<div class=\"dfpAd ad-inline\"><\/div>\n<\/div>\n<p class=\"paragraph\" data-mrf-recirculation=\"Links inline\">El precio del oro negro se vio afectado despu\u00e9s de que Trump dijera haber sido informado de que la represi\u00f3n del r\u00e9gimen iran\u00ed contra las protestas parece disminuir y Teher\u00e1n puede haber decidido no ejecutar manifestantes.<\/p>\n<p class=\"paragraph\" data-mrf-recirculation=\"Links inline\"><b>\u201cNos han dicho que las matanzas en Ir\u00e1n est\u00e1n parando. Est\u00e1n parando y no hay planes para ejecuciones\u201d<\/b>, dijo a la prensa Trump en el Despacho Oval el mi\u00e9rcoles .<\/p>\n<div class=\"inline_2_DSK ad-wrapper ad-desktop\">\n<div class=\"dfpAd ad-inline\"><b>\u201cVamos a observar y ver cu\u00e1l es el proceso. Pero hemos obtenido una muy buena declaraci\u00f3n de gente que es consciente de lo que est\u00e1 pasando\u201d<\/b>, agreg\u00f3 el mandatario.<\/div>\n<\/div>\n<div><\/div>\n<div>\n<p data-mrf-recirculation=\"Links inline\">\n<p class=\"paragraph\" data-mrf-recirculation=\"Links inline\">En su informe de The Sevens Report, Tom Essaye se\u00f1ala que la geopol\u00edtica ha sido el principal motor del mercado petrolero, mientras que los fundamentos del mercado f\u00edsico interno han pasado a un segundo plano ante la preocupaci\u00f3n por el suministro global.<\/p>\n<p class=\"paragraph\" data-mrf-recirculation=\"Links inline\"><b>\u201cA corto plazo, las tensiones geopol\u00edticas seguir\u00e1n siendo un factor determinante para el precio del petr\u00f3leo\u201d,<\/b>\u00a0anot\u00f3 hoy el experto.<\/p>\n<p class=\"paragraph\" data-mrf-recirculation=\"Links inline\">Agreg\u00f3 que, a largo plazo, \u201cla trayectoria ascendente de la producci\u00f3n de petr\u00f3leo de pa\u00edses no pertenecientes a la OPEP, sumada a la lucha declarada por los miembros de la OPEP por la cuota de mercado y las d\u00e9biles expectativas de crecimiento de la demanda, son din\u00e1micas fundamentales que coinciden con la tendencia t\u00e9cnica principal, que sigue siendo claramente bajista para los pr\u00f3ximos trimestres\u201d.<\/p>\n<p class=\"paragraph\" data-mrf-recirculation=\"Links inline\">Entretanto, el\u00a0<b>Departamento de Defensa de Estados Unidos\u00a0<\/b>confisc\u00f3 un\u00a0<b>buque petrolero\u00a0<\/b>vinculado a\u00a0<b>Venezuela\u00a0<\/b>en el\u00a0<b>Caribe\u00a0<\/b>durante una operaci\u00f3n coordinada antes del amanecer.<\/p>\n<p class=\"paragraph\" data-mrf-recirculation=\"Links inline\">La acci\u00f3n, realizada por infantes de marina y marineros de la\u00a0<b>Fuerza de Tarea Conjunta Southern Spear\u00a0<\/b>en apoyo al\u00a0<b>Departamento de Seguridad Nacional<\/b>, tuvo como objetivo el petrolero\u00a0<b>Ver\u00f3nica<\/b>, que fue interceptado sin incidentes tras zarpar desde el\u00a0<b>USS Gerald R. Ford (CVN 78)<\/b>. El\u00a0<b>Ver\u00f3nica<\/b>es el buque m\u00e1s reciente en desafiar la cuarentena impuesta por el entonces presidente\u00a0<b>Donald Trump\u00a0<\/b>a barcos sancionados en la regi\u00f3n, lo que, seg\u00fan las autoridades estadounidenses, evidencia la eficacia de la\u00a0<b>Operaci\u00f3n Southern Spear\u00a0<\/b>y el control sobre la\u00a0<b>actividad il\u00edcita\u00a0<\/b>en aguas del hemisferio occidental.<\/p>\n<\/div>\n<p data-mrf-recirculation=\"Links inline\">\n<div>\n<p class=\"paragraph\" data-mrf-recirculation=\"Links inline\">La operaci\u00f3n recibi\u00f3 respaldo total del\u00a0<b>Grupo de Preparaci\u00f3n Anfibia de la Armada de los EEUU<\/b>, que incluye al\u00a0<b>USS Iwo Jima (LHD 7)<\/b>, el\u00a0<b>USS San Antonio (LPD 17)<\/b>\u00a0y el\u00a0<b>USS Fort Lauderdale (LPD 28)<\/b>, plataformas descritas como listas y letales por oficiales militares.<\/p>\n<p class=\"paragraph\" data-mrf-recirculation=\"Links inline\">Seg\u00fan el\u00a0<b>Departamento de Defensa<\/b>, la confiscaci\u00f3n del\u00a0<b>Ver\u00f3nica<\/b>\u00a0se enmarca en una amplia misi\u00f3n para poner fin a actividades il\u00edcitas, restaurar la seguridad y defender los intereses estadounidenses en la regi\u00f3n, en estrecha asociaci\u00f3n con la\u00a0<b>Guardia Costera<\/b>\u00a0y el\u00a0<b>Departamento de Justicia<\/b>.<\/p>\n<p class=\"paragraph\" data-mrf-recirculation=\"Links inline\">Durante los \u00faltimos meses de 2025 y las primeras semanas de enero de 2026,\u00a0<b>Estados Unidos<\/b>\u00a0ha intensificado de manera notable las\u00a0<b>incautaciones de buques petroleros<\/b>\u00a0vinculados al comercio de\u00a0<b>petr\u00f3leo venezolano<\/b>\u00a0y a presuntas actividades il\u00edcitas.<\/p>\n<p class=\"paragraph\" data-mrf-recirculation=\"Links inline\">Esta escalada opera dentro de una campa\u00f1a de\u00a0<b>presi\u00f3n m\u00e1xima<\/b>\u00a0que, seg\u00fan un funcionario estadounidense citado por\u00a0<i>Reuters<\/i>, incluy\u00f3 la implementaci\u00f3n de un\u00a0<b>bloqueo naval<\/b>\u00a0y la captura del ex dictador venezolano\u00a0<b>Nicol\u00e1s Maduro<\/b>\u00a0el 3 de enero de 2026.<\/p>\n<p class=\"paragraph\" data-mrf-recirculation=\"Links inline\">Entre diciembre de 2025 y enero de 2026, las fuerzas estadounidenses interceptaron al menos\u00a0<b>seis grandes buques petroleros<\/b>\u00a0que intentaban evadir sanciones.<\/p>\n<p class=\"paragraph\" data-mrf-recirculation=\"Links inline\">El 9 de enero de 2026, la\u00a0<b>Fuerza de Tarea Conjunta Southern Spear<\/b>\u00a0incaut\u00f3 el\u00a0<b>Olina<\/b>\u00a0(antes\u00a0<b>Minerva M<\/b>) en el Caribe. El\u00a0<b>Bella 1<\/b>, rebautizado como\u00a0<b>Marinera<\/b>\u00a0y bajo bandera rusa al momento de su captura, fue interceptado el 7 de enero de 2026 tras una persecuci\u00f3n prolongada en el Atl\u00e1ntico Norte.<\/p>\n<p class=\"paragraph\" data-mrf-recirculation=\"Links inline\">En los primeros d\u00edas de enero, tambi\u00e9n fue incautado el\u00a0<b>Vela 1<\/b>, un petrolero vinculado a Ir\u00e1n.<\/p>\n<p class=\"paragraph\" data-mrf-recirculation=\"Links inline\">El 8 de enero, los buques\u00a0<b>Sophia<\/b>\u00a0y\u00a0<b>Marinera<\/b>\u00a0fueron reportados como incautados en aguas internacionales tanto del Caribe como del Atl\u00e1ntico. La serie comenz\u00f3 con la captura del\u00a0<b>Skipper<\/b> el 10 de diciembre de 2025, al inicio del bloqueo<strong>. (I)<\/strong><\/p>\n<p class=\"paragraph\" data-mrf-recirculation=\"Links inline\"><strong><i>(Con informaci\u00f3n de EFE)<\/i><\/strong><\/p>\n<p data-mrf-recirculation=\"Links inline\"><strong>Fuente:<\/strong> evafm.net &#8211; infobae.com<\/p>\n<\/div>\n<div class=\"gsp_post_data\" \r\n\t            data-post_type=\"post\" \r\n\t            data-cat=\"general,noticias-internacionales\" \r\n\t            data-modified=\"120\"\r\n\t            data-created=\"1768477188\"\r\n\t            data-title=\"El petr\u00f3leo de Texas cae m\u00e1s del 4% al disiparse el riesgo de un ataque de EEUU contra Ir\u00e1n\" \r\n\t            data-home=\"https:\/\/www.evafm.net\/sitio\"><\/div>","protected":false},"excerpt":{"rendered":"<p>El precio del petr\u00f3leo intermedio de Texas (WTI) abri\u00f3 este jueves con una ca\u00edda del 4,11%, hasta 59,47 d\u00f3lares el barril, despu\u00e9s de que las declaraciones del presidente de Estados Unidos,\u00a0Donald Trump, calmaran los temores de que un ataque estadounidense contra Ir\u00e1n fuera inminente. A las 09:00 hora local (13:00 GMT),\u00a0los contratos de futuros del&#8230;<\/p>\n","protected":false},"author":5,"featured_media":98125,"comment_status":"closed","ping_status":"open","sticky":false,"template":"","format":"standard","meta":{"_joinchat":[],"footnotes":""},"categories":[1720,1345],"tags":[],"class_list":["post-98124","post","type-post","status-publish","format-standard","has-post-thumbnail","hentry","category-general","category-noticias-internacionales","have-post-thumb"],"_links":{"self":[{"href":"https:\/\/www.evafm.net\/sitio\/wp-json\/wp\/v2\/posts\/98124","targetHints":{"allow":["GET"]}}],"collection":[{"href":"https:\/\/www.evafm.net\/sitio\/wp-json\/wp\/v2\/posts"}],"about":[{"href":"https:\/\/www.evafm.net\/sitio\/wp-json\/wp\/v2\/types\/post"}],"author":[{"embeddable":true,"href":"https:\/\/www.evafm.net\/sitio\/wp-json\/wp\/v2\/users\/5"}],"replies":[{"embeddable":true,"href":"https:\/\/www.evafm.net\/sitio\/wp-json\/wp\/v2\/comments?post=98124"}],"version-history":[{"count":1,"href":"https:\/\/www.evafm.net\/sitio\/wp-json\/wp\/v2\/posts\/98124\/revisions"}],"predecessor-version":[{"id":98126,"href":"https:\/\/www.evafm.net\/sitio\/wp-json\/wp\/v2\/posts\/98124\/revisions\/98126"}],"wp:featuredmedia":[{"embeddable":true,"href":"https:\/\/www.evafm.net\/sitio\/wp-json\/wp\/v2\/media\/98125"}],"wp:attachment":[{"href":"https:\/\/www.evafm.net\/sitio\/wp-json\/wp\/v2\/media?parent=98124"}],"wp:term":[{"taxonomy":"category","embeddable":true,"href":"https:\/\/www.evafm.net\/sitio\/wp-json\/wp\/v2\/categories?post=98124"},{"taxonomy":"post_tag","embeddable":true,"href":"https:\/\/www.evafm.net\/sitio\/wp-json\/wp\/v2\/tags?post=98124"}],"curies":[{"name":"wp","href":"https:\/\/api.w.org\/{rel}","templated":true}]}}