{"id":98128,"date":"2026-01-15T11:56:55","date_gmt":"2026-01-15T16:56:55","guid":{"rendered":"https:\/\/www.evafm.net\/sitio\/?p=98128"},"modified":"2026-01-15T11:56:55","modified_gmt":"2026-01-15T16:56:55","slug":"barcelona-sc-oficializo-a-jhonatan-perlaza-como-refuerzo-2026","status":"publish","type":"post","link":"https:\/\/www.evafm.net\/sitio\/barcelona-sc-oficializo-a-jhonatan-perlaza-como-refuerzo-2026\/","title":{"rendered":"Barcelona SC oficializo a Jhonatan Perlaza como refuerzo 2026"},"content":{"rendered":"<p class=\"s4\"><strong>Barcelona Sporting Club<\/strong> comunica a sus socios e hinchas que ha llegado a un acuerdo con <strong>Jonathan Perlaza<\/strong> para que se incorpore a nuestro primer equipo de f\u00fatbol.<\/p>\n<p class=\"s4\">El jugador, de 28 a\u00f1os de edad, se vincula a la instituci\u00f3n con un contrato por las pr\u00f3ximas tres temporadas.<\/p>\n<p class=\"s4\">Jonathan llega en condici\u00f3n de jugador libre, siendo su \u00faltimo club el Quer\u00e9taro FC de la Liga MX (M\u00e9xico).<\/p>\n<p class=\"s6\">Le damos la bienvenida en esta nueva etapa con la camiseta amarilla, luego de su \u00faltimo paso por el club. <strong>(D)<\/strong><\/p>\n<p>&nbsp;<\/p>\n<p><img fetchpriority=\"high\" decoding=\"async\" class=\"\" src=\"https:\/\/www.barcelonasc.com.ec\/wp-content\/uploads\/2026\/01\/img_0079-1229x1536.jpg\" width=\"716\" height=\"895\" \/><\/p>\n<p><img decoding=\"async\" class=\"\" src=\"https:\/\/pbs.twimg.com\/media\/G-q2_DPboAAmTJB?format=jpg&amp;name=large\" alt=\"Imagen\" width=\"716\" height=\"895\" \/><\/p>\n<p><strong>Fuente:<\/strong> evafm.net &#8211; barcelonasc.com.ec<\/p>\n<div class=\"gsp_post_data\" \r\n\t            data-post_type=\"post\" \r\n\t            data-cat=\"deportes-ecuador,general\" \r\n\t            data-modified=\"120\"\r\n\t            data-created=\"1768478215\"\r\n\t            data-title=\"Barcelona SC oficializo a Jhonatan Perlaza como refuerzo 2026\" \r\n\t            data-home=\"https:\/\/www.evafm.net\/sitio\"><\/div>","protected":false},"excerpt":{"rendered":"<p>Barcelona Sporting Club comunica a sus socios e hinchas que ha llegado a un acuerdo con Jonathan Perlaza para que se incorpore a nuestro primer equipo de f\u00fatbol. El jugador, de 28 a\u00f1os de edad, se vincula a la instituci\u00f3n con un contrato por las pr\u00f3ximas tres temporadas. Jonathan llega en condici\u00f3n de jugador libre,&#8230;<\/p>\n","protected":false},"author":5,"featured_media":98129,"comment_status":"closed","ping_status":"open","sticky":false,"template":"","format":"standard","meta":{"_joinchat":[],"footnotes":""},"categories":[1557,1720],"tags":[],"class_list":["post-98128","post","type-post","status-publish","format-standard","has-post-thumbnail","hentry","category-deportes-ecuador","category-general","have-post-thumb"],"_links":{"self":[{"href":"https:\/\/www.evafm.net\/sitio\/wp-json\/wp\/v2\/posts\/98128","targetHints":{"allow":["GET"]}}],"collection":[{"href":"https:\/\/www.evafm.net\/sitio\/wp-json\/wp\/v2\/posts"}],"about":[{"href":"https:\/\/www.evafm.net\/sitio\/wp-json\/wp\/v2\/types\/post"}],"author":[{"embeddable":true,"href":"https:\/\/www.evafm.net\/sitio\/wp-json\/wp\/v2\/users\/5"}],"replies":[{"embeddable":true,"href":"https:\/\/www.evafm.net\/sitio\/wp-json\/wp\/v2\/comments?post=98128"}],"version-history":[{"count":1,"href":"https:\/\/www.evafm.net\/sitio\/wp-json\/wp\/v2\/posts\/98128\/revisions"}],"predecessor-version":[{"id":98130,"href":"https:\/\/www.evafm.net\/sitio\/wp-json\/wp\/v2\/posts\/98128\/revisions\/98130"}],"wp:featuredmedia":[{"embeddable":true,"href":"https:\/\/www.evafm.net\/sitio\/wp-json\/wp\/v2\/media\/98129"}],"wp:attachment":[{"href":"https:\/\/www.evafm.net\/sitio\/wp-json\/wp\/v2\/media?parent=98128"}],"wp:term":[{"taxonomy":"category","embeddable":true,"href":"https:\/\/www.evafm.net\/sitio\/wp-json\/wp\/v2\/categories?post=98128"},{"taxonomy":"post_tag","embeddable":true,"href":"https:\/\/www.evafm.net\/sitio\/wp-json\/wp\/v2\/tags?post=98128"}],"curies":[{"name":"wp","href":"https:\/\/api.w.org\/{rel}","templated":true}]}}