{"id":98131,"date":"2026-01-15T12:24:58","date_gmt":"2026-01-15T17:24:58","guid":{"rendered":"https:\/\/www.evafm.net\/sitio\/?p=98131"},"modified":"2026-01-15T12:24:58","modified_gmt":"2026-01-15T17:24:58","slug":"barcelona-sc-oficializo-a-carlos-medina-para-la-temporada-2026","status":"publish","type":"post","link":"https:\/\/www.evafm.net\/sitio\/barcelona-sc-oficializo-a-carlos-medina-para-la-temporada-2026\/","title":{"rendered":"Barcelona SC oficializo a Carlos Medina para la temporada 2026"},"content":{"rendered":"<p class=\"s11\"><strong>Barcelona Sporting Club<\/strong> comunica a sus socios e hinchas que ha llegado a un acuerdo con <strong>Carlos Medina<\/strong> para que se incorpore a nuestra instituci\u00f3n.<\/p>\n<p class=\"s11\">El joven jugador, de 16 a\u00f1os de edad, llega en condici\u00f3n de jugador libre, siendo Independiente del Valle su \u00faltimo club.<\/p>\n<p class=\"s11\">En d\u00edas pasados, Carlos super\u00f3 satisfactoriamente los chequeos m\u00e9dicos, tras lo cual procedi\u00f3 a la firma de su contrato con la instituci\u00f3n por las pr\u00f3ximas tres temporadas.<\/p>\n<p class=\"s11\">Actualmente, el jugador ya se encuentra integrado al primer equipo, realizando la pretemporada en la ciudad de Quito, como parte del proceso de adaptaci\u00f3n y proyecci\u00f3n<\/p>\n<p class=\"s11\">deportiva que el club ha planificado para \u00e9l.<strong>(D)<\/strong><\/p>\n<p>&nbsp;<\/p>\n<p><img fetchpriority=\"high\" decoding=\"async\" class=\"\" src=\"https:\/\/www.barcelonasc.com.ec\/wp-content\/uploads\/2026\/01\/img_0049-1229x1536.jpg\" width=\"680\" height=\"850\" \/><\/p>\n<p><img decoding=\"async\" class=\"\" src=\"https:\/\/pbs.twimg.com\/media\/G-ppeDLWMAAOUfn?format=jpg&amp;name=large\" alt=\"Imagen\" width=\"680\" height=\"843\" \/><\/p>\n<p>&nbsp;<\/p>\n<p><strong>Fuente:<\/strong> evafm.net &#8211; barcelonasc.com.ec<\/p>\n<div class=\"gsp_post_data\" \r\n\t            data-post_type=\"post\" \r\n\t            data-cat=\"deportes-ecuador\" \r\n\t            data-modified=\"120\"\r\n\t            data-created=\"1768479898\"\r\n\t            data-title=\"Barcelona SC oficializo a Carlos Medina para la temporada 2026\" \r\n\t            data-home=\"https:\/\/www.evafm.net\/sitio\"><\/div>","protected":false},"excerpt":{"rendered":"<p>Barcelona Sporting Club comunica a sus socios e hinchas que ha llegado a un acuerdo con Carlos Medina para que se incorpore a nuestra instituci\u00f3n. El joven jugador, de 16 a\u00f1os de edad, llega en condici\u00f3n de jugador libre, siendo Independiente del Valle su \u00faltimo club. En d\u00edas pasados, Carlos super\u00f3 satisfactoriamente los chequeos m\u00e9dicos,&#8230;<\/p>\n","protected":false},"author":5,"featured_media":98132,"comment_status":"closed","ping_status":"open","sticky":false,"template":"","format":"standard","meta":{"_joinchat":[],"footnotes":""},"categories":[1557],"tags":[],"class_list":["post-98131","post","type-post","status-publish","format-standard","has-post-thumbnail","hentry","category-deportes-ecuador","have-post-thumb"],"_links":{"self":[{"href":"https:\/\/www.evafm.net\/sitio\/wp-json\/wp\/v2\/posts\/98131","targetHints":{"allow":["GET"]}}],"collection":[{"href":"https:\/\/www.evafm.net\/sitio\/wp-json\/wp\/v2\/posts"}],"about":[{"href":"https:\/\/www.evafm.net\/sitio\/wp-json\/wp\/v2\/types\/post"}],"author":[{"embeddable":true,"href":"https:\/\/www.evafm.net\/sitio\/wp-json\/wp\/v2\/users\/5"}],"replies":[{"embeddable":true,"href":"https:\/\/www.evafm.net\/sitio\/wp-json\/wp\/v2\/comments?post=98131"}],"version-history":[{"count":1,"href":"https:\/\/www.evafm.net\/sitio\/wp-json\/wp\/v2\/posts\/98131\/revisions"}],"predecessor-version":[{"id":98138,"href":"https:\/\/www.evafm.net\/sitio\/wp-json\/wp\/v2\/posts\/98131\/revisions\/98138"}],"wp:featuredmedia":[{"embeddable":true,"href":"https:\/\/www.evafm.net\/sitio\/wp-json\/wp\/v2\/media\/98132"}],"wp:attachment":[{"href":"https:\/\/www.evafm.net\/sitio\/wp-json\/wp\/v2\/media?parent=98131"}],"wp:term":[{"taxonomy":"category","embeddable":true,"href":"https:\/\/www.evafm.net\/sitio\/wp-json\/wp\/v2\/categories?post=98131"},{"taxonomy":"post_tag","embeddable":true,"href":"https:\/\/www.evafm.net\/sitio\/wp-json\/wp\/v2\/tags?post=98131"}],"curies":[{"name":"wp","href":"https:\/\/api.w.org\/{rel}","templated":true}]}}