{"id":98133,"date":"2026-01-15T12:18:53","date_gmt":"2026-01-15T17:18:53","guid":{"rendered":"https:\/\/www.evafm.net\/sitio\/?p=98133"},"modified":"2026-01-15T12:18:53","modified_gmt":"2026-01-15T17:18:53","slug":"atletico-mineiro-hizo-oficial-el-fichaje-de-alan-minda-por-cinco-anos","status":"publish","type":"post","link":"https:\/\/www.evafm.net\/sitio\/atletico-mineiro-hizo-oficial-el-fichaje-de-alan-minda-por-cinco-anos\/","title":{"rendered":"Atl\u00e9tico Mineiro hizo oficial el fichaje de Alan Minda por cinco a\u00f1os"},"content":{"rendered":"<p>Este mi\u00e9rcoles 14 de enero,\u00a0<a href=\"https:\/\/www.ecuavisa.com\/metadatos\/-\/meta\/alan-minda\" target=\"_blank\" rel=\"noopener\"><strong>Alan Minda<\/strong><\/a><strong>\u00a0present\u00f3 a\u00a0<\/strong><a href=\"https:\/\/www.ecuavisa.com\/tema\/atletico-mineiro-t90378\" target=\"_blank\" rel=\"noopener\"><strong>Atl\u00e9tico Mineiro<\/strong><\/a><strong>\u00a0como nuevo refuerzo\u00a0<\/strong>de su plantel para este 2026, despu\u00e9s de anunciar que lleg\u00f3 a un acuerdo para su contrataci\u00f3n.<\/p>\n<p>El f<strong>utbolista de 22 a\u00f1os ya viaj\u00f3 a Brasil desde B\u00e9lgica<\/strong>, tras su paso por el Cercle Brugge, y firm\u00f3 su contrato por cinco a\u00f1os con el <strong>Mineiro.<\/strong><\/p>\n<p><a href=\"https:\/\/www.ecuavisa.com\/futbol-internacional\/alan-minda-llego-a-un-acuerdo-para-ser-nuevo-jugador-del-atletico-mineiro-20260106-0105.html\" target=\"_blank\" rel=\"noopener\"><strong>Minda pas\u00f3 los chequeos m\u00e9dicos<\/strong><\/a><strong>\u00a0con el cuadro de Belo Horizonte<\/strong>\u00a0para hacer oficial su contrataci\u00f3n, despu\u00e9s de perder espacio en el primer equipo.<\/p>\n<p>\u201c<strong>Me siento muy feliz y entusiasmado de vestir la camiseta<\/strong>\u00a0de un equipo importante en Brasil. Cuando me enter\u00e9 de la noticia, me emocion\u00e9\u201d, se\u00f1al\u00f3 Alan.<\/p>\n<p>&nbsp;<\/p>\n<p>El ecuatoriano agreg\u00f3 un mensaje para los hinchas del galo: \u201c<strong>me considero un jugador que es muy veloz y gana los espacios<\/strong>.<\/p>\n<p>El f\u00fatbol brasile\u00f1o est\u00e1 creciendo y es un paso grande en mi carrera\u201d.<\/p>\n<p>Finalmente,\u00a0<strong>Minda destac\u00f3 que convers\u00f3 con Alan Franco<\/strong>, antes de firmar con el Mineiro, y el volante ecuatoriano le ofreci\u00f3 su ayuda y compa\u00f1\u00eda.<\/p>\n<p>El posible<strong>\u00a0debut de Alan con el Mineiro podr\u00e1 ser ante Tombense el 18 de enero<\/strong>, a las 16:00, por la tercera fecha del campeonato estadual.<\/p>\n<p>Adem\u00e1s del fichaje de Minda, el<strong>\u00a0<\/strong><a href=\"https:\/\/www.ecuavisa.com\/futbol-internacional\/atletico-mineiro-acordo-fichaje-angelo-preciado-sparta-praga-20260109-0045.html\" target=\"_blank\" rel=\"noopener\"><strong>Atl\u00e9tico negocia el fichaje de \u00c1ngelo Preciado<\/strong><\/a> para los pr\u00f3ximos d\u00edas.<strong> (D)<\/strong><\/p>\n<p><iframe title=\"ALAN MINDA: &quot;QUERO GANHAR TUDO no GALO&quot; | ENTREVISTA\" width=\"1200\" height=\"675\" src=\"https:\/\/www.youtube.com\/embed\/4TvC2RaGuOw?feature=oembed\" frameborder=\"0\" allow=\"accelerometer; autoplay; clipboard-write; encrypted-media; gyroscope; picture-in-picture; web-share\" referrerpolicy=\"strict-origin-when-cross-origin\" allowfullscreen><\/iframe><\/p>\n<div class=\"css-175oi2r r-18u37iz r-136ojw6\">\n<div class=\"css-175oi2r r-1iusvr4 r-16y2uox r-1777fci\">\n<div class=\"css-175oi2r r-zl2h9q\">\n<div class=\"css-175oi2r r-k4xj1c r-18u37iz r-1wtj0ep\">\n<div class=\"css-175oi2r r-1d09ksm r-18u37iz r-1wbh5a2\">\n<div class=\"css-175oi2r r-1wbh5a2 r-dnmrzs r-1ny4l3l\">\n<div id=\"id__drq7qa9lpx\" class=\"css-175oi2r r-1wbh5a2 r-dnmrzs r-1ny4l3l\" data-testid=\"User-Name\">\n<div class=\"css-175oi2r r-1awozwy r-18u37iz r-1wbh5a2 r-dnmrzs\">\n<div class=\"css-175oi2r r-1wbh5a2 r-dnmrzs\">\n<div class=\"css-175oi2r r-1awozwy r-18u37iz r-1wbh5a2 r-dnmrzs\">\n<div class=\"css-146c3p1 r-bcqeeo r-1ttztb7 r-qvutc0 r-37j5jr r-a023e6 r-rjixqe r-b88u0q r-1awozwy r-6koalj r-1udh08x r-3s2u2q\" dir=\"ltr\"><strong><span class=\"css-1jxf684 r-dnmrzs r-1udh08x r-1udbk01 r-3s2u2q r-bcqeeo r-1ttztb7 r-qvutc0 r-poiln3\"><span class=\"css-1jxf684 r-bcqeeo r-1ttztb7 r-qvutc0 r-poiln3\">Atl\u00e9tico<\/span><\/span><\/strong><\/div>\n<div class=\"css-146c3p1 r-bcqeeo r-1ttztb7 r-qvutc0 r-37j5jr r-a023e6 r-rjixqe r-16dba41 r-xoduu5 r-18u37iz r-1q142lx\" dir=\"ltr\"><\/div>\n<\/div>\n<\/div>\n<\/div>\n<div class=\"css-175oi2r r-18u37iz r-1wbh5a2\">\n<div class=\"css-175oi2r r-1d09ksm r-18u37iz r-1wbh5a2\">\n<div class=\"css-175oi2r r-1wbh5a2 r-dnmrzs\">\n<div class=\"css-146c3p1 r-dnmrzs r-1udh08x r-1udbk01 r-3s2u2q r-bcqeeo r-1ttztb7 r-qvutc0 r-37j5jr r-a023e6 r-rjixqe r-16dba41 r-18u37iz r-1wvb978\" dir=\"ltr\"><strong><span class=\"css-1jxf684 r-bcqeeo r-1ttztb7 r-qvutc0 r-poiln3\">@Atletico<\/span><\/strong><\/div>\n<\/div>\n<\/div>\n<\/div>\n<\/div>\n<\/div>\n<\/div>\n<div class=\"css-175oi2r r-1kkk96v\">\n<div class=\"css-175oi2r r-1awozwy r-18u37iz r-1cmwbt1 r-1wtj0ep\">\n<div class=\"css-175oi2r r-18u37iz r-1h0z5md\"><\/div>\n<div class=\"css-175oi2r r-1awozwy r-6koalj r-18u37iz\">\n<div class=\"css-175oi2r\">\n<div class=\"css-175oi2r r-18u37iz r-1h0z5md\"><\/div>\n<\/div>\n<\/div>\n<\/div>\n<\/div>\n<\/div>\n<\/div>\n<\/div>\n<\/div>\n<div class=\"css-175oi2r\">\n<div class=\"css-175oi2r\">\n<div class=\"css-175oi2r r-1s2bzr4\">\n<div id=\"id__umy42zb13xo\" class=\"css-146c3p1 r-bcqeeo r-1ttztb7 r-qvutc0 r-37j5jr r-1inkyih r-16dba41 r-bnwqim r-135wba7\" dir=\"auto\" lang=\"pt\" data-testid=\"tweetText\"><strong><span class=\"css-1jxf684 r-bcqeeo r-1ttztb7 r-qvutc0 r-poiln3\">Com juventude e muita motiva\u00e7\u00e3o, Minda agora representa o Maior de Minas!<\/span><\/strong><\/div>\n<\/div>\n<div dir=\"auto\" lang=\"pt\" data-testid=\"tweetText\"><strong>\u00a1Con juventud y mucha motivaci\u00f3n, Minda ahora representa lo m\u00e1s grande de Minas!<\/strong><\/div>\n<div class=\"css-175oi2r r-1s2bzr4\">\n<div class=\"css-146c3p1 r-dnmrzs r-1udh08x r-1udbk01 r-3s2u2q r-bcqeeo r-qvutc0 r-37j5jr r-q4m81j r-n6v787 r-1cwl3u0 r-16dba41 r-6koalj r-1w6e6rj r-14gqq1x\" dir=\"ltr\"><button class=\"css-1jxf684 r-bcqeeo r-qvutc0 r-poiln3 r-n6v787 r-1cwl3u0 r-1loqt21 r-fdjqy7\" role=\"button\" type=\"button\" aria-expanded=\"true\" aria-label=\"Ocultar post traducido\"><span class=\"css-1jxf684 r-bcqeeo r-1ttztb7 r-qvutc0 r-poiln3\">Traducido\u00a0<\/span><\/button><\/div>\n<\/div>\n<\/div>\n<\/div>\n<p><img fetchpriority=\"high\" decoding=\"async\" class=\"\" src=\"https:\/\/pbs.twimg.com\/media\/G-pG9ezbQAMKn3-?format=jpg&amp;name=small\" alt=\"Imagen\" width=\"651\" height=\"868\" \/><\/p>\n<p><img decoding=\"async\" class=\"\" src=\"https:\/\/pbs.twimg.com\/media\/G-o5lkyaQAAVTsR?format=jpg&amp;name=small\" alt=\"Imagen\" width=\"659\" height=\"879\" \/><\/p>\n<div class=\"ck-related-news\"><span data-src=\"|contenidos|2026|01|14|noticia_0056.html\" data-type=\"news\"><\/span><\/div>\n<div class=\"gsp_post_data\" \r\n\t            data-post_type=\"post\" \r\n\t            data-cat=\"deportes-internacionales,general\" \r\n\t            data-modified=\"120\"\r\n\t            data-created=\"1768479533\"\r\n\t            data-title=\"Atl\u00e9tico Mineiro hizo oficial el fichaje de Alan Minda por cinco a\u00f1os\" \r\n\t            data-home=\"https:\/\/www.evafm.net\/sitio\"><\/div>","protected":false},"excerpt":{"rendered":"<p>Este mi\u00e9rcoles 14 de enero,\u00a0Alan Minda\u00a0present\u00f3 a\u00a0Atl\u00e9tico Mineiro\u00a0como nuevo refuerzo\u00a0de su plantel para este 2026, despu\u00e9s de anunciar que lleg\u00f3 a un acuerdo para su contrataci\u00f3n. El futbolista de 22 a\u00f1os ya viaj\u00f3 a Brasil desde B\u00e9lgica, tras su paso por el Cercle Brugge, y firm\u00f3 su contrato por cinco a\u00f1os con el Mineiro. Minda&#8230;<\/p>\n","protected":false},"author":5,"featured_media":98134,"comment_status":"closed","ping_status":"open","sticky":false,"template":"","format":"standard","meta":{"_joinchat":[],"footnotes":""},"categories":[1342,1720],"tags":[],"class_list":["post-98133","post","type-post","status-publish","format-standard","has-post-thumbnail","hentry","category-deportes-internacionales","category-general","have-post-thumb"],"_links":{"self":[{"href":"https:\/\/www.evafm.net\/sitio\/wp-json\/wp\/v2\/posts\/98133","targetHints":{"allow":["GET"]}}],"collection":[{"href":"https:\/\/www.evafm.net\/sitio\/wp-json\/wp\/v2\/posts"}],"about":[{"href":"https:\/\/www.evafm.net\/sitio\/wp-json\/wp\/v2\/types\/post"}],"author":[{"embeddable":true,"href":"https:\/\/www.evafm.net\/sitio\/wp-json\/wp\/v2\/users\/5"}],"replies":[{"embeddable":true,"href":"https:\/\/www.evafm.net\/sitio\/wp-json\/wp\/v2\/comments?post=98133"}],"version-history":[{"count":1,"href":"https:\/\/www.evafm.net\/sitio\/wp-json\/wp\/v2\/posts\/98133\/revisions"}],"predecessor-version":[{"id":98135,"href":"https:\/\/www.evafm.net\/sitio\/wp-json\/wp\/v2\/posts\/98133\/revisions\/98135"}],"wp:featuredmedia":[{"embeddable":true,"href":"https:\/\/www.evafm.net\/sitio\/wp-json\/wp\/v2\/media\/98134"}],"wp:attachment":[{"href":"https:\/\/www.evafm.net\/sitio\/wp-json\/wp\/v2\/media?parent=98133"}],"wp:term":[{"taxonomy":"category","embeddable":true,"href":"https:\/\/www.evafm.net\/sitio\/wp-json\/wp\/v2\/categories?post=98133"},{"taxonomy":"post_tag","embeddable":true,"href":"https:\/\/www.evafm.net\/sitio\/wp-json\/wp\/v2\/tags?post=98133"}],"curies":[{"name":"wp","href":"https:\/\/api.w.org\/{rel}","templated":true}]}}