{"id":98142,"date":"2026-01-15T12:48:15","date_gmt":"2026-01-15T17:48:15","guid":{"rendered":"https:\/\/www.evafm.net\/sitio\/?p=98142"},"modified":"2026-01-15T12:48:15","modified_gmt":"2026-01-15T17:48:15","slug":"el-real-madrid-perdio-contra-el-albacete-y-quedo-eliminado-de-la-copa-del-rey","status":"publish","type":"post","link":"https:\/\/www.evafm.net\/sitio\/el-real-madrid-perdio-contra-el-albacete-y-quedo-eliminado-de-la-copa-del-rey\/","title":{"rendered":"El Real Madrid perdi\u00f3 contra el Albacete y qued\u00f3 eliminado de la Copa del Rey"},"content":{"rendered":"<p><strong>El<a href=\"https:\/\/www.ecuavisa.com\/tema\/real-madrid-t97433\" target=\"_blank\" rel=\"noopener\">\u00a0Real Madrid<\/a><\/strong>\u00a0cay\u00f3 eliminado este mi\u00e9rcoles en\u00a0<strong>octavos de final de la Copa del Rey<\/strong>\u00a0al perder por 3-2 ante el\u00a0<strong>Albacete<\/strong>, de segunda divisi\u00f3n, en el debut de\u00a0<strong>\u00c1lvaro Arbeloa\u00a0<\/strong>como t\u00e9cnico blanco tras el despido de Xabi Alonso el lunes.<\/p>\n<p><strong>Gonzalo Garc\u00eda\u00a0<\/strong>hab\u00eda igualado para el Real Madrid en el 90+1, pero el local\u00a0<strong>Jeft\u00e9 Betancor dio el triunfo al equipo manchego en el 90+4<\/strong>, consumando la sorpresa y desatando la fiesta en el estadio Carlos Belmonte.<\/p>\n<p>May\u00fasculo fue el error en defensa del conjunto blanco, dudando\u00a0<strong>Andriy Lunin\u00a0<\/strong>entre salir y<strong>\u00a0Dani Carvajal<\/strong>\u00a0en atacar un bal\u00f3n que ten\u00eda Betancor.<\/p>\n<p>Con temple y paciencia para contemporizar en el \u00e1rea, el canario pic\u00f3 una pelota que entr\u00f3 entre los tres palos.<\/p>\n<p>Antes de ese emocionante desenlace, el Albacete se hab\u00eda puesto por delante ya en dos ocasiones, con tantos de\u00a0<strong>Javi Villar (42&#8242;) y del propio Jeft\u00e9 Betancor (82&#8242;),<\/strong>\u00a0mientras que para el Real Madrid hab\u00eda empatado provisionalmente antes del descanso el argentino\u00a0<strong>Franco Mastantuono (45+3&#8242;).<\/strong><\/p>\n<p>&nbsp;<\/p>\n<p>En su primera convocatoria,\u00a0<strong>Arbeloa dej\u00f3 en la capital espa\u00f1ola a jugadores importantes como Kylian Mbapp\u00e9, Rodrygo y Jude Bellingham\u00a0<\/strong>para darles descanso y llam\u00f3 hasta siete canteranos, de los cuales dos de ellos jugaron de titulares<strong>: Jorge Cestero y David Jim\u00e9nez.<\/strong><\/p>\n<p>En los otros dos partidos disputados este mi\u00e9rcoles en los octavos de la<strong>\u00a0Copa del Rey<\/strong>, el\u00a0<strong>Betis logr\u00f3 su pase a cuartos al superar 2-1 al Elche<\/strong> en el estadio de La Cartuja, mientras que el Alav\u00e9s hizo lo propio al ganar 2-0 al Rayo.<\/p>\n<p>El martes,<strong>\u00a0el Atl\u00e9tico tambi\u00e9n se clasific\u00f3 a la siguiente ronda al deshacerse del Deportivo de La Coru\u00f1a<\/strong>, de segunda divisi\u00f3n, por 1-0 en Riazor.<\/p>\n<p>Y el\u00a0<strong>Bar\u00e7a, l\u00edder de LaLiga, se enfrentar\u00e1 el jueves al Racing Santander<\/strong>, que encabeza la segunda divisi\u00f3n, en feudo c\u00e1ntabro<strong>.(D)<\/strong><\/p>\n<p><iframe title=\"PARTIDO COMPLETO: ALBACETE VS REAL MADRID  l COPA DEL REY - OCTAVOS DE FINAL\" width=\"1200\" height=\"675\" src=\"https:\/\/www.youtube.com\/embed\/3Bp3XvCC_QM?feature=oembed\" frameborder=\"0\" allow=\"accelerometer; autoplay; clipboard-write; encrypted-media; gyroscope; picture-in-picture; web-share\" referrerpolicy=\"strict-origin-when-cross-origin\" allowfullscreen><\/iframe><\/p>\n<p>&nbsp;<\/p>\n<p><strong>Fuente:<\/strong> evafm.net &#8211; ecuavisa.com m- youtube.com<\/p>\n<div class=\"gsp_post_data\" \r\n\t            data-post_type=\"post\" \r\n\t            data-cat=\"deportes-internacionales\" \r\n\t            data-modified=\"120\"\r\n\t            data-created=\"1768481295\"\r\n\t            data-title=\"El Real Madrid perdi\u00f3 contra el Albacete y qued\u00f3 eliminado de la Copa del Rey\" \r\n\t            data-home=\"https:\/\/www.evafm.net\/sitio\"><\/div>","protected":false},"excerpt":{"rendered":"<p>El\u00a0Real Madrid\u00a0cay\u00f3 eliminado este mi\u00e9rcoles en\u00a0octavos de final de la Copa del Rey\u00a0al perder por 3-2 ante el\u00a0Albacete, de segunda divisi\u00f3n, en el debut de\u00a0\u00c1lvaro Arbeloa\u00a0como t\u00e9cnico blanco tras el despido de Xabi Alonso el lunes. Gonzalo Garc\u00eda\u00a0hab\u00eda igualado para el Real Madrid en el 90+1, pero el local\u00a0Jeft\u00e9 Betancor dio el triunfo al equipo&#8230;<\/p>\n","protected":false},"author":5,"featured_media":98143,"comment_status":"closed","ping_status":"open","sticky":false,"template":"","format":"standard","meta":{"_joinchat":[],"footnotes":""},"categories":[1342],"tags":[],"class_list":["post-98142","post","type-post","status-publish","format-standard","has-post-thumbnail","hentry","category-deportes-internacionales","have-post-thumb"],"_links":{"self":[{"href":"https:\/\/www.evafm.net\/sitio\/wp-json\/wp\/v2\/posts\/98142","targetHints":{"allow":["GET"]}}],"collection":[{"href":"https:\/\/www.evafm.net\/sitio\/wp-json\/wp\/v2\/posts"}],"about":[{"href":"https:\/\/www.evafm.net\/sitio\/wp-json\/wp\/v2\/types\/post"}],"author":[{"embeddable":true,"href":"https:\/\/www.evafm.net\/sitio\/wp-json\/wp\/v2\/users\/5"}],"replies":[{"embeddable":true,"href":"https:\/\/www.evafm.net\/sitio\/wp-json\/wp\/v2\/comments?post=98142"}],"version-history":[{"count":1,"href":"https:\/\/www.evafm.net\/sitio\/wp-json\/wp\/v2\/posts\/98142\/revisions"}],"predecessor-version":[{"id":98144,"href":"https:\/\/www.evafm.net\/sitio\/wp-json\/wp\/v2\/posts\/98142\/revisions\/98144"}],"wp:featuredmedia":[{"embeddable":true,"href":"https:\/\/www.evafm.net\/sitio\/wp-json\/wp\/v2\/media\/98143"}],"wp:attachment":[{"href":"https:\/\/www.evafm.net\/sitio\/wp-json\/wp\/v2\/media?parent=98142"}],"wp:term":[{"taxonomy":"category","embeddable":true,"href":"https:\/\/www.evafm.net\/sitio\/wp-json\/wp\/v2\/categories?post=98142"},{"taxonomy":"post_tag","embeddable":true,"href":"https:\/\/www.evafm.net\/sitio\/wp-json\/wp\/v2\/tags?post=98142"}],"curies":[{"name":"wp","href":"https:\/\/api.w.org\/{rel}","templated":true}]}}