{"id":98150,"date":"2026-01-15T13:14:43","date_gmt":"2026-01-15T18:14:43","guid":{"rendered":"https:\/\/www.evafm.net\/sitio\/?p=98150"},"modified":"2026-01-15T13:14:43","modified_gmt":"2026-01-15T18:14:43","slug":"liga-de-quito-y-su-mensaje-de-despedida-a-bryan-ramirez","status":"publish","type":"post","link":"https:\/\/www.evafm.net\/sitio\/liga-de-quito-y-su-mensaje-de-despedida-a-bryan-ramirez\/","title":{"rendered":"Liga de Quito y su mensaje de despedida a Bryan Ram\u00edrez"},"content":{"rendered":"<p><a href=\"https:\/\/www.ecuavisa.com\/deportes\/liga-de-quito\" target=\"_blank\" rel=\"noopener\"><strong>Liga de Quito<\/strong><\/a>\u00a0confirm\u00f3 la salida de su extremo Bryan Ram\u00edrez, quien continuar\u00e1 su carrera en la <strong>Major League Soccer<\/strong> con el\u00a0<strong>FC Cincinnati<\/strong>.<\/p>\n<p>El club capitalino dedic\u00f3 un mensaje de despedida a uno de sus jugadores m\u00e1s determinantes de las \u00faltimas temporadas, destacando su<\/p>\n<p>\u201centrega, desequilibrio y car\u00e1cter\u201d y asegurando que \u201cLIGA siempre ser\u00e1 tu casa\u201d.<\/p>\n<p><strong>Ram\u00edrez<\/strong>, de 25 a\u00f1os, se despide del club como m\u00faltiple campe\u00f3n: conquist\u00f3<strong> dos t\u00edtulos de LigaPro, una Supercopa de Ecuador y una Copa Sudamericana<\/strong><\/p>\n<p>dejando un legado memorable en la instituci\u00f3n capitalina.<\/p>\n<p>El\u00a0<strong>FC Cincinnati<\/strong>\u00a0adquiri\u00f3 la mayor parte de sus derechos deportivos, mientras que Liga de Quito retuvo un porcentaje menor, siendo una negociaci\u00f3n exitosa para<\/p>\n<p>los albos que podr\u00e1n recibir un ingreso extra si Ram\u00edrez termina llegando al f\u00fatbol europeo en un futuro cercano.<\/p>\n<p>&nbsp;<\/p>\n<p>La transferencia busca reforzar el ataque del club estadounidense tras la salida de\u00a0<strong>Luca Orellano\u00a0<\/strong>y responde al objetivo del jugador de consolidarse en la<\/p>\n<p>selecci\u00f3n ecuatoriana de cara al <strong>Mundial 2026.<\/strong><\/p>\n<p>Cabe se\u00f1alar que Liga de Quito contrat\u00f3 a\u00a0<strong>Janner Corozo<\/strong>, goleador de <strong>Barcelona SC como el reemplazante natural de Ram\u00edrez. (D)<\/strong><\/p>\n<div class=\"css-1dbjc4n r-18u37iz r-1t982j2\">\n<div class=\"css-1dbjc4n r-1ny4l3l\">\n<div class=\"css-1dbjc4n r-1adg3ll r-bztko3\" data-testid=\"UserAvatar-Container-LDU_Oficial\">\n<div class=\"r-1p0dtai r-1pi2tsx r-1d2f490 r-u8s1d r-ipm5af r-13qz1uu\">\n<div class=\"css-1dbjc4n r-1adg3ll r-1pi2tsx r-1wyvozj r-bztko3 r-u8s1d r-1v2oles r-desppf r-13qz1uu\">\n<div class=\"r-1adg3ll r-13qz1uu\"><\/div>\n<div class=\"r-1p0dtai r-1pi2tsx r-1d2f490 r-u8s1d r-ipm5af r-13qz1uu\">\n<div class=\"css-1dbjc4n r-sdzlij r-ggadg3 r-1udh08x r-u8s1d r-8jfcpp\">\n<div class=\"css-1dbjc4n r-14lw9ot r-sdzlij r-1wyvozj r-1udh08x r-633pao r-u8s1d r-1v2oles r-desppf\">\n<div class=\"css-1dbjc4n r-1adg3ll r-1udh08x\">\n<div class=\"r-1p0dtai r-1pi2tsx r-1d2f490 r-u8s1d r-ipm5af r-13qz1uu\">\n<div class=\"css-1dbjc4n r-1p0dtai r-1mlwlqe r-1d2f490 r-1udh08x r-u8s1d r-zchlnj r-ipm5af r-417010\" aria-label=\"\">\n<div class=\"css-1dbjc4n r-1niwhzg r-vvn4in r-u6sd8q r-4gszlv r-1p0dtai r-1pi2tsx r-1d2f490 r-u8s1d r-zchlnj r-ipm5af r-13qz1uu r-1wyyakw\"><\/div>\n<\/div>\n<\/div>\n<\/div>\n<\/div>\n<div class=\"css-1dbjc4n r-sdzlij r-1wyvozj r-1udh08x r-u8s1d r-1v2oles r-desppf\">\n<div class=\"css-1dbjc4n r-12181gd r-1pi2tsx r-1ny4l3l r-o7ynqc r-6416eg r-13qz1uu\"><\/div>\n<\/div>\n<\/div>\n<\/div>\n<\/div>\n<\/div>\n<\/div>\n<\/div>\n<div class=\"css-1dbjc4n r-eqz5dr r-1777fci r-4amgru r-1kh6xel\">\n<div class=\"css-1dbjc4n r-1ny4l3l\">\n<div class=\"css-1dbjc4n r-1wbh5a2 r-dnmrzs r-1ny4l3l\">\n<div class=\"css-1dbjc4n r-1wbh5a2 r-dnmrzs r-1ny4l3l\">\n<div class=\"css-1dbjc4n r-1awozwy r-18u37iz r-dnmrzs\">\n<div class=\"css-901oao r-1awozwy r-18jsvk2 r-6koalj r-1qd0xha r-1b43r93 r-b88u0q r-hjklzo r-bcqeeo r-1udh08x r-3s2u2q r-qvutc0\" dir=\"auto\"><strong><span class=\"css-901oao css-16my406 css-1hf3ou5 r-poiln3 r-bcqeeo r-qvutc0\"><span class=\"css-901oao css-16my406 r-poiln3 r-bcqeeo r-qvutc0\">LDU Oficial<\/span><\/span><\/strong><\/div>\n<div class=\"css-901oao r-18jsvk2 r-xoduu5 r-18u37iz r-1q142lx r-1qd0xha r-1b43r93 r-16dba41 r-hjklzo r-bcqeeo r-qvutc0\" dir=\"auto\"><\/div>\n<\/div>\n<div class=\"css-1dbjc4n r-1awozwy r-18u37iz r-1wbh5a2\">\n<div class=\"css-1dbjc4n\">\n<div class=\"css-901oao css-1hf3ou5 r-14j79pv r-18u37iz r-1qd0xha r-1wvb978 r-1b43r93 r-16dba41 r-hjklzo r-bcqeeo r-qvutc0\" dir=\"ltr\"><strong><span class=\"css-901oao css-16my406 r-poiln3 r-bcqeeo r-qvutc0\">@LDU_Oficial<\/span><\/strong><\/div>\n<\/div>\n<div class=\"css-1dbjc4n r-18u37iz r-1q142lx\">\n<div class=\"css-901oao r-14j79pv r-1q142lx r-1qd0xha r-1b43r93 r-16dba41 r-hjklzo r-bcqeeo r-s1qlax r-qvutc0\" dir=\"auto\" aria-hidden=\"true\"><span class=\"css-901oao css-16my406 r-poiln3 r-bcqeeo r-qvutc0\">\u00b7<\/span><\/div>\n<\/div>\n<\/div>\n<\/div>\n<\/div>\n<\/div>\n<\/div>\n<\/div>\n<div class=\"css-1dbjc4n\">\n<div class=\"css-901oao r-18jsvk2 r-1dqbpge r-1qd0xha r-1b6yd1w r-16dba41 r-7ptqe7 r-bcqeeo r-bnwqim r-qvutc0\" dir=\"auto\" lang=\"es\" data-testid=\"tweetText\"><span class=\"css-901oao css-16my406 r-poiln3 r-bcqeeo r-qvutc0\">Entrega, desequilibrio y car\u00e1cter. Un crack sin lugar a dudas. <\/span><span class=\"css-901oao css-16my406 r-poiln3 r-bcqeeo r-qvutc0\">\u200d<\/span><\/div>\n<div class=\"css-901oao r-18jsvk2 r-1dqbpge r-1qd0xha r-1b6yd1w r-16dba41 r-7ptqe7 r-bcqeeo r-bnwqim r-qvutc0\" dir=\"auto\" lang=\"es\" data-testid=\"tweetText\"><span class=\"css-901oao css-16my406 r-poiln3 r-bcqeeo r-qvutc0\"> Le queremos desear muchos \u00e9xitos a Bryan Ramirez <\/span><\/div>\n<div class=\"css-901oao r-18jsvk2 r-1dqbpge r-1qd0xha r-1b6yd1w r-16dba41 r-7ptqe7 r-bcqeeo r-bnwqim r-qvutc0\" dir=\"auto\" lang=\"es\" data-testid=\"tweetText\"><span class=\"css-901oao css-16my406 r-poiln3 r-bcqeeo r-qvutc0\">en su nuevo camino en la MLS. <\/span><span class=\"css-901oao css-16my406 r-poiln3 r-bcqeeo r-qvutc0\"> Gracias por ser parte de esta familia, <\/span><\/div>\n<div class=\"css-901oao r-18jsvk2 r-1dqbpge r-1qd0xha r-1b6yd1w r-16dba41 r-7ptqe7 r-bcqeeo r-bnwqim r-qvutc0\" dir=\"auto\" lang=\"es\" data-testid=\"tweetText\"><span class=\"css-901oao css-16my406 r-poiln3 r-bcqeeo r-qvutc0\">Bryan. LIGA siempre ser\u00e1 tu casa. <\/span><\/div>\n<\/div>\n<p><img decoding=\"async\" src=\"https:\/\/pbs.twimg.com\/media\/G-ptRNCbQAEY43g?format=jpg&amp;name=small\" alt=\"Imagen\" \/><\/p>\n<p>&nbsp;<\/p>\n<p><strong>Fuente:<\/strong> evafm.net &#8211; ecuavisa.com<\/p>\n<div class=\"gsp_post_data\" \r\n\t            data-post_type=\"post\" \r\n\t            data-cat=\"deportes-ecuador\" \r\n\t            data-modified=\"120\"\r\n\t            data-created=\"1768482883\"\r\n\t            data-title=\"Liga de Quito y su mensaje de despedida a Bryan Ram\u00edrez\" \r\n\t            data-home=\"https:\/\/www.evafm.net\/sitio\"><\/div>","protected":false},"excerpt":{"rendered":"<p>Liga de Quito\u00a0confirm\u00f3 la salida de su extremo Bryan Ram\u00edrez, quien continuar\u00e1 su carrera en la Major League Soccer con el\u00a0FC Cincinnati. El club capitalino dedic\u00f3 un mensaje de despedida a uno de sus jugadores m\u00e1s determinantes de las \u00faltimas temporadas, destacando su \u201centrega, desequilibrio y car\u00e1cter\u201d y asegurando que \u201cLIGA siempre ser\u00e1 tu casa\u201d&#8230;.<\/p>\n","protected":false},"author":5,"featured_media":98151,"comment_status":"closed","ping_status":"open","sticky":false,"template":"","format":"standard","meta":{"_joinchat":[],"footnotes":""},"categories":[1557],"tags":[],"class_list":["post-98150","post","type-post","status-publish","format-standard","has-post-thumbnail","hentry","category-deportes-ecuador","have-post-thumb"],"_links":{"self":[{"href":"https:\/\/www.evafm.net\/sitio\/wp-json\/wp\/v2\/posts\/98150","targetHints":{"allow":["GET"]}}],"collection":[{"href":"https:\/\/www.evafm.net\/sitio\/wp-json\/wp\/v2\/posts"}],"about":[{"href":"https:\/\/www.evafm.net\/sitio\/wp-json\/wp\/v2\/types\/post"}],"author":[{"embeddable":true,"href":"https:\/\/www.evafm.net\/sitio\/wp-json\/wp\/v2\/users\/5"}],"replies":[{"embeddable":true,"href":"https:\/\/www.evafm.net\/sitio\/wp-json\/wp\/v2\/comments?post=98150"}],"version-history":[{"count":1,"href":"https:\/\/www.evafm.net\/sitio\/wp-json\/wp\/v2\/posts\/98150\/revisions"}],"predecessor-version":[{"id":98152,"href":"https:\/\/www.evafm.net\/sitio\/wp-json\/wp\/v2\/posts\/98150\/revisions\/98152"}],"wp:featuredmedia":[{"embeddable":true,"href":"https:\/\/www.evafm.net\/sitio\/wp-json\/wp\/v2\/media\/98151"}],"wp:attachment":[{"href":"https:\/\/www.evafm.net\/sitio\/wp-json\/wp\/v2\/media?parent=98150"}],"wp:term":[{"taxonomy":"category","embeddable":true,"href":"https:\/\/www.evafm.net\/sitio\/wp-json\/wp\/v2\/categories?post=98150"},{"taxonomy":"post_tag","embeddable":true,"href":"https:\/\/www.evafm.net\/sitio\/wp-json\/wp\/v2\/tags?post=98150"}],"curies":[{"name":"wp","href":"https:\/\/api.w.org\/{rel}","templated":true}]}}