{"id":98157,"date":"2026-01-16T11:47:51","date_gmt":"2026-01-16T16:47:51","guid":{"rendered":"https:\/\/www.evafm.net\/sitio\/?p=98157"},"modified":"2026-01-16T11:47:51","modified_gmt":"2026-01-16T16:47:51","slug":"daniel-noboa-regresa-a-sus-funciones-este-viernes-para-liderar-el-bloque-de-seguridad","status":"publish","type":"post","link":"https:\/\/www.evafm.net\/sitio\/daniel-noboa-regresa-a-sus-funciones-este-viernes-para-liderar-el-bloque-de-seguridad\/","title":{"rendered":"Daniel Noboa regresa a sus funciones este viernes para liderar el Bloque de Seguridad"},"content":{"rendered":"<p>El presidente Daniel Noboa regres\u00f3 a sus funciones este viernes 16 de enero para liderar el\u00a0<a href=\"https:\/\/www.ecuavisa.com\/seguridad\/bloque-de-seguridad-hallana-los-puertos-de-guayaquil-tras-denuncias-de-trafico-de-drogas-y-extorciones-20260116-0011.html\" target=\"_blank\" rel=\"noopener\"><strong>Bloque de Seguridad<\/strong><\/a>, indica la<strong> Secretar\u00eda General de Comunicaci\u00f3n de la Presidencia.<\/strong><\/p>\n<p>De esta manera,<strong>\u00a0el mandatario culmin\u00f3 sus vacaciones con dos d\u00edas de antelaci\u00f3n<\/strong>.<\/p>\n<p>En su ausencia, Mar\u00eda Jos\u00e9 Pinto ejerci\u00f3 como presidenta encargada, teniendo reuniones con delegaciones internacionales y firmando un decreto ejecutivo relacionado al sector<\/p>\n<p>hidrocarbur\u00edfero.<\/p>\n<p>Desde las<strong> 10:00<\/strong> lidera una reuni\u00f3n con las autoridades de las fuerzas del orden en el <strong>Palacio de Carondelet.<\/strong><\/p>\n<p>Desde ayer, 10 000 militares est\u00e1n siendo desplegados a Guayas, Manab\u00ed y Los R\u00edos<strong>\u00a0en una operaci\u00f3n denominada por el Ministerio de Defensa como Ofensiva Total<\/strong>.<\/p>\n<p>Dentro de las acciones tomadas, se dispuso que el Alto Mando Militar se instale indefinidamente en la provincia del Guayas, con el objetivo de dirigir las operaciones desde territorio<\/p>\n<p>acelerar la toma de decisiones y asegurar una respuesta inmediata frente a cualquier amenaza.<\/p>\n<p>Este viernes, aviones operados por la Fuerza A\u00e9rea Ecuatoriana (FAE) est\u00e1n llegando a Guayaquil con centenares de uniformados.<\/p>\n<p>Hasta las 09:00, hab\u00edan arribado tres aeronaves.<\/p>\n<p>Los traslados de la tropa seguir\u00e1n continuando todo el d\u00eda.<\/p>\n<p>Marco Bedoya, comandante de operaciones a\u00e9reas,<strong>\u00a0detall\u00f3 que alrededor de 8 000 soldados llegar\u00e1n al Puerto Principal en estos d\u00edas. <\/strong><\/p>\n<p><strong>Despu\u00e9s, este personal ser\u00e1 trasladados a distintos cantones de Guayas y Los R\u00edos<\/strong>.<\/p>\n<p>Los militares que reforzar\u00e1n operativos en Manab\u00ed llegar\u00e1n directo a Manta.<strong>(I)<\/strong><\/p>\n<p>&nbsp;<\/p>\n<p><strong>Fuente:<\/strong> evafm.net &#8211; ecuavisa.com<\/p>\n<div class=\"banner-context\"><\/div>\n<p>&nbsp;<\/p>\n<div class=\"ck-related-news\"><\/div>\n<div class=\"gsp_post_data\" \r\n\t            data-post_type=\"post\" \r\n\t            data-cat=\"general,noticias-ecuador\" \r\n\t            data-modified=\"120\"\r\n\t            data-created=\"1768564071\"\r\n\t            data-title=\"Daniel Noboa regresa a sus funciones este viernes para liderar el Bloque de Seguridad\" \r\n\t            data-home=\"https:\/\/www.evafm.net\/sitio\"><\/div>","protected":false},"excerpt":{"rendered":"<p>El presidente Daniel Noboa regres\u00f3 a sus funciones este viernes 16 de enero para liderar el\u00a0Bloque de Seguridad, indica la Secretar\u00eda General de Comunicaci\u00f3n de la Presidencia. De esta manera,\u00a0el mandatario culmin\u00f3 sus vacaciones con dos d\u00edas de antelaci\u00f3n. En su ausencia, Mar\u00eda Jos\u00e9 Pinto ejerci\u00f3 como presidenta encargada, teniendo reuniones con delegaciones internacionales y&#8230;<\/p>\n","protected":false},"author":5,"featured_media":98158,"comment_status":"closed","ping_status":"open","sticky":false,"template":"","format":"standard","meta":{"_joinchat":[],"footnotes":""},"categories":[1720,1558],"tags":[],"class_list":["post-98157","post","type-post","status-publish","format-standard","has-post-thumbnail","hentry","category-general","category-noticias-ecuador","have-post-thumb"],"_links":{"self":[{"href":"https:\/\/www.evafm.net\/sitio\/wp-json\/wp\/v2\/posts\/98157","targetHints":{"allow":["GET"]}}],"collection":[{"href":"https:\/\/www.evafm.net\/sitio\/wp-json\/wp\/v2\/posts"}],"about":[{"href":"https:\/\/www.evafm.net\/sitio\/wp-json\/wp\/v2\/types\/post"}],"author":[{"embeddable":true,"href":"https:\/\/www.evafm.net\/sitio\/wp-json\/wp\/v2\/users\/5"}],"replies":[{"embeddable":true,"href":"https:\/\/www.evafm.net\/sitio\/wp-json\/wp\/v2\/comments?post=98157"}],"version-history":[{"count":1,"href":"https:\/\/www.evafm.net\/sitio\/wp-json\/wp\/v2\/posts\/98157\/revisions"}],"predecessor-version":[{"id":98159,"href":"https:\/\/www.evafm.net\/sitio\/wp-json\/wp\/v2\/posts\/98157\/revisions\/98159"}],"wp:featuredmedia":[{"embeddable":true,"href":"https:\/\/www.evafm.net\/sitio\/wp-json\/wp\/v2\/media\/98158"}],"wp:attachment":[{"href":"https:\/\/www.evafm.net\/sitio\/wp-json\/wp\/v2\/media?parent=98157"}],"wp:term":[{"taxonomy":"category","embeddable":true,"href":"https:\/\/www.evafm.net\/sitio\/wp-json\/wp\/v2\/categories?post=98157"},{"taxonomy":"post_tag","embeddable":true,"href":"https:\/\/www.evafm.net\/sitio\/wp-json\/wp\/v2\/tags?post=98157"}],"curies":[{"name":"wp","href":"https:\/\/api.w.org\/{rel}","templated":true}]}}