{"id":98276,"date":"2026-01-18T15:36:18","date_gmt":"2026-01-18T20:36:18","guid":{"rendered":"https:\/\/www.evafm.net\/sitio\/?p=98276"},"modified":"2026-01-18T15:36:18","modified_gmt":"2026-01-18T20:36:18","slug":"ajax-oficializo-a-jordy-cruyff-como-nuevo-dt","status":"publish","type":"post","link":"https:\/\/www.evafm.net\/sitio\/ajax-oficializo-a-jordy-cruyff-como-nuevo-dt\/","title":{"rendered":"Ajax oficializo a Jordy Cruyff como nuevo DT"},"content":{"rendered":"<p><strong>El\u00a0<a href=\"https:\/\/www.ecuavisa.com\/tema\/ajax-t100048\" target=\"_blank\" rel=\"noopener\">Ajax\u00a0<\/a>de \u00c1msterdam<\/strong> ha anunciado este s\u00e1bado que ha nombrado como\u00a0<strong>nuevo director t\u00e9cnic<\/strong>con el que ya hab\u00eda alcanzado un acuerdo verbal el pasado 28 de diciembre y que ahora tambi\u00e9n ha firmado el contrato con el club neerland\u00e9s, en el que\u00a0<strong>empezar\u00e1 a trabajar el 1 de febrero.<\/strong><\/p>\n<p>Jordi (\u00c1msterdam, 9 de febrero de 1974),\u00a0<strong>hijo del legendario Johan Cruyff,<\/strong>\u00a0fue jugador juvenil durante\u00a0<strong>varios a\u00f1os en la cantera del Ajax\u00a0<\/strong>antes de trasladarse a Espa\u00f1a, donde continu\u00f3 su formaci\u00f3n futbol\u00edstica en el Barcelona.<\/p>\n<p>\u00abEs muy especial estar aqu\u00ed y firmar mi contrato.<strong>\u00a0<\/strong><\/p>\n<p><strong>En el estadio que lleva el nombre de mi padre y en el club que ha sido importante en mi vida desde que era ni\u00f1o.<\/strong><\/p>\n<p>No hace falta decir lo mucho que significa para m\u00ed y mi familia\u00bb, se\u00f1ala Jordi Cruyff en la web del club.<\/p>\n<p>\u00abA partir de febrero me dedicar\u00e9 por completo al Ajax.<\/p>\n<p><strong>Esto me produce un gran sentido de responsabilidad y orgullo. <\/strong><\/p>\n<p><strong>Agradezco a la directiva del club su confianza.<\/strong><\/p>\n<p>El Ajax es un club \u00fanico con una rica historia, y voy a hacer todo lo posible para a\u00f1adir juntos un nuevo cap\u00edtulo de \u00e9xito\u00bb, agrega.<strong>\u00a0<\/strong><\/p>\n<p>&nbsp;<\/p>\n<p>El Ajax agrega que \u00aben la Junta General Extraordinaria de Accionistas, a\u00fan por convocar, se informar\u00e1 formalmente de la intenci\u00f3n del<strong>\u00a0Consejo de Supervisi\u00f3n<\/strong>\u00a0del club de nombrar tambi\u00e9n a<\/p>\n<p><strong>Cruyff como consejero estatutario hasta el 30 de junio de 2028. (D)<\/strong><\/p>\n<section class=\"css-175oi2r\" role=\"region\" aria-labelledby=\"accessible-list-5\">\n<div class=\"css-175oi2r\" aria-label=\"Cronolog\u00eda: Conversaci\u00f3n\">\n<div>\n<div class=\"css-175oi2r\" data-testid=\"cellInnerDiv\">\n<div class=\"css-175oi2r r-j5o65s r-qklmqi r-1adg3ll r-1ny4l3l\">\n<div class=\"css-175oi2r\">\n<article class=\"css-175oi2r r-18u37iz r-1udh08x r-1c4vpko r-1c7gwzm r-1ny4l3l\" role=\"article\" aria-labelledby=\"id__8uw4vvquvft id__nu0rruy6t4p id__wy564c6i8k id__d02qh58ji9i id__gttiys3gzyg id__b74qkk1tras id__wizemy2uv id__bal2zd7nu0k id__k6f4qauqdi id__3g08rymkb0r id__dcemnjwkh1q id__g31lr609l1t id__5ahv648bq44 id__7mo02z7eskk id__p6e5l5anex id__99khc9pik1 id__jlwsbd4d51a id__57e6lwxc4yp id__jychbrty3h id__3e2s8ev24bt\" data-testid=\"tweet\">\n<div class=\"css-175oi2r r-eqz5dr r-16y2uox r-1wbh5a2\">\n<div class=\"css-175oi2r r-16y2uox r-1wbh5a2 r-1ny4l3l\">\n<div class=\"css-175oi2r r-18u37iz r-136ojw6\">\n<div class=\"css-175oi2r r-18kxxzh r-1wron08 r-onrtq4 r-1awozwy\">\n<div class=\"css-175oi2r\" data-testid=\"Tweet-User-Avatar\">\n<div class=\"css-175oi2r r-18kxxzh r-1wbh5a2 r-13qz1uu\">\n<div class=\"css-175oi2r r-1wbh5a2 r-dnmrzs\">\n<div class=\"css-175oi2r r-bztko3 r-1adg3ll\" data-testid=\"UserAvatar-Container-AFCAjax\">\n<div class=\"r-1p0dtai r-1pi2tsx r-1d2f490 r-u8s1d r-ipm5af r-13qz1uu\">\n<div class=\"css-175oi2r r-1adg3ll r-1pi2tsx r-13qz1uu r-45ll9u r-u8s1d r-1v2oles r-176fswd r-bztko3\">\n<div class=\"r-1p0dtai r-1pi2tsx r-1d2f490 r-u8s1d r-ipm5af r-13qz1uu\">\n<div class=\"css-175oi2r r-5f1w11 r-u8s1d r-8jfcpp\">\n<div class=\"css-175oi2r r-45ll9u r-u8s1d r-1v2oles r-176fswd\">\n<div class=\"css-175oi2r r-12181gd r-1pi2tsx r-13qz1uu r-o7ynqc r-6416eg r-1ny4l3l\"><\/div>\n<\/div>\n<\/div>\n<\/div>\n<\/div>\n<\/div>\n<\/div>\n<\/div>\n<\/div>\n<\/div>\n<\/div>\n<div class=\"css-175oi2r r-1iusvr4 r-16y2uox r-1777fci\">\n<div class=\"css-175oi2r r-zl2h9q\">\n<div class=\"css-175oi2r r-k4xj1c r-18u37iz r-1wtj0ep\">\n<div class=\"css-175oi2r r-1d09ksm r-18u37iz r-1wbh5a2\">\n<div class=\"css-175oi2r r-1wbh5a2 r-dnmrzs r-1ny4l3l\">\n<div id=\"id__gttiys3gzyg\" class=\"css-175oi2r r-1wbh5a2 r-dnmrzs r-1ny4l3l\" data-testid=\"User-Name\">\n<div class=\"css-175oi2r r-1awozwy r-18u37iz r-1wbh5a2 r-dnmrzs\">\n<div class=\"css-175oi2r r-1wbh5a2 r-dnmrzs\">\n<div class=\"css-175oi2r r-1awozwy r-18u37iz r-1wbh5a2 r-dnmrzs\">\n<div class=\"css-146c3p1 r-bcqeeo r-1ttztb7 r-qvutc0 r-37j5jr r-a023e6 r-rjixqe r-b88u0q r-1awozwy r-6koalj r-1udh08x r-3s2u2q\" dir=\"ltr\"><strong><span class=\"css-1jxf684 r-dnmrzs r-1udh08x r-1udbk01 r-3s2u2q r-bcqeeo r-1ttztb7 r-qvutc0 r-poiln3\"><span class=\"css-1jxf684 r-bcqeeo r-1ttztb7 r-qvutc0 r-poiln3\">AFC Ajax<\/span><\/span><\/strong><\/div>\n<div class=\"css-146c3p1 r-bcqeeo r-1ttztb7 r-qvutc0 r-37j5jr r-a023e6 r-rjixqe r-16dba41 r-xoduu5 r-18u37iz r-1q142lx\" dir=\"ltr\"><\/div>\n<\/div>\n<\/div>\n<\/div>\n<div class=\"css-175oi2r r-18u37iz r-1wbh5a2\">\n<div class=\"css-175oi2r r-1d09ksm r-18u37iz r-1wbh5a2\">\n<div class=\"css-175oi2r r-1wbh5a2 r-dnmrzs\">\n<div class=\"css-146c3p1 r-dnmrzs r-1udh08x r-1udbk01 r-3s2u2q r-bcqeeo r-1ttztb7 r-qvutc0 r-37j5jr r-a023e6 r-rjixqe r-16dba41 r-18u37iz r-1wvb978\" dir=\"ltr\"><strong><span class=\"css-1jxf684 r-bcqeeo r-1ttztb7 r-qvutc0 r-poiln3\">@AFCAjax<\/span><\/strong><\/div>\n<\/div>\n<\/div>\n<\/div>\n<\/div>\n<\/div>\n<\/div>\n<div class=\"css-175oi2r r-1kkk96v\">\n<div class=\"css-175oi2r r-1awozwy r-18u37iz r-1cmwbt1 r-1wtj0ep\">\n<div class=\"css-175oi2r r-18u37iz r-1h0z5md\"><\/div>\n<div class=\"css-175oi2r r-1awozwy r-6koalj r-18u37iz\">\n<div class=\"css-175oi2r\">\n<div class=\"css-175oi2r r-18u37iz r-1h0z5md\"><\/div>\n<\/div>\n<\/div>\n<\/div>\n<\/div>\n<\/div>\n<\/div>\n<\/div>\n<\/div>\n<div class=\"css-175oi2r\">\n<div class=\"css-175oi2r\">\n<div class=\"css-175oi2r r-1s2bzr4\">\n<div id=\"id__dcemnjwkh1q\" class=\"css-146c3p1 r-bcqeeo r-1ttztb7 r-qvutc0 r-37j5jr r-1inkyih r-16dba41 r-bnwqim r-135wba7\" dir=\"auto\" lang=\"en\" data-testid=\"tweetText\"><span class=\"css-1jxf684 r-bcqeeo r-1ttztb7 r-qvutc0 r-poiln3\"><strong>Ready to start from February 1st. Ajax have appointed Jordi Cruijff<\/strong> <\/span><\/div>\n<div class=\"css-146c3p1 r-bcqeeo r-1ttztb7 r-qvutc0 r-37j5jr r-1inkyih r-16dba41 r-bnwqim r-135wba7\" dir=\"auto\" lang=\"en\" data-testid=\"tweetText\"><span class=\"css-1jxf684 r-bcqeeo r-1ttztb7 r-qvutc0 r-poiln3\">as technical director. Following the verbal agreement reached on <\/span><\/div>\n<div class=\"css-146c3p1 r-bcqeeo r-1ttztb7 r-qvutc0 r-37j5jr r-1inkyih r-16dba41 r-bnwqim r-135wba7\" dir=\"auto\" lang=\"en\" data-testid=\"tweetText\"><span class=\"css-1jxf684 r-bcqeeo r-1ttztb7 r-qvutc0 r-poiln3\">December 28, the contract has now also been signed. <\/span><\/div>\n<div class=\"css-146c3p1 r-bcqeeo r-1ttztb7 r-qvutc0 r-37j5jr r-1inkyih r-16dba41 r-bnwqim r-135wba7\" dir=\"auto\" lang=\"en\" data-testid=\"tweetText\"><span class=\"css-1jxf684 r-bcqeeo r-1ttztb7 r-qvutc0 r-poiln3\">Cruijff will start in his new role on February 1, 2026 <\/span><\/div>\n<p><button class=\"css-146c3p1 r-bcqeeo r-qvutc0 r-37j5jr r-n6v787 r-1cwl3u0 r-16dba41 r-6koalj r-1w6e6rj r-14gqq1x r-1loqt21 r-fdjqy7\" dir=\"ltr\" role=\"button\" type=\"button\" aria-expanded=\"false\"><span class=\"css-1jxf684 r-bcqeeo r-1ttztb7 r-qvutc0 r-poiln3\">Traducir post<\/span><\/button><\/div>\n<\/div>\n<\/div>\n<\/div>\n<\/div>\n<\/article>\n<\/div>\n<\/div>\n<\/div>\n<\/div>\n<\/div>\n<\/section>\n<p><img fetchpriority=\"high\" decoding=\"async\" class=\"\" src=\"https:\/\/pbs.twimg.com\/media\/G-5Z1DGXcAEdqew?format=jpg&amp;name=large\" alt=\"Imagen\" width=\"663\" height=\"443\" \/><\/p>\n<p><img decoding=\"async\" class=\"\" src=\"https:\/\/pbs.twimg.com\/media\/G-5Z1DHWMAA2Q5f?format=jpg&amp;name=large\" alt=\"Imagen\" width=\"665\" height=\"444\" \/><\/p>\n<p><strong>Fuente:<\/strong> evafm.net &#8211; ecuavisa.com<\/p>\n<div class=\"gsp_post_data\" \r\n\t            data-post_type=\"post\" \r\n\t            data-cat=\"deportes-internacionales\" \r\n\t            data-modified=\"120\"\r\n\t            data-created=\"1768750578\"\r\n\t            data-title=\"Ajax oficializo a Jordy Cruyff como nuevo DT\" \r\n\t            data-home=\"https:\/\/www.evafm.net\/sitio\"><\/div>","protected":false},"excerpt":{"rendered":"<p>El\u00a0Ajax\u00a0de \u00c1msterdam ha anunciado este s\u00e1bado que ha nombrado como\u00a0nuevo director t\u00e9cniccon el que ya hab\u00eda alcanzado un acuerdo verbal el pasado 28 de diciembre y que ahora tambi\u00e9n ha firmado el contrato con el club neerland\u00e9s, en el que\u00a0empezar\u00e1 a trabajar el 1 de febrero. Jordi (\u00c1msterdam, 9 de febrero de 1974),\u00a0hijo del legendario&#8230;<\/p>\n","protected":false},"author":5,"featured_media":98277,"comment_status":"closed","ping_status":"open","sticky":false,"template":"","format":"standard","meta":{"_joinchat":[],"footnotes":""},"categories":[1342],"tags":[],"class_list":["post-98276","post","type-post","status-publish","format-standard","has-post-thumbnail","hentry","category-deportes-internacionales","have-post-thumb"],"_links":{"self":[{"href":"https:\/\/www.evafm.net\/sitio\/wp-json\/wp\/v2\/posts\/98276","targetHints":{"allow":["GET"]}}],"collection":[{"href":"https:\/\/www.evafm.net\/sitio\/wp-json\/wp\/v2\/posts"}],"about":[{"href":"https:\/\/www.evafm.net\/sitio\/wp-json\/wp\/v2\/types\/post"}],"author":[{"embeddable":true,"href":"https:\/\/www.evafm.net\/sitio\/wp-json\/wp\/v2\/users\/5"}],"replies":[{"embeddable":true,"href":"https:\/\/www.evafm.net\/sitio\/wp-json\/wp\/v2\/comments?post=98276"}],"version-history":[{"count":1,"href":"https:\/\/www.evafm.net\/sitio\/wp-json\/wp\/v2\/posts\/98276\/revisions"}],"predecessor-version":[{"id":98278,"href":"https:\/\/www.evafm.net\/sitio\/wp-json\/wp\/v2\/posts\/98276\/revisions\/98278"}],"wp:featuredmedia":[{"embeddable":true,"href":"https:\/\/www.evafm.net\/sitio\/wp-json\/wp\/v2\/media\/98277"}],"wp:attachment":[{"href":"https:\/\/www.evafm.net\/sitio\/wp-json\/wp\/v2\/media?parent=98276"}],"wp:term":[{"taxonomy":"category","embeddable":true,"href":"https:\/\/www.evafm.net\/sitio\/wp-json\/wp\/v2\/categories?post=98276"},{"taxonomy":"post_tag","embeddable":true,"href":"https:\/\/www.evafm.net\/sitio\/wp-json\/wp\/v2\/tags?post=98276"}],"curies":[{"name":"wp","href":"https:\/\/api.w.org\/{rel}","templated":true}]}}