{"id":98282,"date":"2026-01-19T11:48:24","date_gmt":"2026-01-19T16:48:24","guid":{"rendered":"https:\/\/www.evafm.net\/sitio\/?p=98282"},"modified":"2026-01-19T11:48:24","modified_gmt":"2026-01-19T16:48:24","slug":"basura-una-bomba-de-tiempo-14-200-toneladas-de-desechos-se-recolectan-al-dia-en-ecuador","status":"publish","type":"post","link":"https:\/\/www.evafm.net\/sitio\/basura-una-bomba-de-tiempo-14-200-toneladas-de-desechos-se-recolectan-al-dia-en-ecuador\/","title":{"rendered":"Basura, una bomba de tiempo | 14 200 toneladas de desechos se recolectan al d\u00eda en Ecuador"},"content":{"rendered":"<p>En\u00a0<a href=\"https:\/\/www.ecuavisa.com\/noticias\/ecuador\" target=\"_blank\" rel=\"noopener\">162 cantones<\/a>\u00a0los ciudadanos acumulan toda la basura en una sola funda o tacho porque no tienen la educaci\u00f3n de reciclar residuos.<\/p>\n<p>Como no lo hacen, esos cabildos tampoco clasifican los desechos que terminan enterrados en rellenos sanitarios o en botaderos a cielo abierto.<\/p>\n<p>Una pr\u00e1ctica que contamina el aire, el suelo y los r\u00edos.<\/p>\n<p>Ese problema revela el \u00faltimo informe ambiental del Instituto Nacional de Estad\u00edsticas y Censos <strong>(INEC).<\/strong><\/p>\n<p>La investigadora de la Alianza Basura Cero Ecuador explica que esto ocurre porque la gesti\u00f3n de los desechos no es integral y no est\u00e1 controlada<\/p>\n<p>con una pol\u00edtica p\u00fablica.<\/p>\n<p><strong>Viviana Rocha<\/strong>, investigadora de Alianza Basura Cero Ecuador, se\u00f1al\u00f3 que muchos municipios tienen separada la dependencia de la recolecci\u00f3n<\/p>\n<p>el tratamiento, la educaci\u00f3n ambiental. Por eso, no tienen un sistema dise\u00f1ado acorde a sus necesidades y solo recogen la basura mezclada.<\/p>\n<p>En 2024, los gobiernos aut\u00f3nomos descentralizados invirtieron <strong>USD 16,5 millones<\/strong> en la gesti\u00f3n de desechos, aunque parece mucho dinero, es<\/p>\n<p>insuficiente para enfrentar el desaf\u00edo.<\/p>\n<p>&nbsp;<\/p>\n<div class=\"ck-related-news\"><strong>\u201chay peque\u00f1os esfuerzos, pero por ahora la mayor\u00eda de municipios tienen este problema porque la tasa de recolecci\u00f3n no corresponde <\/strong><\/div>\n<div class=\"ck-related-news\"><strong>a los costos <\/strong><strong>operativos que realmente se necesitan para poder tratar la basura a complejidad y con todos sus flujos\u201d, Viviana Rocha.<\/strong><\/div>\n<div><\/div>\n<div><\/div>\n<div>\n<p>Cuenca es una de las 59 ciudades que est\u00e1 haciendo esfuerzos.<\/p>\n<p>Tiene un programa para recuperar residuos org\u00e1nicos en mercados y una planta de compostaje que es el proceso para transformar la basura<\/p>\n<p>org\u00e1nica en abono.<\/p>\n<p>&nbsp;<\/p>\n<p>Desde el 2003, sus\u00a0<strong>ciudadanos por ordenanza tienen la obligaci\u00f3n de colocar lo org\u00e1nico en fundas negras\u00a0<\/strong>y materiales reciclados en<\/p>\n<p>fundas celestes.<\/p>\n<p>En total\u00a0<strong>en la capital azuaya, diariamente recolectan 530 toneladas<\/strong>\u00a0que van al relleno sanitario en la parroquia Santa Ana y el gas que<\/p>\n<p>genera la descomposici\u00f3n de los residuos sirve para producir energ\u00eda.<\/p>\n<\/div>\n<p>&nbsp;<\/p>\n<div>\n<p><strong>Juan Pablo Vega,<\/strong> t\u00e9cnico municipal de reciclaje, dijo que con ese gas se genera energ\u00eda el\u00e9ctrica que se distribuye en la misma parroquia<\/p>\n<p>generando un poco m\u00e1s de<strong> 1,5 megavatios hora<\/strong> que sirve para unas seis mil o siete mil viviendas.<\/p>\n<p>&nbsp;<\/p>\n<p>Y en contraste, las consecuencias del mal tratamiento de\u00a0<strong>los desechos afectan a cuatro comunidades de la parroquia El Dorado<\/strong><\/p>\n<p>en <strong>El Coca, provincia de Orellana<\/strong>.<\/p>\n<p>Ah\u00ed sus habitantes convivieron nueve a\u00f1os cerca de un botadero municipal a cielo abierto que desembocaba a esteros que iban al r\u00edo Indillama.<\/p>\n<p>Pero reci\u00e9n en mayo del a\u00f1o pasado fue cerrado por el municipio, una contaminaci\u00f3n que de a poco le pasa la factura en el pa\u00eds<strong>.(I)<\/strong><\/p>\n<p><strong>Fuente:<\/strong> evafm.net &#8211; ecuavisa.com<\/p>\n<\/div>\n<p>&nbsp;<\/p>\n<div class=\"gsp_post_data\" \r\n\t            data-post_type=\"post\" \r\n\t            data-cat=\"general,noticias-ecuador\" \r\n\t            data-modified=\"120\"\r\n\t            data-created=\"1768823304\"\r\n\t            data-title=\"Basura, una bomba de tiempo | 14 200 toneladas de desechos se recolectan al d\u00eda en Ecuador\" \r\n\t            data-home=\"https:\/\/www.evafm.net\/sitio\"><\/div>","protected":false},"excerpt":{"rendered":"<p>En\u00a0162 cantones\u00a0los ciudadanos acumulan toda la basura en una sola funda o tacho porque no tienen la educaci\u00f3n de reciclar residuos. Como no lo hacen, esos cabildos tampoco clasifican los desechos que terminan enterrados en rellenos sanitarios o en botaderos a cielo abierto. Una pr\u00e1ctica que contamina el aire, el suelo y los r\u00edos. Ese&#8230;<\/p>\n","protected":false},"author":5,"featured_media":98283,"comment_status":"closed","ping_status":"open","sticky":false,"template":"","format":"standard","meta":{"_joinchat":[],"footnotes":""},"categories":[1720,1558],"tags":[],"class_list":["post-98282","post","type-post","status-publish","format-standard","has-post-thumbnail","hentry","category-general","category-noticias-ecuador","have-post-thumb"],"_links":{"self":[{"href":"https:\/\/www.evafm.net\/sitio\/wp-json\/wp\/v2\/posts\/98282","targetHints":{"allow":["GET"]}}],"collection":[{"href":"https:\/\/www.evafm.net\/sitio\/wp-json\/wp\/v2\/posts"}],"about":[{"href":"https:\/\/www.evafm.net\/sitio\/wp-json\/wp\/v2\/types\/post"}],"author":[{"embeddable":true,"href":"https:\/\/www.evafm.net\/sitio\/wp-json\/wp\/v2\/users\/5"}],"replies":[{"embeddable":true,"href":"https:\/\/www.evafm.net\/sitio\/wp-json\/wp\/v2\/comments?post=98282"}],"version-history":[{"count":1,"href":"https:\/\/www.evafm.net\/sitio\/wp-json\/wp\/v2\/posts\/98282\/revisions"}],"predecessor-version":[{"id":98284,"href":"https:\/\/www.evafm.net\/sitio\/wp-json\/wp\/v2\/posts\/98282\/revisions\/98284"}],"wp:featuredmedia":[{"embeddable":true,"href":"https:\/\/www.evafm.net\/sitio\/wp-json\/wp\/v2\/media\/98283"}],"wp:attachment":[{"href":"https:\/\/www.evafm.net\/sitio\/wp-json\/wp\/v2\/media?parent=98282"}],"wp:term":[{"taxonomy":"category","embeddable":true,"href":"https:\/\/www.evafm.net\/sitio\/wp-json\/wp\/v2\/categories?post=98282"},{"taxonomy":"post_tag","embeddable":true,"href":"https:\/\/www.evafm.net\/sitio\/wp-json\/wp\/v2\/tags?post=98282"}],"curies":[{"name":"wp","href":"https:\/\/api.w.org\/{rel}","templated":true}]}}