{"id":98300,"date":"2026-01-19T14:55:57","date_gmt":"2026-01-19T19:55:57","guid":{"rendered":"https:\/\/www.evafm.net\/sitio\/?p=98300"},"modified":"2026-01-19T14:55:57","modified_gmt":"2026-01-19T19:55:57","slug":"inter-de-porto-alegre-anuncio-a-felix-torres","status":"publish","type":"post","link":"https:\/\/www.evafm.net\/sitio\/inter-de-porto-alegre-anuncio-a-felix-torres\/","title":{"rendered":"Inter de Porto Alegre anuncio a Felix Torres"},"content":{"rendered":"<p>Nuevo a\u00f1o y cambio de aires para\u00a0<strong><a title=\"F\u00e9lix Torres\" href=\"https:\/\/www.ole.com.ar\/tema\/felix-torres.html\" target=\"_blank\" rel=\"noopener\">F\u00e9lix Torres<\/a><\/strong>. El \u00faltimo domingo,\u00a0<strong><a title=\"el zaguero fue presentado en Inter de Porto Alegre\" href=\"https:\/\/www.ole.com.ar\/ecuador\/internacional\/felix-torres-nuevo-refuerzo-internacional-mercado-presentado-pases_0_bJ7VHZ31UL.html\" target=\"_blank\" rel=\"noopener\">el zaguero fue presentado en Inter de Porto Alegre<\/a><\/strong>, cedido desde el Corinthians, en busca de sumar minutos y mantener viva la ilusi\u00f3n de ser llamado por Beccacece para\u00a0<a title=\"jugar el Mundial con Ecuador\" href=\"https:\/\/www.ole.com.ar\/ecuador\/ecuador\/la-tri\/sonrie-ecuador-buena-noticia-tri-iras-mundial-2026-gonzalo-valle-recuperado-liga-quito_0_OxxoM5h8pe.html\" target=\"_blank\" rel=\"noopener\">jugar el Mundial con Ecuador<\/a>. Y este lunes, el ex Barcelona\u00a0<strong>ya tuvo contacto con sus compa\u00f1eros..<\/strong><\/p>\n<div id=\"element-body-1\" class=\"sc-136cd478-0 ekTCfV\">\n<p>As\u00ed es: un d\u00eda despu\u00e9s de su presentaci\u00f3n oficial,\u00a0<strong>Torres vivi\u00f3 sus primeras 24 horas completas como jugador del Inter<\/strong>, en las que comparti\u00f3 espacios comunes junto a sus pares y cuerpo t\u00e9cnico. Entre\u00a0<strong>palabras de bienvenida y aliento<\/strong>, el Tricolor recorri\u00f3 las instalaciones del club por primera vez.<\/p>\n<\/div>\n<div id=\"element-body-2\" class=\"sc-136cd478-0 ekTCfV\">\n<p>Adem\u00e1s, F\u00e9lix tuvo un momento para dialogar con las fuentes oficiales de la instituci\u00f3n, tras su primera sesi\u00f3n de fotos en Inter.<\/p>\n<p>\u00bb\u00a0<strong>Cuando recib\u00ed la noticia de poder venir al Inter, me puse muy feliz<\/strong>. Fabinho llam\u00f3 y yo ya quer\u00eda que todo se hiciera muy r\u00e1pido para estar aqu\u00ed.<\/p>\n<p>Estaba muy ansioso y\u00a0<strong>ahora estoy feliz vistiendo esta gran camiseta. Es una oportunidad muy buena para m\u00ed\u00bb<\/strong>, comenz\u00f3.<\/p>\n<\/div>\n<div id=\"element-body-4\" class=\"sc-136cd478-0 ekTCfV\">\n<p>En la misma l\u00ednea, Torres agreg\u00f3, acerca de los objetivos de su pr\u00e9stamo:<\/p>\n<p>\u00bb\u00a0<strong>Vengo a representar a un equipo grande y es una oportunidad muy buena para poder desarrollar mi f\u00fatbol.<\/strong><\/p>\n<p>Se abrieron las puertas para estar aqu\u00ed este a\u00f1o y trabajar mucho para darle alegr\u00edas a la hinchada, cumplir las metas de ganar trofeos y que todos seamos felices\u00bb.<\/p>\n<\/div>\n<div id=\"element-body-5\" class=\"sc-136cd478-0 ekTCfV\">\n<p>De este modo, el ex Barcelona y Liga de Portoviejo encara un nuevo desaf\u00edo, con la expectativa de formar parte de la n\u00f3mina de Sebasti\u00e1n Beccacece y jugar el Mundial 2026 con Ecuador&#8230;<\/p>\n<p><strong>\u00bfser\u00e1 este pr\u00e9stamo lo que Torres necesita?<\/strong><\/p>\n<p><strong>M\u00e1s declaraciones de F\u00e9lix Torres.<\/strong><\/p>\n<div id=\"element-body-8\" class=\"sc-136cd478-0 ekTCfV\">\n<p>Sobre su primer entrenamiento en Inter:<\/p>\n<p>\u00abEl primer entrenamiento fue muy bueno para empezar a adaptarme. Ya quer\u00eda estar aqu\u00ed prepar\u00e1ndome con el grupo y pensando en el campeonato Ga\u00facho y en lo que viene.<\/p>\n<p>Conoc\u00ed a muchas personas buenas y, por la bienvenida que me dieron, creo que tendremos un buen trabajo aqu\u00ed\u00bb.<\/p>\n<\/div>\n<div id=\"element-body-9\" class=\"sc-136cd478-0 ekTCfV\">\n<p>Sobre su estilo de juego: \u00abMis caracter\u00edsticas dentro del campo son las de un defensor r\u00e1pido, fuerte y con liderazgo por la experiencia ganada en mi carrera.<\/p>\n<p>Siempre voy a brindar un trabajo con personalidad y trabajar mucho para que consigamos lo que tenemos en mente\u00bb. <strong>(D)<\/strong><\/p>\n<\/div>\n<\/div>\n<blockquote class=\"twitter-tweet\" data-width=\"550\" data-dnt=\"true\">\n<p lang=\"pt\" dir=\"ltr\">F\u00e9lix Torres chega para refor\u00e7ar o Clube do Povo na temporada 2026 \ud83c\udde6\ud83c\uddf9<\/p>\n<p>\ud83c\udfa5 Confira como foram os primeiros momentos do zagueiro no CT Parque Gigante e no Beira-Rio.<\/p>\n<p>\ud83d\udd17 Assista ao conte\u00fado completo na TV Inter: <a href=\"https:\/\/t.co\/TE6ODBtBtW\">https:\/\/t.co\/TE6ODBtBtW<\/a> <a href=\"https:\/\/t.co\/WYbl8GWTRB\">pic.twitter.com\/WYbl8GWTRB<\/a><\/p>\n<p>&mdash; Sport Club Internacional (@SCInternacional) <a href=\"https:\/\/twitter.com\/SCInternacional\/status\/2013258623841907085?ref_src=twsrc%5Etfw\">January 19, 2026<\/a><\/p><\/blockquote>\n<p><script async src=\"https:\/\/platform.twitter.com\/widgets.js\" charset=\"utf-8\"><\/script><\/p>\n<p>&nbsp;<\/p>\n<div class=\"css-175oi2r r-18u37iz r-136ojw6\">\n<div class=\"css-175oi2r r-1iusvr4 r-16y2uox r-1777fci\">\n<div class=\"css-175oi2r r-zl2h9q\">\n<div class=\"css-175oi2r r-k4xj1c r-18u37iz r-1wtj0ep\">\n<div class=\"css-175oi2r r-1d09ksm r-18u37iz r-1wbh5a2\">\n<div class=\"css-175oi2r r-1wbh5a2 r-dnmrzs r-1ny4l3l\">\n<div id=\"id__sr0fwhsscko\" class=\"css-175oi2r r-1wbh5a2 r-dnmrzs r-1ny4l3l\" data-testid=\"User-Name\">\n<div class=\"css-175oi2r r-1awozwy r-18u37iz r-1wbh5a2 r-dnmrzs\">\n<div class=\"css-175oi2r r-1wbh5a2 r-dnmrzs\">\n<div class=\"css-175oi2r r-1awozwy r-18u37iz r-1wbh5a2 r-dnmrzs\">\n<div class=\"css-146c3p1 r-bcqeeo r-1ttztb7 r-qvutc0 r-37j5jr r-a023e6 r-rjixqe r-b88u0q r-1awozwy r-6koalj r-1udh08x r-3s2u2q\" dir=\"ltr\"><strong><span class=\"css-1jxf684 r-dnmrzs r-1udh08x r-1udbk01 r-3s2u2q r-bcqeeo r-1ttztb7 r-qvutc0 r-poiln3\"><span class=\"css-1jxf684 r-bcqeeo r-1ttztb7 r-qvutc0 r-poiln3\">Sport Club Internacional<\/span><\/span><\/strong><\/div>\n<div class=\"css-146c3p1 r-bcqeeo r-1ttztb7 r-qvutc0 r-37j5jr r-a023e6 r-rjixqe r-16dba41 r-xoduu5 r-18u37iz r-1q142lx\" dir=\"ltr\"><\/div>\n<\/div>\n<\/div>\n<\/div>\n<div class=\"css-175oi2r r-18u37iz r-1wbh5a2\">\n<div class=\"css-175oi2r r-1d09ksm r-18u37iz r-1wbh5a2\">\n<div class=\"css-175oi2r r-1wbh5a2 r-dnmrzs\">\n<div class=\"css-146c3p1 r-dnmrzs r-1udh08x r-1udbk01 r-3s2u2q r-bcqeeo r-1ttztb7 r-qvutc0 r-37j5jr r-a023e6 r-rjixqe r-16dba41 r-18u37iz r-1wvb978\" dir=\"ltr\"><strong><span class=\"css-1jxf684 r-bcqeeo r-1ttztb7 r-qvutc0 r-poiln3\">@SCInternacional<\/span><\/strong><\/div>\n<\/div>\n<\/div>\n<\/div>\n<\/div>\n<\/div>\n<\/div>\n<div class=\"css-175oi2r r-1kkk96v\">\n<div class=\"css-175oi2r r-1awozwy r-18u37iz r-1cmwbt1 r-1wtj0ep\">\n<div class=\"css-175oi2r r-18u37iz r-1h0z5md\"><\/div>\n<div class=\"css-175oi2r r-1awozwy r-6koalj r-18u37iz\">\n<div class=\"css-175oi2r\">\n<div class=\"css-175oi2r r-18u37iz r-1h0z5md\"><\/div>\n<\/div>\n<\/div>\n<\/div>\n<\/div>\n<\/div>\n<\/div>\n<\/div>\n<\/div>\n<div class=\"css-175oi2r\">\n<div class=\"css-175oi2r\">\n<div class=\"css-175oi2r r-1s2bzr4\">\n<div id=\"id__tnkne5d0wpj\" class=\"css-146c3p1 r-bcqeeo r-1ttztb7 r-qvutc0 r-37j5jr r-1inkyih r-16dba41 r-bnwqim r-135wba7\" dir=\"auto\" lang=\"pt\" data-testid=\"tweetText\"><span class=\"css-1jxf684 r-bcqeeo r-1ttztb7 r-qvutc0 r-poiln3\">F\u00c9LIX TORRES \u00c9 O \ud835\udde1\ud835\udde2\ud835\udde9\ud835\udde2 \ud835\udded\ud835\uddd4\ud835\uddda\ud835\udde8\ud835\uddd8\ud835\udddc\ud835\udde5\ud835\udde2 DO CLUBE DO POVO! <\/span><\/div>\n<div class=\"css-146c3p1 r-bcqeeo r-1ttztb7 r-qvutc0 r-37j5jr r-1inkyih r-16dba41 r-bnwqim r-135wba7\" dir=\"auto\" lang=\"pt\" data-testid=\"tweetText\"><span class=\"css-1jxf684 r-bcqeeo r-1ttztb7 r-qvutc0 r-poiln3\"> Titular do Equador na Copa do Mundo de 2022, atleta de 29 anos <\/span><\/div>\n<div class=\"css-146c3p1 r-bcqeeo r-1ttztb7 r-qvutc0 r-37j5jr r-1inkyih r-16dba41 r-bnwqim r-135wba7\" dir=\"auto\" lang=\"pt\" data-testid=\"tweetText\"><span class=\"css-1jxf684 r-bcqeeo r-1ttztb7 r-qvutc0 r-poiln3\">chega por empr\u00e9stimo at\u00e9 31 de dezembro de 2026<\/span><\/div>\n<\/div>\n<\/div>\n<\/div>\n<p><img decoding=\"async\" src=\"https:\/\/pbs.twimg.com\/media\/G-97sFDWsAAuEDU?format=jpg&amp;name=small\" alt=\"Imagen\" \/><\/p>\n<p><strong>Fuente:<\/strong> evafm.net &#8211; ole.com.ar<\/p>\n<div class=\"gsp_post_data\" \r\n\t            data-post_type=\"post\" \r\n\t            data-cat=\"deportes-internacionales\" \r\n\t            data-modified=\"120\"\r\n\t            data-created=\"1768834557\"\r\n\t            data-title=\"Inter de Porto Alegre anuncio a Felix Torres\" \r\n\t            data-home=\"https:\/\/www.evafm.net\/sitio\"><\/div>","protected":false},"excerpt":{"rendered":"<p>Nuevo a\u00f1o y cambio de aires para\u00a0F\u00e9lix Torres. El \u00faltimo domingo,\u00a0el zaguero fue presentado en Inter de Porto Alegre, cedido desde el Corinthians, en busca de sumar minutos y mantener viva la ilusi\u00f3n de ser llamado por Beccacece para\u00a0jugar el Mundial con Ecuador. Y este lunes, el ex Barcelona\u00a0ya tuvo contacto con sus compa\u00f1eros.. As\u00ed&#8230;<\/p>\n","protected":false},"author":5,"featured_media":98301,"comment_status":"closed","ping_status":"open","sticky":false,"template":"","format":"standard","meta":{"_joinchat":[],"footnotes":""},"categories":[1342],"tags":[],"class_list":["post-98300","post","type-post","status-publish","format-standard","has-post-thumbnail","hentry","category-deportes-internacionales","have-post-thumb"],"_links":{"self":[{"href":"https:\/\/www.evafm.net\/sitio\/wp-json\/wp\/v2\/posts\/98300","targetHints":{"allow":["GET"]}}],"collection":[{"href":"https:\/\/www.evafm.net\/sitio\/wp-json\/wp\/v2\/posts"}],"about":[{"href":"https:\/\/www.evafm.net\/sitio\/wp-json\/wp\/v2\/types\/post"}],"author":[{"embeddable":true,"href":"https:\/\/www.evafm.net\/sitio\/wp-json\/wp\/v2\/users\/5"}],"replies":[{"embeddable":true,"href":"https:\/\/www.evafm.net\/sitio\/wp-json\/wp\/v2\/comments?post=98300"}],"version-history":[{"count":1,"href":"https:\/\/www.evafm.net\/sitio\/wp-json\/wp\/v2\/posts\/98300\/revisions"}],"predecessor-version":[{"id":98302,"href":"https:\/\/www.evafm.net\/sitio\/wp-json\/wp\/v2\/posts\/98300\/revisions\/98302"}],"wp:featuredmedia":[{"embeddable":true,"href":"https:\/\/www.evafm.net\/sitio\/wp-json\/wp\/v2\/media\/98301"}],"wp:attachment":[{"href":"https:\/\/www.evafm.net\/sitio\/wp-json\/wp\/v2\/media?parent=98300"}],"wp:term":[{"taxonomy":"category","embeddable":true,"href":"https:\/\/www.evafm.net\/sitio\/wp-json\/wp\/v2\/categories?post=98300"},{"taxonomy":"post_tag","embeddable":true,"href":"https:\/\/www.evafm.net\/sitio\/wp-json\/wp\/v2\/tags?post=98300"}],"curies":[{"name":"wp","href":"https:\/\/api.w.org\/{rel}","templated":true}]}}