{"id":98304,"date":"2026-01-20T11:51:52","date_gmt":"2026-01-20T16:51:52","guid":{"rendered":"https:\/\/www.evafm.net\/sitio\/?p=98304"},"modified":"2026-01-20T11:51:52","modified_gmt":"2026-01-20T16:51:52","slug":"se-ha-ejecutado-al-menos-12-despliegues-masivos-de-uniformados","status":"publish","type":"post","link":"https:\/\/www.evafm.net\/sitio\/se-ha-ejecutado-al-menos-12-despliegues-masivos-de-uniformados\/","title":{"rendered":"Se ha ejecutado al menos 12 despliegues masivos de uniformados"},"content":{"rendered":"<p>Alrededor de 10 000 militares se desplegar\u00e1n a\u00a0<strong>Guayas, Los R\u00edos y Manab\u00ed\u00a0<\/strong>para la\u00a0<strong>Fase Ofensiva Total<\/strong>, una operaci\u00f3n de duraci\u00f3n indefinida para reducir los hechos delictivos en estas tres provincias.<\/p>\n<p>Es el contingente m\u00e1s numeroso para combatir la inseguridad bajo la administraci\u00f3n del presidente\u00a0<a href=\"https:\/\/www.ecuavisa.com\/tema\/daniel-noboa-t106685\" target=\"_blank\" rel=\"noopener\">Daniel Noboa<\/a>.<\/p>\n<p>Justamente, esta movilizaci\u00f3n se produce luego de que\u00a0<strong>Daniel Noboa<\/strong>\u00a0encabezara una sesi\u00f3n del\u00a0<strong>Cosepe<\/strong>, donde se establecieron cu\u00e1les ser\u00edan las acciones para combatir al crimen organizado.<\/p>\n<p>Adicional, el ministro de Defensa,\u00a0<strong>Gian Carlo Loffredo<\/strong>, orden\u00f3 la instalaci\u00f3n indefinida del <strong>Alto Mando Militar en Guayas<\/strong> para desde ah\u00ed dirigir los operativos.<\/p>\n<p>No es la primera vez que el Gobierno realiza este tipo de acciones y\u00a0<strong>despliegues masivos de militares y polic\u00edas<\/strong>\u00a0para intentar frenar los asesinatos, el narcotr\u00e1fico y la miner\u00eda ilegal.<\/p>\n<p>Ya lo ha hecho en al menos 11 ocasiones anteriores, desde enero de 2024, luego de que Daniel Noboa declarara un conflicto armado interno a ra\u00edz de la toma del <strong>canal TC Televisi\u00f3n.<\/strong><\/p>\n<p><strong>Despliegues de militares y polic\u00edas a zonas conflictivas.<\/strong><\/p>\n<p>Una de las incursiones m\u00e1s llamativas ocurri\u00f3 en julio de 2024, cuando el presidente Noboa ingres\u00f3 con un\u00a0<strong>convoy militar a Dur\u00e1n.<\/strong><\/p>\n<p>\u201cTomaremos Dur\u00e1n por nuestras propias manos, y se las devolveremos a los verdaderos y \u00fanicos due\u00f1os: las familias durane\u00f1as\u201d, expres\u00f3 el <strong>Primer Mandatario.<\/strong><\/p>\n<p>&nbsp;<\/p>\n<p>Otros operativos tambi\u00e9n han tenido un nutrido grupo de uniformados.<\/p>\n<p>El segundo m\u00e1s numeroso fue de 7 000 efectivos, entre polic\u00edas y militares, para el\u00a0<strong>operativo \u2018Guayaquil, Tregua Cero\u2019,<\/strong>\u00a0que ten\u00eda como objetivo frenar los hechos violentos en <strong>Guayaquil y Dur\u00e1n.<\/strong><\/p>\n<p>Tambi\u00e9n hubo operativos con menos elementos, de entre <strong>500 y 900 gendarmes.<\/strong><\/p>\n<p><strong>\u00bfOperativos y despliegues dejan resultados?<\/strong><\/p>\n<p>Ecuavisa.com solicit\u00f3 informaci\u00f3n al \u00e1rea de comunicaci\u00f3n del Ministerio de Defensa, pero hasta la publicaci\u00f3n de esta nota no hubo respuesta.<\/p>\n<p>No obstante, en la web de esa cartera de Estado se encuentran algunos detalles de los operativos, donde se indica que los despliegues militares s\u00ed dejan resultados como incautaci\u00f3n de armas, drogas,\u00a0<strong>detenciones de cabecillas criminales\u00a0<\/strong>o personas buscadas por la justicia,\u00a0<strong>reducci\u00f3n de muertes violentas<\/strong>, entre otros.<\/p>\n<p>Por ejemplo, en una publicaci\u00f3n del 11 de julio de 2025, se asegur\u00f3 que \u201crealizaron operaciones de vigilancia, control y protecci\u00f3n terrestre, mar\u00edtima y a\u00e9rea en zonas de frontera, \u00e1reas reservadas de seguridad, mar territorial y centros de privaci\u00f3n de la libertad, en los que se redujo significativamente las muertes violentas en un <strong>83 %\u201d.<\/strong><\/p>\n<p><strong>\u00bfEs una estrategia eficiente?<\/strong><\/p>\n<p>Katherine Herrera, experta en seguridad, explica que el\u00a0<strong>despliegue militar<\/strong>\u00a0por s\u00ed solo no tiene una incidencia a largo plazo y menos generar\u00e1 cambios estructurales.<\/p>\n<p>Habr\u00e1, s\u00ed, una reducci\u00f3n de la violencia u otros delitos mientras los uniformados se mantengan en territorio, pero la criminalidad regresar\u00e1 cuando los oficiales se vayan.<\/p>\n<p>Es decir, sus efectos son temporales.<\/p>\n<p>Para que la militarizaci\u00f3n funcione, Herrera sostiene que debe estar acompa\u00f1ada de una<\/p>\n<p><strong>estrategia de inteligencia, judicializaci\u00f3n de los actores delictivos, control financiero de econom\u00edas criminales y control penitenciario. <\/strong><\/p>\n<p>Luego de esta cadena, el Estado debe implementar programas sociales.<\/p>\n<p>\u201cLa recuperaci\u00f3n de la presencia estatal, la contenci\u00f3n de la violencia, la protecci\u00f3n de infraestructura y de poblaci\u00f3n vulnerable y esta disrupci\u00f3n operativa no tendr\u00e1 resultados a mediano y largo plazo<\/p>\n<p>sin la intervenci\u00f3n de otros actores e instituciones del Estado y un gran trabajo de inteligencia e investigaci\u00f3n\u201d.<\/p>\n<p>&nbsp;<\/p>\n<p>Herrera resalta que la seguridad no se mide por la cantidad de militares en las calles, sino por cu\u00e1ntas estructuras criminales y econom\u00edas criminales se desarticulan.<strong> (I)<\/strong><\/p>\n<p>&nbsp;<\/p>\n<table>\n<tbody>\n<tr>\n<td><strong>FECHA<\/strong><\/td>\n<td><strong>LUGAR DE DESPLIEGUE<\/strong><\/td>\n<td><strong>CANTIDAD DE UNIFORMADOS<\/strong><\/td>\n<td><strong>CONTEXTO PARA EL DESPLIEGUE<\/strong><\/td>\n<\/tr>\n<tr>\n<td>5 de junio de 2024<\/td>\n<td>Manta (Manab\u00ed)<\/td>\n<td>Arribo de 500 polic\u00edas para reforzar los controles junto a 1 500 militares que estaban en Manab\u00ed<\/td>\n<td>Ocurri\u00f3 luego de un ataque armado en un circo de Manta que dej\u00f3 al menos tres muertos.<\/td>\n<\/tr>\n<tr>\n<td>17 de julio de 2024<\/td>\n<td>Dur\u00e1n (Guayas)<\/td>\n<td>Ingreso de 600 polic\u00edas y 500 militares<\/td>\n<td>Se dio por los 250 asesinatos que se contabilizaban en ese cant\u00f3n.<\/td>\n<\/tr>\n<tr>\n<td>10 de diciembre de 2024<\/td>\n<td>El Oro<\/td>\n<td>Despliegue de 2 000 militares<\/td>\n<td>Noboa dio la orden tras un fin de semana que dej\u00f3 27 asesinatos, adem\u00e1s de atentados con explosivos<\/td>\n<\/tr>\n<tr>\n<td>17 y 18 de febrero de 2025<\/td>\n<td>Manta y Portoviejo (Manab\u00ed)<\/td>\n<td>Operativo con 370 militares y 50 polic\u00edas<\/td>\n<td>Buscaba reducir las actividades delictivas en zonas conflictivas<\/td>\n<\/tr>\n<tr>\n<td>19 de febrero de 2025<\/td>\n<td>Guayaquil (Guayas)<\/td>\n<td>Operativo con 1 000 uniformados, entre polic\u00edas y militares<\/td>\n<td>Prevenir actividades delictivas<\/td>\n<\/tr>\n<tr>\n<td>24 de abril de 2025<\/td>\n<td>Guayaquil (Guayas)<\/td>\n<td>Operativo con 500 uniformados, entre polic\u00edas y militares<\/td>\n<td>Afectar a los grupos delictivos Mafia 18 y Los Lagartos<\/td>\n<\/tr>\n<tr>\n<td>15 de agosto de 2025<\/td>\n<td>Quevedo (Los R\u00edos)<\/td>\n<td>Operativo con 300 uniformados, entre polic\u00edas y militares<\/td>\n<td>Prevenir y reducir actividades delictivas<\/td>\n<\/tr>\n<tr>\n<td>18 de agosto de 2025<\/td>\n<td>Guayas, Manab\u00ed, El Oro y Esmeraldas<\/td>\n<td>Despliegue de 2 000 militares<\/td>\n<td>Combatir actividades delictivas<\/td>\n<\/tr>\n<tr>\n<td>27 de octubre de 2025<\/td>\n<td>Guayaquil y Dur\u00e1n (Guayas)<\/td>\n<td>Despliegue de 7 000 polic\u00edas y militares<\/td>\n<td>Retomar la seguridad en los cantones, tras hechos delictivos como un carro bomba<\/td>\n<\/tr>\n<tr>\n<td>Entre el 26 y 31 de octubre de 2025<\/td>\n<td>Azuay<\/td>\n<td>Despliegue de 1 500 militares<\/td>\n<td>Afectar a grupos criminales que se dedican a la miner\u00eda ilegal<\/td>\n<\/tr>\n<tr>\n<td>Entre el 21 de noviembre e inicios de diciembre 2025<\/td>\n<td>Los R\u00edos<\/td>\n<td>Despliegue de 1 500 militares<\/td>\n<td>Controlar la inseguridad y actividades delictivas<\/td>\n<\/tr>\n<tr>\n<td>16 de enero de 2026<\/td>\n<td>Guayas, Los R\u00edos y Manab\u00ed<\/td>\n<td>Despliegue de 10 000 militares<\/td>\n<td>Frenar los asesinatos y hechos violento<\/td>\n<\/tr>\n<\/tbody>\n<\/table>\n<p>&nbsp;<\/p>\n<p><strong>Fuente:<\/strong> evafm.net &#8211; ecuavisa.com<\/p>\n<div class=\"gsp_post_data\" \r\n\t            data-post_type=\"post\" \r\n\t            data-cat=\"general,noticias-ecuador\" \r\n\t            data-modified=\"120\"\r\n\t            data-created=\"1768909912\"\r\n\t            data-title=\"Se ha ejecutado al menos 12 despliegues masivos de uniformados\" \r\n\t            data-home=\"https:\/\/www.evafm.net\/sitio\"><\/div>","protected":false},"excerpt":{"rendered":"<p>Alrededor de 10 000 militares se desplegar\u00e1n a\u00a0Guayas, Los R\u00edos y Manab\u00ed\u00a0para la\u00a0Fase Ofensiva Total, una operaci\u00f3n de duraci\u00f3n indefinida para reducir los hechos delictivos en estas tres provincias. Es el contingente m\u00e1s numeroso para combatir la inseguridad bajo la administraci\u00f3n del presidente\u00a0Daniel Noboa. Justamente, esta movilizaci\u00f3n se produce luego de que\u00a0Daniel Noboa\u00a0encabezara una sesi\u00f3n&#8230;<\/p>\n","protected":false},"author":5,"featured_media":98305,"comment_status":"closed","ping_status":"open","sticky":false,"template":"","format":"standard","meta":{"_joinchat":[],"footnotes":""},"categories":[1720,1558],"tags":[],"class_list":["post-98304","post","type-post","status-publish","format-standard","has-post-thumbnail","hentry","category-general","category-noticias-ecuador","have-post-thumb"],"_links":{"self":[{"href":"https:\/\/www.evafm.net\/sitio\/wp-json\/wp\/v2\/posts\/98304","targetHints":{"allow":["GET"]}}],"collection":[{"href":"https:\/\/www.evafm.net\/sitio\/wp-json\/wp\/v2\/posts"}],"about":[{"href":"https:\/\/www.evafm.net\/sitio\/wp-json\/wp\/v2\/types\/post"}],"author":[{"embeddable":true,"href":"https:\/\/www.evafm.net\/sitio\/wp-json\/wp\/v2\/users\/5"}],"replies":[{"embeddable":true,"href":"https:\/\/www.evafm.net\/sitio\/wp-json\/wp\/v2\/comments?post=98304"}],"version-history":[{"count":1,"href":"https:\/\/www.evafm.net\/sitio\/wp-json\/wp\/v2\/posts\/98304\/revisions"}],"predecessor-version":[{"id":98306,"href":"https:\/\/www.evafm.net\/sitio\/wp-json\/wp\/v2\/posts\/98304\/revisions\/98306"}],"wp:featuredmedia":[{"embeddable":true,"href":"https:\/\/www.evafm.net\/sitio\/wp-json\/wp\/v2\/media\/98305"}],"wp:attachment":[{"href":"https:\/\/www.evafm.net\/sitio\/wp-json\/wp\/v2\/media?parent=98304"}],"wp:term":[{"taxonomy":"category","embeddable":true,"href":"https:\/\/www.evafm.net\/sitio\/wp-json\/wp\/v2\/categories?post=98304"},{"taxonomy":"post_tag","embeddable":true,"href":"https:\/\/www.evafm.net\/sitio\/wp-json\/wp\/v2\/tags?post=98304"}],"curies":[{"name":"wp","href":"https:\/\/api.w.org\/{rel}","templated":true}]}}