{"id":98345,"date":"2026-01-21T11:38:10","date_gmt":"2026-01-21T16:38:10","guid":{"rendered":"https:\/\/www.evafm.net\/sitio\/?p=98345"},"modified":"2026-01-21T11:38:10","modified_gmt":"2026-01-21T16:38:10","slug":"daniel-noboa-impone-una-tasa-del-30-a-importaciones-de-colombia","status":"publish","type":"post","link":"https:\/\/www.evafm.net\/sitio\/daniel-noboa-impone-una-tasa-del-30-a-importaciones-de-colombia\/","title":{"rendered":"Daniel Noboa impone una tasa del 30 % a importaciones de Colombia"},"content":{"rendered":"<p><a target=\"_blank\" rel=\"\">El presidente<\/a><a href=\"https:\/\/www.ecuavisa.com\/la-noticia-a-fondo\/gobierno-daniel-noboa-operativos-masivos-militares-policiales-resultados-20260119-0057.html\" target=\"_blank\" rel=\"noopener\">\u00a0<strong>Daniel Noboa<\/strong><\/a><strong>\u00a0<\/strong>anunci\u00f3 qu<strong>e impondr\u00e1 una tasa del 30 % a importaciones de Colombia desde el 1 de febrero, por falta de reciprocidad en temas de seguridad.<\/strong><\/p>\n<p>\u201cMientras hemos insistido en el di\u00e1logo,\u00a0<strong>nuestros militares siguen enfrentando a grupos criminales atados al narcotr\u00e1fico en la frontera sin cooperaci\u00f3n alguna<\/strong>\u201d, escribi\u00f3<\/p>\n<p>en su cuenta de X, resaltando que hay un d\u00e9ficit comercial con el vecino pa\u00eds de <strong>USD 1 000 millones anuales.<\/strong><\/p>\n<p>&nbsp;<\/p>\n<p>El mandatario explic\u00f3 que esta medi<strong>da se mantendr\u00e1 hasta que exista un compromiso real de Colombia para enfrentar el narcotr\u00e1fico y la miner\u00eda ilegal en la frontera<\/strong><\/p>\n<p><strong>\u201ccon la misma seriedad y decisi\u00f3n que hoy el Ecuador asuma\u201d. (I)<\/strong><\/p>\n<div class=\"css-175oi2r r-zl2h9q\">\n<div class=\"css-175oi2r r-k4xj1c r-18u37iz r-1wtj0ep\">\n<div class=\"css-175oi2r r-1d09ksm r-18u37iz r-1wbh5a2\">\n<div class=\"css-175oi2r r-1wbh5a2 r-dnmrzs r-1ny4l3l\">\n<div id=\"id__ppddaaz52qh\" class=\"css-175oi2r r-1wbh5a2 r-dnmrzs r-1ny4l3l r-1awozwy r-18u37iz\" data-testid=\"User-Name\">\n<div class=\"css-175oi2r r-1awozwy r-18u37iz r-1wbh5a2 r-dnmrzs\">\n<div class=\"css-175oi2r r-1wbh5a2 r-dnmrzs\">\n<div class=\"css-175oi2r r-1awozwy r-18u37iz r-1wbh5a2 r-dnmrzs\">\n<div class=\"css-146c3p1 r-bcqeeo r-1ttztb7 r-qvutc0 r-37j5jr r-a023e6 r-rjixqe r-b88u0q r-1awozwy r-6koalj r-1udh08x r-3s2u2q\" dir=\"ltr\"><span class=\"css-1jxf684 r-dnmrzs r-1udh08x r-1udbk01 r-3s2u2q r-bcqeeo r-1ttztb7 r-qvutc0 r-poiln3\"><span class=\"css-1jxf684 r-bcqeeo r-1ttztb7 r-qvutc0 r-poiln3\"><strong>Daniel Noboa Azin<\/strong><\/span><\/span><\/div>\n<div class=\"css-146c3p1 r-bcqeeo r-1ttztb7 r-qvutc0 r-37j5jr r-a023e6 r-rjixqe r-16dba41 r-xoduu5 r-18u37iz r-1q142lx\" dir=\"ltr\"><\/div>\n<\/div>\n<\/div>\n<\/div>\n<div class=\"css-175oi2r r-18u37iz r-1wbh5a2 r-1ez5h0i\">\n<div class=\"css-175oi2r r-1d09ksm r-18u37iz r-1wbh5a2\">\n<div class=\"css-175oi2r r-1wbh5a2 r-dnmrzs\">\n<div class=\"css-146c3p1 r-dnmrzs r-1udh08x r-1udbk01 r-3s2u2q r-bcqeeo r-1ttztb7 r-qvutc0 r-37j5jr r-a023e6 r-rjixqe r-16dba41 r-18u37iz r-1wvb978\" dir=\"ltr\"><strong><span class=\"css-1jxf684 r-bcqeeo r-1ttztb7 r-qvutc0 r-poiln3\">@DanielNoboaOk<\/span><\/strong><\/div>\n<\/div>\n<div class=\"css-146c3p1 r-bcqeeo r-1ttztb7 r-qvutc0 r-37j5jr r-a023e6 r-rjixqe r-16dba41 r-1q142lx r-n7gxbd\" dir=\"ltr\" aria-hidden=\"true\"><span class=\"css-1jxf684 r-bcqeeo r-1ttztb7 r-qvutc0 r-poiln3\">\u00b7<\/span><\/div>\n<div class=\"css-175oi2r r-18u37iz r-1q142lx\"><\/div>\n<\/div>\n<\/div>\n<\/div>\n<\/div>\n<\/div>\n<div class=\"css-175oi2r r-1kkk96v\">\n<div class=\"css-175oi2r r-1awozwy r-18u37iz r-1cmwbt1 r-1wtj0ep\">\n<div class=\"css-175oi2r r-18u37iz r-1h0z5md\"><\/div>\n<\/div>\n<\/div>\n<\/div>\n<\/div>\n<div class=\"css-175oi2r\">\n<div id=\"id__brf47x4ulre\" class=\"css-146c3p1 r-bcqeeo r-1ttztb7 r-qvutc0 r-37j5jr r-a023e6 r-rjixqe r-16dba41 r-bnwqim\" dir=\"auto\" lang=\"es\" data-testid=\"tweetText\"><span class=\"css-1jxf684 r-bcqeeo r-1ttztb7 r-qvutc0 r-poiln3\">Hemos hecho esfuerzos reales de cooperaci\u00f3n con Colombia, incluso con un d\u00e9ficit comercial que supera los 1.000 millones de d\u00f3lares anuales. <\/span><\/div>\n<div class=\"css-146c3p1 r-bcqeeo r-1ttztb7 r-qvutc0 r-37j5jr r-a023e6 r-rjixqe r-16dba41 r-bnwqim\" dir=\"auto\" lang=\"es\" data-testid=\"tweetText\"><span class=\"css-1jxf684 r-bcqeeo r-1ttztb7 r-qvutc0 r-poiln3\">Pero mientras hemos insistido en el di\u00e1logo, nuestros militares siguen enfrentando a grupos criminales atados al narcotr\u00e1fico en la frontera sin cooperaci\u00f3n alguna. <\/span><\/div>\n<div class=\"css-146c3p1 r-bcqeeo r-1ttztb7 r-qvutc0 r-37j5jr r-a023e6 r-rjixqe r-16dba41 r-bnwqim\" dir=\"auto\" lang=\"es\" data-testid=\"tweetText\"><span class=\"css-1jxf684 r-bcqeeo r-1ttztb7 r-qvutc0 r-poiln3\">Por eso, ante la falta de reciprocidad y acciones firmes, el Ecuador aplicar\u00e1 una tasa de seguridad del 30% a las importaciones provenientes de Colombia desde <\/span><\/div>\n<div class=\"css-146c3p1 r-bcqeeo r-1ttztb7 r-qvutc0 r-37j5jr r-a023e6 r-rjixqe r-16dba41 r-bnwqim\" dir=\"auto\" lang=\"es\" data-testid=\"tweetText\"><span class=\"css-1jxf684 r-bcqeeo r-1ttztb7 r-qvutc0 r-poiln3\">el primero de febrero. <\/span><\/div>\n<div class=\"css-146c3p1 r-bcqeeo r-1ttztb7 r-qvutc0 r-37j5jr r-a023e6 r-rjixqe r-16dba41 r-bnwqim\" dir=\"auto\" lang=\"es\" data-testid=\"tweetText\"><span class=\"css-1jxf684 r-bcqeeo r-1ttztb7 r-qvutc0 r-poiln3\">Esta medida se mantendr\u00e1 hasta que exista un compromiso real para enfrentar juntos el narcotr\u00e1fico y la miner\u00eda ilegal en la frontera, con la misma seriedad<\/span><\/div>\n<div class=\"css-146c3p1 r-bcqeeo r-1ttztb7 r-qvutc0 r-37j5jr r-a023e6 r-rjixqe r-16dba41 r-bnwqim\" dir=\"auto\" lang=\"es\" data-testid=\"tweetText\"><span class=\"css-1jxf684 r-bcqeeo r-1ttztb7 r-qvutc0 r-poiln3\"> y decisi\u00f3n que hoy el Ecuador asume.<\/span><\/div>\n<\/div>\n<p>&nbsp;<\/p>\n<p><strong>Fuente:<\/strong> evafm.net &#8211; ecuavisa.com<\/p>\n<div class=\"gsp_post_data\" \r\n\t            data-post_type=\"post\" \r\n\t            data-cat=\"general,noticias-ecuador\" \r\n\t            data-modified=\"120\"\r\n\t            data-created=\"1768995490\"\r\n\t            data-title=\"Daniel Noboa impone una tasa del 30 % a importaciones de Colombia\" \r\n\t            data-home=\"https:\/\/www.evafm.net\/sitio\"><\/div>","protected":false},"excerpt":{"rendered":"<p>El presidente\u00a0Daniel Noboa\u00a0anunci\u00f3 que impondr\u00e1 una tasa del 30 % a importaciones de Colombia desde el 1 de febrero, por falta de reciprocidad en temas de seguridad. \u201cMientras hemos insistido en el di\u00e1logo,\u00a0nuestros militares siguen enfrentando a grupos criminales atados al narcotr\u00e1fico en la frontera sin cooperaci\u00f3n alguna\u201d, escribi\u00f3 en su cuenta de X, resaltando&#8230;<\/p>\n","protected":false},"author":5,"featured_media":98346,"comment_status":"closed","ping_status":"open","sticky":false,"template":"","format":"standard","meta":{"_joinchat":[],"footnotes":""},"categories":[1720,1558],"tags":[],"class_list":["post-98345","post","type-post","status-publish","format-standard","has-post-thumbnail","hentry","category-general","category-noticias-ecuador","have-post-thumb"],"_links":{"self":[{"href":"https:\/\/www.evafm.net\/sitio\/wp-json\/wp\/v2\/posts\/98345","targetHints":{"allow":["GET"]}}],"collection":[{"href":"https:\/\/www.evafm.net\/sitio\/wp-json\/wp\/v2\/posts"}],"about":[{"href":"https:\/\/www.evafm.net\/sitio\/wp-json\/wp\/v2\/types\/post"}],"author":[{"embeddable":true,"href":"https:\/\/www.evafm.net\/sitio\/wp-json\/wp\/v2\/users\/5"}],"replies":[{"embeddable":true,"href":"https:\/\/www.evafm.net\/sitio\/wp-json\/wp\/v2\/comments?post=98345"}],"version-history":[{"count":1,"href":"https:\/\/www.evafm.net\/sitio\/wp-json\/wp\/v2\/posts\/98345\/revisions"}],"predecessor-version":[{"id":98347,"href":"https:\/\/www.evafm.net\/sitio\/wp-json\/wp\/v2\/posts\/98345\/revisions\/98347"}],"wp:featuredmedia":[{"embeddable":true,"href":"https:\/\/www.evafm.net\/sitio\/wp-json\/wp\/v2\/media\/98346"}],"wp:attachment":[{"href":"https:\/\/www.evafm.net\/sitio\/wp-json\/wp\/v2\/media?parent=98345"}],"wp:term":[{"taxonomy":"category","embeddable":true,"href":"https:\/\/www.evafm.net\/sitio\/wp-json\/wp\/v2\/categories?post=98345"},{"taxonomy":"post_tag","embeddable":true,"href":"https:\/\/www.evafm.net\/sitio\/wp-json\/wp\/v2\/tags?post=98345"}],"curies":[{"name":"wp","href":"https:\/\/api.w.org\/{rel}","templated":true}]}}