{"id":98634,"date":"2026-01-29T11:11:23","date_gmt":"2026-01-29T16:11:23","guid":{"rendered":"https:\/\/www.evafm.net\/sitio\/?p=98634"},"modified":"2026-01-29T11:11:23","modified_gmt":"2026-01-29T16:11:23","slug":"daniel-noboa-suspendio-su-agenda-en-panama-y-regresa-de-emergencia-a-ecuador","status":"publish","type":"post","link":"https:\/\/www.evafm.net\/sitio\/daniel-noboa-suspendio-su-agenda-en-panama-y-regresa-de-emergencia-a-ecuador\/","title":{"rendered":"Daniel Noboa suspendi\u00f3 su agenda en Panam\u00e1 y regresa de emergencia a Ecuador"},"content":{"rendered":"<p>El mi\u00e9rcoles 28 de enero de 2026, el\u00a0<a href=\"https:\/\/www.ecuavisa.com\/noticias\/politica\" target=\"_blank\" rel=\"noopener\">presidente Daniel Noboa<\/a>\u00a0suspendi\u00f3 su agenda de actividades en el Foro Econ\u00f3mico Internacional en Panam\u00e1.<\/p>\n<p>\u00c9l regresar\u00e1 anticipadamente a Ecuador, pese a tener eventos agendados.<\/p>\n<p>As\u00ed lo confirm\u00f3 el embajador de Ecuador en <strong>Panam\u00e1, Pascual Del Cioppo,<\/strong> en medios locales de ese pa\u00eds.<\/p>\n<p>Del Cioppo agreg\u00f3 que se presentaron unos <strong>\u201ctemas de Estado\u201d<\/strong> y por eso Noboa suspendi\u00f3 sus actividades.<\/p>\n<p>Noboa ten\u00eda previsto asistir al pabell\u00f3n de Ecuador que se iba a inaugurar en el<strong> Foro Econ\u00f3mico a las 15h00<\/strong>, pero no asisti\u00f3.<\/p>\n<p>Luego se conoci\u00f3 que se retir\u00f3 de Panam\u00e1.<\/p>\n<p>El embajador Del Cioppo agreg\u00f3 que la mayor\u00eda del gabinete presidencial contin\u00faa en Panam\u00e1, incluyendo la canciller <strong>Gabriela Sommerfeld. <\/strong><\/p>\n<p>Descart\u00f3 que la retirada anticipada de Noboa del Foro est\u00e9 relacionado con los allanamientos ejecutados en la ma\u00f1ana, relacionado a un caso de<\/p>\n<p>lavado de activos en el caso<strong> Caja Chica.<\/strong><\/p>\n<p><strong>Noboa liderar\u00e1 el Bloque de Seguridad en Ecuador.<\/strong><\/p>\n<p>Desde la Presidencia de la Rep\u00fablica, se inform\u00f3 que Noboa decidi\u00f3 adelantar su retorno al pa\u00eds.<\/p>\n<p>La medida es para liderar el Bloque de Seguridad.<\/p>\n<p>Los detalles de las acciones, indicaron, se dar\u00e1 a conocer por los canales oficiales de la Presidencia. <strong>(I)<\/strong><\/p>\n<p>&nbsp;<\/p>\n<blockquote class=\"twitter-tweet\" data-width=\"550\" data-dnt=\"true\">\n<p lang=\"es\" dir=\"ltr\"><a href=\"https:\/\/twitter.com\/hashtag\/NoticiasTVN?src=hash&amp;ref_src=twsrc%5Etfw\">#NoticiasTVN<\/a> El presidente Daniel Noboa de Ecuador regresar\u00e1 anticipadamente a su pa\u00eds a pesar de tener eventos agendados en Panam\u00e1 para este jueves. <a href=\"https:\/\/t.co\/62HAIHfzW9\">pic.twitter.com\/62HAIHfzW9<\/a><\/p>\n<p>&mdash; TVN Noticias (@tvnnoticias) <a href=\"https:\/\/twitter.com\/tvnnoticias\/status\/2016659679061930194?ref_src=twsrc%5Etfw\">January 28, 2026<\/a><\/p><\/blockquote>\n<p><script async src=\"https:\/\/platform.twitter.com\/widgets.js\" charset=\"utf-8\"><\/script><\/p>\n<p><strong>Fuente:<\/strong> evafm.net &#8211; ecuavisa.com<\/p>\n<p>&nbsp;<\/p>\n<p>&nbsp;<\/p>\n<div class=\"gsp_post_data\" \r\n\t            data-post_type=\"post\" \r\n\t            data-cat=\"general,noticias-ecuador\" \r\n\t            data-modified=\"120\"\r\n\t            data-created=\"1769685083\"\r\n\t            data-title=\"Daniel Noboa suspendi\u00f3 su agenda en Panam\u00e1 y regresa de emergencia a Ecuador\" \r\n\t            data-home=\"https:\/\/www.evafm.net\/sitio\"><\/div>","protected":false},"excerpt":{"rendered":"<p>El mi\u00e9rcoles 28 de enero de 2026, el\u00a0presidente Daniel Noboa\u00a0suspendi\u00f3 su agenda de actividades en el Foro Econ\u00f3mico Internacional en Panam\u00e1. \u00c9l regresar\u00e1 anticipadamente a Ecuador, pese a tener eventos agendados. As\u00ed lo confirm\u00f3 el embajador de Ecuador en Panam\u00e1, Pascual Del Cioppo, en medios locales de ese pa\u00eds. Del Cioppo agreg\u00f3 que se presentaron&#8230;<\/p>\n","protected":false},"author":5,"featured_media":98635,"comment_status":"closed","ping_status":"open","sticky":false,"template":"","format":"standard","meta":{"_joinchat":[],"footnotes":""},"categories":[1720,1558],"tags":[],"class_list":["post-98634","post","type-post","status-publish","format-standard","has-post-thumbnail","hentry","category-general","category-noticias-ecuador","have-post-thumb"],"_links":{"self":[{"href":"https:\/\/www.evafm.net\/sitio\/wp-json\/wp\/v2\/posts\/98634","targetHints":{"allow":["GET"]}}],"collection":[{"href":"https:\/\/www.evafm.net\/sitio\/wp-json\/wp\/v2\/posts"}],"about":[{"href":"https:\/\/www.evafm.net\/sitio\/wp-json\/wp\/v2\/types\/post"}],"author":[{"embeddable":true,"href":"https:\/\/www.evafm.net\/sitio\/wp-json\/wp\/v2\/users\/5"}],"replies":[{"embeddable":true,"href":"https:\/\/www.evafm.net\/sitio\/wp-json\/wp\/v2\/comments?post=98634"}],"version-history":[{"count":1,"href":"https:\/\/www.evafm.net\/sitio\/wp-json\/wp\/v2\/posts\/98634\/revisions"}],"predecessor-version":[{"id":98636,"href":"https:\/\/www.evafm.net\/sitio\/wp-json\/wp\/v2\/posts\/98634\/revisions\/98636"}],"wp:featuredmedia":[{"embeddable":true,"href":"https:\/\/www.evafm.net\/sitio\/wp-json\/wp\/v2\/media\/98635"}],"wp:attachment":[{"href":"https:\/\/www.evafm.net\/sitio\/wp-json\/wp\/v2\/media?parent=98634"}],"wp:term":[{"taxonomy":"category","embeddable":true,"href":"https:\/\/www.evafm.net\/sitio\/wp-json\/wp\/v2\/categories?post=98634"},{"taxonomy":"post_tag","embeddable":true,"href":"https:\/\/www.evafm.net\/sitio\/wp-json\/wp\/v2\/tags?post=98634"}],"curies":[{"name":"wp","href":"https:\/\/api.w.org\/{rel}","templated":true}]}}