{"id":98697,"date":"2026-01-30T20:38:11","date_gmt":"2026-01-31T01:38:11","guid":{"rendered":"https:\/\/www.evafm.net\/sitio\/?p=98697"},"modified":"2026-01-30T20:38:11","modified_gmt":"2026-01-31T01:38:11","slug":"matias-lugo-llego-a-ecuador-para-firmar-con-barcelona-sc","status":"publish","type":"post","link":"https:\/\/www.evafm.net\/sitio\/matias-lugo-llego-a-ecuador-para-firmar-con-barcelona-sc\/","title":{"rendered":"Mat\u00edas Lugo lleg\u00f3 a Ecuador para firmar con Barcelona SC"},"content":{"rendered":"<p>Este viernes 30 de enero,<strong>\u00a0Mat\u00edas Lugo arrib\u00f3 a Ecuador para firmar su contrato como nuevo fichaje de\u00a0<\/strong><a href=\"https:\/\/www.ecuavisa.com\/tema\/barcelona-sc-t90590\" target=\"_blank\" rel=\"noopener\"><strong>Barcelona SC<\/strong><\/a>\u00a0y completar el cupo de extranjeros de la instituci\u00f3n para la temporada 2026.<\/p>\n<p>El volante de 24 a\u00f1os lleg\u00f3 a los toreros en condici\u00f3n de\u00a0<strong>pr\u00e9stamo, desde Argentinos Juniors, por una temporada<\/strong>\u00a0con opci\u00f3n de compra.<\/p>\n<p>En su arribo al aeropuerto de Guayaquil,<strong>\u00a0Lugo dio sus primeras declaraciones como futbolista\u00a0<\/strong>del cuadro del Astillero y habl\u00f3 de sus cualidades en el terreno de juego, adem\u00e1s de lo que puede<\/p>\n<p>ofrecer al club.<\/p>\n<p><strong><mark>\u201cSoy un jugador de recuperaci\u00f3n, de estar bien parado, atento a las segundas jugadas<\/mark>\u00a0<\/strong>y aguerrido\u00bb, se\u00f1al\u00f3 el argentino a los medios de comunicaci\u00f3n.<\/p>\n<p>\u201c<strong>Estoy contento de llegar y poder ya estar con el equipo\u201d.<\/strong><\/p>\n<p>El volante a\u00f1adi\u00f3 que \u201ces una alegr\u00eda enorme,\u00a0<strong>un club grande que merece lo mejor, contento de estar ac\u00e1<\/strong>\u00a0y espero dar la talla\u201d.<\/p>\n<p>Finalmente, Lugo aclar\u00f3 que \u201cf\u00edsicamente me siento bien,\u00a0<strong>hice pretemporada, as\u00ed que estoy 10 puntos<\/strong>\u00ab, por lo que ya se puede sumar a los entrenamientos del plantel para el inicio de la LigaPro.<\/p>\n<p><strong>Mat\u00edas y\u00a0<\/strong><a href=\"https:\/\/www.ecuavisa.com\/futbol-nacional\/dario-bendetto-es-nuevo-jugador-de-barcelona-sc-20260128-0006.html\" target=\"_blank\" rel=\"noopener\"><strong>Benedetto ser\u00e1n presentados en la Noche Amarilla<\/strong><\/a><strong>\u00a02026<\/strong>\u00a0con el resto de los nuevos fichajes para esta temporada.<\/p>\n<p>El primer partido oficial de\u00a0<a href=\"https:\/\/www.ecuavisa.com\/futbol-internacional\/cuando-seran-los-partidos-de-barcelona-sc-en-la-fase-dos-de-la-copa-libertadores-20251222-0088.html\" target=\"_blank\" rel=\"noopener\"><strong>Barcelona SC ser\u00e1 ante Argentinos Juniors el mi\u00e9rcoles<\/strong><\/a><strong>\u00a018 de febrero<\/strong>, a las <strong>19:30,<\/strong> por la ida de la<strong> segunda ronda de la Copa Libertadores. (D)<\/strong><\/p>\n<p><strong>Fuente:<\/strong> evafm.net . ecuavisa.com<\/p>\n<div class=\"gsp_post_data\" \r\n\t            data-post_type=\"post\" \r\n\t            data-cat=\"deportes-ecuador\" \r\n\t            data-modified=\"120\"\r\n\t            data-created=\"1769805491\"\r\n\t            data-title=\"Mat\u00edas Lugo lleg\u00f3 a Ecuador para firmar con Barcelona SC\" \r\n\t            data-home=\"https:\/\/www.evafm.net\/sitio\"><\/div>","protected":false},"excerpt":{"rendered":"<p>Este viernes 30 de enero,\u00a0Mat\u00edas Lugo arrib\u00f3 a Ecuador para firmar su contrato como nuevo fichaje de\u00a0Barcelona SC\u00a0y completar el cupo de extranjeros de la instituci\u00f3n para la temporada 2026. El volante de 24 a\u00f1os lleg\u00f3 a los toreros en condici\u00f3n de\u00a0pr\u00e9stamo, desde Argentinos Juniors, por una temporada\u00a0con opci\u00f3n de compra. En su arribo al&#8230;<\/p>\n","protected":false},"author":5,"featured_media":98698,"comment_status":"closed","ping_status":"open","sticky":false,"template":"","format":"standard","meta":{"_joinchat":[],"footnotes":""},"categories":[1557],"tags":[],"class_list":["post-98697","post","type-post","status-publish","format-standard","has-post-thumbnail","hentry","category-deportes-ecuador","have-post-thumb"],"_links":{"self":[{"href":"https:\/\/www.evafm.net\/sitio\/wp-json\/wp\/v2\/posts\/98697","targetHints":{"allow":["GET"]}}],"collection":[{"href":"https:\/\/www.evafm.net\/sitio\/wp-json\/wp\/v2\/posts"}],"about":[{"href":"https:\/\/www.evafm.net\/sitio\/wp-json\/wp\/v2\/types\/post"}],"author":[{"embeddable":true,"href":"https:\/\/www.evafm.net\/sitio\/wp-json\/wp\/v2\/users\/5"}],"replies":[{"embeddable":true,"href":"https:\/\/www.evafm.net\/sitio\/wp-json\/wp\/v2\/comments?post=98697"}],"version-history":[{"count":1,"href":"https:\/\/www.evafm.net\/sitio\/wp-json\/wp\/v2\/posts\/98697\/revisions"}],"predecessor-version":[{"id":98699,"href":"https:\/\/www.evafm.net\/sitio\/wp-json\/wp\/v2\/posts\/98697\/revisions\/98699"}],"wp:featuredmedia":[{"embeddable":true,"href":"https:\/\/www.evafm.net\/sitio\/wp-json\/wp\/v2\/media\/98698"}],"wp:attachment":[{"href":"https:\/\/www.evafm.net\/sitio\/wp-json\/wp\/v2\/media?parent=98697"}],"wp:term":[{"taxonomy":"category","embeddable":true,"href":"https:\/\/www.evafm.net\/sitio\/wp-json\/wp\/v2\/categories?post=98697"},{"taxonomy":"post_tag","embeddable":true,"href":"https:\/\/www.evafm.net\/sitio\/wp-json\/wp\/v2\/tags?post=98697"}],"curies":[{"name":"wp","href":"https:\/\/api.w.org\/{rel}","templated":true}]}}