{"id":98745,"date":"2026-02-01T11:03:53","date_gmt":"2026-02-01T16:03:53","guid":{"rendered":"https:\/\/www.evafm.net\/sitio\/?p=98745"},"modified":"2026-02-01T11:03:53","modified_gmt":"2026-02-01T16:03:53","slug":"trafico-record-en-rumichaca-ante-inminente-inicio-de-guerra-comercial-entre-ecuador-y-colombia","status":"publish","type":"post","link":"https:\/\/www.evafm.net\/sitio\/trafico-record-en-rumichaca-ante-inminente-inicio-de-guerra-comercial-entre-ecuador-y-colombia\/","title":{"rendered":"Tr\u00e1fico r\u00e9cord en Rumichaca ante inminente inicio de guerra comercial entre Ecuador y Colombia"},"content":{"rendered":"<p>Una jornada de intensa congesti\u00f3n se vivi\u00f3 este s\u00e1bado en el Puente Internacional de Rumichaca<strong>. <\/strong><\/p>\n<p><strong>Cientos de transportistas de carga pesada se apresuran a cruzar la frontera entre Ecuador y Colombia\u00a0<\/strong>antes de que entren en vigor\u00a0<a href=\"https:\/\/www.ecuavisa.com\/politica\/guerra-comercial-ecuador-colombia-primer-dialogo-20260129-0080.html\" target=\"_blank\" rel=\"noopener\"><strong>la guerra comercial\u00a0<\/strong><\/a>entre Ecuador y Colombia esta medianoche: una tasa del 30 % a los productos que se importen y exporten entre ellos.<\/p>\n<p>Pese a que hubo conversaciones entre las cancilleres de ambos pa\u00edses,\u00a0<strong>no hubo soluci\u00f3n antes de que llegue el 1 de febrero<\/strong>.<\/p>\n<p>Desde la noche del viernes y durante todo el s\u00e1bado, las filas de camiones alcanzaron extensiones cr\u00edticas.<\/p>\n<p>&nbsp;<\/p>\n<p>En el lado ecuatoriano, se registr\u00f3 una hilera de aproximadamente 100 veh\u00edculos durante la madrugada.<\/p>\n<p>Aunque el flujo disminuy\u00f3 hacia la tarde en Ecuador,<strong>\u00a0la situaci\u00f3n se traslad\u00f3 al lado colombiano, donde m\u00e1s de 100 unidades permanec\u00edan estancadas esperando su turno para completar los tr\u00e1mites aduaneros<\/strong>.<\/p>\n<p>El volumen de mercanc\u00edas que transita por este punto es masivo.<\/p>\n<p>En condiciones normales, se movilizan cerca de 6 000 toneladas diarias, cifra que se habr\u00eda quintuplicado este fin de semana debido al p\u00e1nico por el pronto inicio de los aranceles.<\/p>\n<p><strong>\u00a0Las nuevas restricciones comerciales que impedir\u00e1n el ingreso de diversos productos agr\u00edcolas al territorio colombiano<\/strong>.<\/p>\n<p>Nelson Cano, presidente de la C\u00e1mara de Comercio de Tulc\u00e1n, se\u00f1al\u00f3 que la congesti\u00f3n no solo se debe al transporte pesado sino tambi\u00e9n a los veh\u00edculos particulares:<\/p>\n<p><strong>\u201cHay mucho temor de que los precios se incrementen debido a las medidas econ\u00f3micas tomadas por ambos pa\u00edses\u201d<\/strong>, expres\u00f3.<\/p>\n<p><strong>Pr\u00f3ximas p\u00e9rdidas millonarias.<\/strong><\/p>\n<p>La cadena log\u00edstica, que incluye a transportistas, agentes de aduana y almacenadoras,<strong>\u00a0ya proyecta un escenario sombr\u00edo<\/strong>.<\/p>\n<p>Se estima que las p\u00e9rdidas econ\u00f3micas podr\u00edan alcanzar<strong>\u00a0los USD 8 millones tan solo durante el mes de febrero si la situaci\u00f3n no se flexibiliza<\/strong>.<\/p>\n<p>Marcos M\u00e9ndez, presidente del Transporte Pesado del Carchi, advirti\u00f3 que productos sensibles como el banano y el arroz podr\u00edan verse desplazados hacia rutas ilegales.<\/p>\n<p>&nbsp;<\/p>\n<p>\u00abEl contrabando ser\u00e1 la \u00fanica opci\u00f3n\u00bb, se\u00f1al\u00f3 M\u00e9ndez, haciendo hincapi\u00e9 en que el 70% de la producci\u00f3n de ciertos exportadores de banano<\/p>\n<p>(que movilizan hasta 70 camiones semanales)\u00a0<strong>ya no podr\u00e1 ingresar de forma regular debido a la p\u00e9rdida de competitividad por los impuestos<\/strong>.<strong>(I)<\/strong><\/p>\n<p><strong>Fuente:<\/strong> evafm.net &#8211; ecuavisa.com<\/p>\n<p>&nbsp;<\/p>\n<p>&nbsp;<\/p>\n<div class=\"gsp_post_data\" \r\n\t            data-post_type=\"post\" \r\n\t            data-cat=\"general,noticias-ecuador\" \r\n\t            data-modified=\"120\"\r\n\t            data-created=\"1769943833\"\r\n\t            data-title=\"Tr\u00e1fico r\u00e9cord en Rumichaca ante inminente inicio de guerra comercial entre Ecuador y Colombia\" \r\n\t            data-home=\"https:\/\/www.evafm.net\/sitio\"><\/div>","protected":false},"excerpt":{"rendered":"<p>Una jornada de intensa congesti\u00f3n se vivi\u00f3 este s\u00e1bado en el Puente Internacional de Rumichaca. Cientos de transportistas de carga pesada se apresuran a cruzar la frontera entre Ecuador y Colombia\u00a0antes de que entren en vigor\u00a0la guerra comercial\u00a0entre Ecuador y Colombia esta medianoche: una tasa del 30 % a los productos que se importen y&#8230;<\/p>\n","protected":false},"author":5,"featured_media":98746,"comment_status":"closed","ping_status":"open","sticky":false,"template":"","format":"standard","meta":{"_joinchat":[],"footnotes":""},"categories":[1720,1558],"tags":[],"class_list":["post-98745","post","type-post","status-publish","format-standard","has-post-thumbnail","hentry","category-general","category-noticias-ecuador","have-post-thumb"],"_links":{"self":[{"href":"https:\/\/www.evafm.net\/sitio\/wp-json\/wp\/v2\/posts\/98745","targetHints":{"allow":["GET"]}}],"collection":[{"href":"https:\/\/www.evafm.net\/sitio\/wp-json\/wp\/v2\/posts"}],"about":[{"href":"https:\/\/www.evafm.net\/sitio\/wp-json\/wp\/v2\/types\/post"}],"author":[{"embeddable":true,"href":"https:\/\/www.evafm.net\/sitio\/wp-json\/wp\/v2\/users\/5"}],"replies":[{"embeddable":true,"href":"https:\/\/www.evafm.net\/sitio\/wp-json\/wp\/v2\/comments?post=98745"}],"version-history":[{"count":1,"href":"https:\/\/www.evafm.net\/sitio\/wp-json\/wp\/v2\/posts\/98745\/revisions"}],"predecessor-version":[{"id":98747,"href":"https:\/\/www.evafm.net\/sitio\/wp-json\/wp\/v2\/posts\/98745\/revisions\/98747"}],"wp:featuredmedia":[{"embeddable":true,"href":"https:\/\/www.evafm.net\/sitio\/wp-json\/wp\/v2\/media\/98746"}],"wp:attachment":[{"href":"https:\/\/www.evafm.net\/sitio\/wp-json\/wp\/v2\/media?parent=98745"}],"wp:term":[{"taxonomy":"category","embeddable":true,"href":"https:\/\/www.evafm.net\/sitio\/wp-json\/wp\/v2\/categories?post=98745"},{"taxonomy":"post_tag","embeddable":true,"href":"https:\/\/www.evafm.net\/sitio\/wp-json\/wp\/v2\/tags?post=98745"}],"curies":[{"name":"wp","href":"https:\/\/api.w.org\/{rel}","templated":true}]}}